{"id":1099,"date":"2024-01-29T12:59:08","date_gmt":"2024-01-29T12:59:08","guid":{"rendered":"https:\/\/www.unioviedo.es\/grupoetic\/?p=1099"},"modified":"2024-10-25T08:30:10","modified_gmt":"2024-10-25T08:30:10","slug":"participacion-en-el-encuentro-migracion-y-construccion-de-paz-de-mpdl","status":"publish","type":"post","link":"https:\/\/www.unioviedo.es\/grupoetic\/participacion-en-el-encuentro-migracion-y-construccion-de-paz-de-mpdl\/","title":{"rendered":"Participaci\u00f3n en el encuentro &#8216;Migraci\u00f3n y construcci\u00f3n de paz&#8217; de MPDL"},"content":{"rendered":"<p><a href=\"http:\/\/www.unioviedo.es\/grupoetic\/wp-content\/uploads\/2024\/01\/240116-acto-migracion-web_2.jpg\"><img loading=\"lazy\" decoding=\"async\" class=\"aligncenter wp-image-1100\" src=\"http:\/\/www.unioviedo.es\/grupoetic\/wp-content\/uploads\/2024\/01\/240116-acto-migracion-web_2-1024x440.jpg\" alt=\"\" width=\"652\" height=\"280\" srcset=\"https:\/\/www.unioviedo.es\/grupoetic\/wp-content\/uploads\/2024\/01\/240116-acto-migracion-web_2-1024x440.jpg 1024w, https:\/\/www.unioviedo.es\/grupoetic\/wp-content\/uploads\/2024\/01\/240116-acto-migracion-web_2-300x129.jpg 300w, https:\/\/www.unioviedo.es\/grupoetic\/wp-content\/uploads\/2024\/01\/240116-acto-migracion-web_2-768x330.jpg 768w, https:\/\/www.unioviedo.es\/grupoetic\/wp-content\/uploads\/2024\/01\/240116-acto-migracion-web_2.jpg 1280w\" sizes=\"(max-width: 652px) 100vw, 652px\" \/><\/a><\/p>\n<p>La ONG Movimiento por la Paz y el Ayuntamiento de San Mart\u00edn del Rey Aurelio organizan el encuentro \u201c<a href=\"https:\/\/www.mpdl.org\/noticias\/encuentro-migracion-construccion-paz-asturias#sthash.57fizewL.dpbs\">Migraci\u00f3n y construcci\u00f3n de paz<\/a>\u201d el pr\u00f3ximo <strong>martes 30 de enero a las 18:00<\/strong> horas en el Aula Cultural Onofre Rojo en Sotrondio, San Mart\u00edn del Rey Aurelio (Asturias) con entrada libre. Este encuentro se programa como un espacio abierto y orientado a dar informaci\u00f3n de las migraciones desde diferentes dimensiones y enfoques de intervenci\u00f3n tanto de la sociedad civil como del \u00e1mbito institucional.<\/p>\n<p>Desde nuestro equipo de investigaci\u00f3n, participar\u00e1n los profesores Aquilina Fueyo y David Fern\u00e1ndez en la mesa \u00ab<strong><em>Justicia social y migraciones. Educar para la Ciudadan\u00eda Global, una respuesta urgente a la crisis ecosocial del s.XXI.<\/em><\/strong>\u00ab.\u00a0 <a href=\"https:\/\/www.mpdl.org\/noticias\/encuentro-migracion-construccion-paz-asturias#sthash.57fizewL.dpbs\">Aqu\u00ed puede consultarse el programa completo <\/a>de la jornada.<\/p>\n<p>&nbsp;<\/p>\n<p>&nbsp;<\/p>\n","protected":false},"excerpt":{"rendered":"<p>La ONG Movimiento por la Paz y el Ayuntamiento de San Mart\u00edn del Rey Aurelio organizan el encuentro \u201cMigraci\u00f3n y construcci\u00f3n de paz\u201d el pr\u00f3ximo martes 30 de enero a las 18:00 horas en el Aula Cultural Onofre Rojo en Sotrondio, San Mart\u00edn del Rey Aurelio (Asturias) con entrada libre. Este encuentro se programa como un espacio abierto y orientado a dar informaci\u00f3n de las migraciones desde diferentes dimensiones y enfoques de intervenci\u00f3n tanto de la sociedad civil como del \u00e1mbito institucional. Desde nuestro equipo de investigaci\u00f3n, participar\u00e1n los profesores Aquilina Fueyo y David Fern\u00e1ndez en la mesa \u00abJusticia social y migraciones. Educar para la Ciudadan\u00eda Global, una respuesta urgente a la crisis ecosocial del s.XXI.\u00ab.\u00a0 Aqu\u00ed puede consultarse el programa completo de la jornada. &nbsp; &nbsp;<\/p>\n","protected":false},"author":6,"featured_media":1100,"comment_status":"open","ping_status":"open","sticky":false,"template":"","format":"standard","meta":{"footnotes":""},"categories":[30,13,3],"tags":[31,25],"_links":{"self":[{"href":"https:\/\/www.unioviedo.es\/grupoetic\/wp-json\/wp\/v2\/posts\/1099"}],"collection":[{"href":"https:\/\/www.unioviedo.es\/grupoetic\/wp-json\/wp\/v2\/posts"}],"about":[{"href":"https:\/\/www.unioviedo.es\/grupoetic\/wp-json\/wp\/v2\/types\/post"}],"author":[{"embeddable":true,"href":"https:\/\/www.unioviedo.es\/grupoetic\/wp-json\/wp\/v2\/users\/6"}],"replies":[{"embeddable":true,"href":"https:\/\/www.unioviedo.es\/grupoetic\/wp-json\/wp\/v2\/comments?post=1099"}],"version-history":[{"count":2,"href":"https:\/\/www.unioviedo.es\/grupoetic\/wp-json\/wp\/v2\/posts\/1099\/revisions"}],"predecessor-version":[{"id":1102,"href":"https:\/\/www.unioviedo.es\/grupoetic\/wp-json\/wp\/v2\/posts\/1099\/revisions\/1102"}],"wp:featuredmedia":[{"embeddable":true,"href":"https:\/\/www.unioviedo.es\/grupoetic\/wp-json\/wp\/v2\/media\/1100"}],"wp:attachment":[{"href":"https:\/\/www.unioviedo.es\/grupoetic\/wp-json\/wp\/v2\/media?parent=1099"}],"wp:term":[{"taxonomy":"category","embeddable":true,"href":"https:\/\/www.unioviedo.es\/grupoetic\/wp-json\/wp\/v2\/categories?post=1099"},{"taxonomy":"post_tag","embeddable":true,"href":"https:\/\/www.unioviedo.es\/grupoetic\/wp-json\/wp\/v2\/tags?post=1099"}],"curies":[{"name":"wp","href":"https:\/\/api.w.org\/{rel}","templated":true}]}}