{"id":1153,"date":"2024-07-23T18:15:13","date_gmt":"2024-07-23T18:15:13","guid":{"rendered":"https:\/\/www.unioviedo.es\/grupoetic\/?p=1153"},"modified":"2025-06-20T21:00:05","modified_gmt":"2025-06-20T21:00:05","slug":"v-summer-school-responsabilidad-social-de-la-investigacion-educativa-ciencia-ciudadana-y-ciencia-abierta","status":"publish","type":"post","link":"https:\/\/www.unioviedo.es\/grupoetic\/v-summer-school-responsabilidad-social-de-la-investigacion-educativa-ciencia-ciudadana-y-ciencia-abierta\/","title":{"rendered":"V Summer School: Responsabilidad Social de la Investigaci\u00f3n Educativa, Ciencia Ciudadana y Ciencia Abierta"},"content":{"rendered":"<div id=\"attachment_1154\" style=\"width: 310px\" class=\"wp-caption alignright\"><a href=\"http:\/\/www.unioviedo.es\/grupoetic\/wp-content\/uploads\/2024\/07\/WhatsApp-Image-2024-07-19-at-16.55.29.jpeg\"><img loading=\"lazy\" decoding=\"async\" aria-describedby=\"caption-attachment-1154\" class=\"size-medium wp-image-1154\" src=\"http:\/\/www.unioviedo.es\/grupoetic\/wp-content\/uploads\/2024\/07\/WhatsApp-Image-2024-07-19-at-16.55.29-300x137.jpeg\" alt=\"\" width=\"300\" height=\"137\" srcset=\"https:\/\/www.unioviedo.es\/grupoetic\/wp-content\/uploads\/2024\/07\/WhatsApp-Image-2024-07-19-at-16.55.29-300x137.jpeg 300w, https:\/\/www.unioviedo.es\/grupoetic\/wp-content\/uploads\/2024\/07\/WhatsApp-Image-2024-07-19-at-16.55.29-1024x467.jpeg 1024w, https:\/\/www.unioviedo.es\/grupoetic\/wp-content\/uploads\/2024\/07\/WhatsApp-Image-2024-07-19-at-16.55.29-768x350.jpeg 768w, https:\/\/www.unioviedo.es\/grupoetic\/wp-content\/uploads\/2024\/07\/WhatsApp-Image-2024-07-19-at-16.55.29-1536x700.jpeg 1536w, https:\/\/www.unioviedo.es\/grupoetic\/wp-content\/uploads\/2024\/07\/WhatsApp-Image-2024-07-19-at-16.55.29-640x290.jpeg 640w, https:\/\/www.unioviedo.es\/grupoetic\/wp-content\/uploads\/2024\/07\/WhatsApp-Image-2024-07-19-at-16.55.29.jpeg 1946w\" sizes=\"(max-width: 300px) 100vw, 300px\" \/><\/a><p id=\"caption-attachment-1154\" class=\"wp-caption-text\">Adelina Calvo y Aquilina Fueyo durante su presentaci\u00f3n en la mesa redonda<\/p><\/div>\n<p>Los d\u00edas 11 y 12 de julio de 2024 tuvo lugar la <a href=\"https:\/\/reunid.eu\/2024\/04\/09\/v-summer-school-responsabilidad-social-de-la-investigacion-educativa-ciencia-ciudadana-y-ciencia-abierta\/\"><strong>V SUMMER SCHOOL<\/strong><\/a> organizada por la Red de Investigaci\u00f3n e Innovaci\u00f3n educativa <strong><a href=\"https:\/\/reunid.eu\/\">REUNI+D<\/a><\/strong>\u00a0 y por el <strong><a href=\"https:\/\/grupo.us.es\/giete\/?r=site\/page&amp;view=inicio\">Grupo GIETE<\/a> <\/strong>de la Universidad de Sevilla. Esta nueva edici\u00f3n\u00a0 estuvo centrada en torno a la ciencia abierta, la ciencia ciudadana y el papel transformador de la investigaci\u00f3n educativa en la sociedad. Como miembros de la red REUNI+D, los y las integrantes de nuestro equipo asistimos de forma presencial y online al evento.<\/p>\n<p>La jornada del jueves 11 de julio comenz\u00f3 con una ceremonia de inauguraci\u00f3n en el Aula de Grados, presidida por Alfonso Garc\u00eda Gonz\u00e1lez (Decano de la Facultad de Educaci\u00f3n de la Universidad de Sevilla), Roc\u00edo Anguita Mart\u00ednez (Coordinadora de REUNI+D ) y Teresa Gonz\u00e1lez Ram\u00edrez (Grupo GIETE de la Universidad de Sevilla).<\/p>\n<p>A continuaci\u00f3n, Marcela Pacheco de la Universidad Nacional de C\u00f3rdoba (Argentina) ofreci\u00f3 una conferencia titulada \u00abDel acceso abierto a la ciencia abierta: dilemas y desaf\u00edos de la experiencia argentina\u00bb, presentada por Adriana Gewerc de la Universidad de Santiago de Compostela. Esta ponencia abord\u00f3 los retos y oportunidades que plantea la transici\u00f3n hacia la ciencia abierta desde la experiencia argentina.<\/p>\n<p>La jornada finaliz\u00f3 con Azucena Hern\u00e1ndez, Yolanda Mart\u00edn y Ana Iglesias de la Universidad de Salamanca quienes presentaron una ponencia sobre \u00abCiencia ciudadana: Explorando los Laboratorios ciudadanos como espacios colaborativos\u00bb. Esta sesi\u00f3n, presentada por Almudena Oca\u00f1a de la Universidad de Granada, explor\u00f3 c\u00f3mo los laboratorios ciudadanos pueden ser espacios de colaboraci\u00f3n efectiva y aprendizaje compartido<\/p>\n<p>La ma\u00f1ana del viernes 12 de julio comenz\u00f3 con una ponencia de Amparo Miranda Maseda sobre las \u00abImplicaciones de la ciencia abierta en la formaci\u00f3n investigadora\u00bb, seguida de un coworking de doctorandos coordinado por Patricia Villaciervos Moreno. Este espacio permiti\u00f3 a los doctorandos y doctorandas poner en com\u00fan sus experiencias y generar sinergias. Las aportaciones de las doctorandas integrantes de nuestro grupo de investigaci\u00f3n pueden consultarse en los siguientes enlaces:<\/p>\n<p><a href=\"https:\/\/www.powtoon.com\/c\/buUox9Wu4sZ\/2\/m\">Videojuegos y curr\u00edculo<\/a><\/p>\n<p><a href=\"https:\/\/www.youtube.com\/watch?v=7UvD7vinDkA&amp;t=1s\">Ciudadan\u00eda global y juventud asturiana<\/a><\/p>\n<p><a href=\"https:\/\/www.youtube.com\/watch?v=OhjNXMOWsR4&amp;t=1s\">Resistencias desde el margen<\/a><\/p>\n<p><a href=\"https:\/\/www.youtube.com\/watch?v=SdsmsXfUYVE\">El Dise\u00f1o Universal de Aprendizaje (DUA)<\/a><\/p>\n<p><a href=\"https:\/\/www.youtube.com\/watch?v=OsCj9Gu7SiU&amp;t=1s\">Inteligencia artificial y el futuro de la educaci\u00f3n superior<\/a><\/p>\n<p>La sesi\u00f3n continu\u00f3 con la mesa redonda \u00abInvestigaci\u00f3n educativa: Responsabilidad, compromiso y transformaci\u00f3n social\u00bb, coordinada por Cristina Alonso Cano de la Universidad de Barcelona. En ella participaron Ana Garc\u00eda Valc\u00e1rcel, Juan Antonio Barrera, Adelina Calvo de la Universidad de Cantabria, y la IP de nuestro grupo de investigaci\u00f3n, Aquilina Fueyo. Una vez concluida esta mesa se procedi\u00f3 a la clausura de la V SUMMER SCHOOL.<\/p>\n<div id=\"title\" class=\"style-scope ytd-watch-metadata\">\n<h4 class=\"style-scope ytd-watch-metadata\"><a href=\"https:\/\/www.youtube.com\/watch?v=I-jHEcODZZs\">Coinvestigar para desafiar los l\u00edmites de la Ciudadan\u00eda Global (parte 1)<\/a><\/h4>\n<\/div>\n<h4 class=\"style-scope ytd-watch-metadata\"><a href=\"http:\/\/Coinvestigar para desafiar los l\u00edmites de la Ciudadan\u00eda Global (parte 2)\">Grabaci\u00f3n de la sesi\u00f3n coinvestigar para desafiar los l\u00edmites de la Ciudadan\u00eda Global (parte 2)<\/a><\/h4>\n<p>En nombre de nuestro grupo de investigaci\u00f3n queremos dar las gracias a la Red <strong><a href=\"https:\/\/reunid.eu\/\">REUNI+D<\/a><\/strong>\u00a0 y a toda la organizaci\u00f3n por haber hecho posible este enriquecedor encuentro.<\/p>\n","protected":false},"excerpt":{"rendered":"<p>Los d\u00edas 11 y 12 de julio de 2024 tuvo lugar la V SUMMER SCHOOL organizada por la Red de Investigaci\u00f3n e Innovaci\u00f3n educativa REUNI+D\u00a0 y por el Grupo GIETE de la Universidad de Sevilla. Esta nueva edici\u00f3n\u00a0 estuvo centrada en torno a la ciencia abierta, la ciencia ciudadana y el papel transformador de la investigaci\u00f3n educativa en la sociedad. Como miembros de la red REUNI+D, los y las integrantes de nuestro equipo asistimos de forma presencial y online al evento. La jornada del jueves 11 de julio comenz\u00f3 con una ceremonia de inauguraci\u00f3n en el Aula de Grados, presidida por Alfonso Garc\u00eda Gonz\u00e1lez (Decano de la Facultad de Educaci\u00f3n de la Universidad de Sevilla), Roc\u00edo Anguita Mart\u00ednez (Coordinadora de REUNI+D ) y Teresa Gonz\u00e1lez Ram\u00edrez (Grupo GIETE de la Universidad de Sevilla). A continuaci\u00f3n, Marcela Pacheco de la Universidad Nacional de C\u00f3rdoba (Argentina) ofreci\u00f3 una conferencia titulada \u00abDel acceso abierto a la ciencia abierta: dilemas y desaf\u00edos de la experiencia argentina\u00bb, presentada por Adriana Gewerc de la Universidad de Santiago de Compostela. Esta ponencia abord\u00f3 los retos y oportunidades que plantea la transici\u00f3n hacia la ciencia abierta desde la experiencia argentina. La jornada finaliz\u00f3 con Azucena Hern\u00e1ndez, Yolanda Mart\u00edn [&hellip;]<\/p>\n","protected":false},"author":7,"featured_media":1154,"comment_status":"open","ping_status":"open","sticky":false,"template":"","format":"standard","meta":{"footnotes":""},"categories":[30,28,3],"tags":[],"_links":{"self":[{"href":"https:\/\/www.unioviedo.es\/grupoetic\/wp-json\/wp\/v2\/posts\/1153"}],"collection":[{"href":"https:\/\/www.unioviedo.es\/grupoetic\/wp-json\/wp\/v2\/posts"}],"about":[{"href":"https:\/\/www.unioviedo.es\/grupoetic\/wp-json\/wp\/v2\/types\/post"}],"author":[{"embeddable":true,"href":"https:\/\/www.unioviedo.es\/grupoetic\/wp-json\/wp\/v2\/users\/7"}],"replies":[{"embeddable":true,"href":"https:\/\/www.unioviedo.es\/grupoetic\/wp-json\/wp\/v2\/comments?post=1153"}],"version-history":[{"count":10,"href":"https:\/\/www.unioviedo.es\/grupoetic\/wp-json\/wp\/v2\/posts\/1153\/revisions"}],"predecessor-version":[{"id":1712,"href":"https:\/\/www.unioviedo.es\/grupoetic\/wp-json\/wp\/v2\/posts\/1153\/revisions\/1712"}],"wp:featuredmedia":[{"embeddable":true,"href":"https:\/\/www.unioviedo.es\/grupoetic\/wp-json\/wp\/v2\/media\/1154"}],"wp:attachment":[{"href":"https:\/\/www.unioviedo.es\/grupoetic\/wp-json\/wp\/v2\/media?parent=1153"}],"wp:term":[{"taxonomy":"category","embeddable":true,"href":"https:\/\/www.unioviedo.es\/grupoetic\/wp-json\/wp\/v2\/categories?post=1153"},{"taxonomy":"post_tag","embeddable":true,"href":"https:\/\/www.unioviedo.es\/grupoetic\/wp-json\/wp\/v2\/tags?post=1153"}],"curies":[{"name":"wp","href":"https:\/\/api.w.org\/{rel}","templated":true}]}}