{"id":1201,"date":"2024-09-18T07:37:56","date_gmt":"2024-09-18T07:37:56","guid":{"rendered":"https:\/\/www.unioviedo.es\/grupoetic\/?p=1201"},"modified":"2024-10-23T11:14:58","modified_gmt":"2024-10-23T11:14:58","slug":"ietic-evea-en-la-noche-europea-de-investigadores-e-investigadoras-2024","status":"publish","type":"post","link":"https:\/\/www.unioviedo.es\/grupoetic\/ietic-evea-en-la-noche-europea-de-investigadores-e-investigadoras-2024\/","title":{"rendered":"IETIC-EVEA en la Noche Europea de Investigadores e Investigadoras 2024"},"content":{"rendered":"<p><a href=\"http:\/\/www.unioviedo.es\/grupoetic\/wp-content\/uploads\/2024\/09\/cartel-global-quest.png\"><img loading=\"lazy\" decoding=\"async\" class=\"size-medium wp-image-1202 alignleft\" src=\"http:\/\/www.unioviedo.es\/grupoetic\/wp-content\/uploads\/2024\/09\/cartel-global-quest-212x300.png\" alt=\"\" width=\"212\" height=\"300\" srcset=\"https:\/\/www.unioviedo.es\/grupoetic\/wp-content\/uploads\/2024\/09\/cartel-global-quest-212x300.png 212w, https:\/\/www.unioviedo.es\/grupoetic\/wp-content\/uploads\/2024\/09\/cartel-global-quest-723x1024.png 723w, https:\/\/www.unioviedo.es\/grupoetic\/wp-content\/uploads\/2024\/09\/cartel-global-quest-768x1087.png 768w, https:\/\/www.unioviedo.es\/grupoetic\/wp-content\/uploads\/2024\/09\/cartel-global-quest.png 917w\" sizes=\"(max-width: 212px) 100vw, 212px\" \/><\/a><span data-contrast=\"auto\">El Grupo de Investigaci\u00f3n IETIC-EVEA participa otro a\u00f1o m\u00e1s en la Noche Europea de Investigadores e Investigadoras. Esta Noche, que tiene lugar simult\u00e1neamente en m\u00faltiples ciudades europeas, tiene sus espacios en Asturias el viernes 27 de septiembre, de 18:00 a 22:00, en el Edificio Hist\u00f3rico de la Universidad de Oviedo (<\/span><a href=\"https:\/\/maps.app.goo.gl\/KE77LgyMHw1oZyGD6\"><span data-contrast=\"none\">C\/ San Francisco, 3, 33003<\/span><\/a><span data-contrast=\"auto\">, Oviedo) y la Colegiata de San Juan Bautista (<\/span><a href=\"https:\/\/maps.app.goo.gl\/7UQbAndAMwtYTebc6\"><span data-contrast=\"none\">C\/ Colegiata, Centro, 33201<\/span><\/a><span data-contrast=\"auto\">, Gij\u00f3n).<\/span><span data-ccp-props=\"{&quot;201341983&quot;:0,&quot;335559739&quot;:160,&quot;335559740&quot;:279}\">\u00a0<\/span><\/p>\n<p><span data-contrast=\"auto\">Animamos a que veng\u00e1is al <\/span><b><i><span data-contrast=\"auto\">stand <\/span><\/i><\/b><b><span data-contrast=\"auto\">40 del Edificio Hist\u00f3rico en Oviedo<\/span><\/b><span data-contrast=\"auto\">, donde podr\u00e9is encontrarnos para jugar y descubrir sobre ciudadan\u00eda global de la mano del juego <\/span><b><span data-contrast=\"auto\">Global Quest<\/span><\/b><span data-contrast=\"auto\"> y otras actividades generadas desde el proyecto <\/span><a href=\"https:\/\/www.unioviedo.es\/grupoetic\/id-conciudadaniaglobal\/\"><span data-contrast=\"none\">\u00abLa construcci\u00f3n de ciudadan\u00eda global con personas j\u00f3venes\u00bb(MCI-21-PID2020-114476RB-C22)<\/span><\/a><span data-contrast=\"auto\">. La entrada es libre y gratuita.<\/span><span data-ccp-props=\"{&quot;201341983&quot;:0,&quot;335559739&quot;:160,&quot;335559740&quot;:279}\"><br \/>\n<\/span><\/p>\n<p>&nbsp;<\/p>\n<p>&nbsp;<\/p>\n<p><span data-contrast=\"auto\">M\u00e1s informaci\u00f3n:<\/span><\/p>\n<p><a href=\"https:\/\/www.instagram.com\/p\/C_2ylJwNfcF\/\"><span data-contrast=\"none\">UODivulga \u2013 Plano de Stands del Edificio Hist\u00f3rico<\/span><\/a><span data-ccp-props=\"{&quot;201341983&quot;:0,&quot;335559739&quot;:160,&quot;335559740&quot;:279}\">\u00a0<\/span><\/p>\n<p>&nbsp;<\/p>\n","protected":false},"excerpt":{"rendered":"<p>El Grupo de Investigaci\u00f3n IETIC-EVEA participa otro a\u00f1o m\u00e1s en la Noche Europea de Investigadores e Investigadoras. Esta Noche, que tiene lugar simult\u00e1neamente en m\u00faltiples ciudades europeas, tiene sus espacios en Asturias el viernes 27 de septiembre, de 18:00 a 22:00, en el Edificio Hist\u00f3rico de la Universidad de Oviedo (C\/ San Francisco, 3, 33003, Oviedo) y la Colegiata de San Juan Bautista (C\/ Colegiata, Centro, 33201, Gij\u00f3n).\u00a0 Animamos a que veng\u00e1is al stand 40 del Edificio Hist\u00f3rico en Oviedo, donde podr\u00e9is encontrarnos para jugar y descubrir sobre ciudadan\u00eda global de la mano del juego Global Quest y otras actividades generadas desde el proyecto \u00abLa construcci\u00f3n de ciudadan\u00eda global con personas j\u00f3venes\u00bb(MCI-21-PID2020-114476RB-C22). La entrada es libre y gratuita. &nbsp; &nbsp; M\u00e1s informaci\u00f3n: UODivulga \u2013 Plano de Stands del Edificio Hist\u00f3rico\u00a0 &nbsp;<\/p>\n","protected":false},"author":8,"featured_media":1202,"comment_status":"open","ping_status":"open","sticky":false,"template":"","format":"standard","meta":{"footnotes":""},"categories":[30,28,3],"tags":[],"_links":{"self":[{"href":"https:\/\/www.unioviedo.es\/grupoetic\/wp-json\/wp\/v2\/posts\/1201"}],"collection":[{"href":"https:\/\/www.unioviedo.es\/grupoetic\/wp-json\/wp\/v2\/posts"}],"about":[{"href":"https:\/\/www.unioviedo.es\/grupoetic\/wp-json\/wp\/v2\/types\/post"}],"author":[{"embeddable":true,"href":"https:\/\/www.unioviedo.es\/grupoetic\/wp-json\/wp\/v2\/users\/8"}],"replies":[{"embeddable":true,"href":"https:\/\/www.unioviedo.es\/grupoetic\/wp-json\/wp\/v2\/comments?post=1201"}],"version-history":[{"count":3,"href":"https:\/\/www.unioviedo.es\/grupoetic\/wp-json\/wp\/v2\/posts\/1201\/revisions"}],"predecessor-version":[{"id":1344,"href":"https:\/\/www.unioviedo.es\/grupoetic\/wp-json\/wp\/v2\/posts\/1201\/revisions\/1344"}],"wp:featuredmedia":[{"embeddable":true,"href":"https:\/\/www.unioviedo.es\/grupoetic\/wp-json\/wp\/v2\/media\/1202"}],"wp:attachment":[{"href":"https:\/\/www.unioviedo.es\/grupoetic\/wp-json\/wp\/v2\/media?parent=1201"}],"wp:term":[{"taxonomy":"category","embeddable":true,"href":"https:\/\/www.unioviedo.es\/grupoetic\/wp-json\/wp\/v2\/categories?post=1201"},{"taxonomy":"post_tag","embeddable":true,"href":"https:\/\/www.unioviedo.es\/grupoetic\/wp-json\/wp\/v2\/tags?post=1201"}],"curies":[{"name":"wp","href":"https:\/\/api.w.org\/{rel}","templated":true}]}}