{"id":1207,"date":"2024-09-18T17:32:51","date_gmt":"2024-09-18T17:32:51","guid":{"rendered":"https:\/\/www.unioviedo.es\/grupoetic\/?p=1207"},"modified":"2024-09-29T21:11:42","modified_gmt":"2024-09-29T21:11:42","slug":"conferencia-practicas-educativas-en-educacion-mediatica-feminista-construyendo-pedagogias-criticas-universidad-pedagogica-nacional-v-coloquio-de-estudios-de-genero-y-educacion","status":"publish","type":"post","link":"https:\/\/www.unioviedo.es\/grupoetic\/conferencia-practicas-educativas-en-educacion-mediatica-feminista-construyendo-pedagogias-criticas-universidad-pedagogica-nacional-v-coloquio-de-estudios-de-genero-y-educacion\/","title":{"rendered":"Conferencia \u00abPr\u00e1cticas Educativas en educaci\u00f3n medi\u00e1tica feminista, construyendo pedagog\u00edas cr\u00edticas\u00bb. Universidad Pedag\u00f3gica Nacional. V Coloquio de Estudios de G\u00e9nero y Educaci\u00f3n"},"content":{"rendered":"<p>&nbsp;<\/p>\n<p>En el contexto de los estudios sobre ciudadan\u00eda global se sit\u00faa la educaci\u00f3n medi\u00e1tica feminista como una v\u00eda para\u00a0 la igualdad de g\u00e9nero. En esta conferencia\u00a0 la\u00a0 doctora Aquilina Fueyo aborda las claves de una pedagog\u00eda critica que sirva para poner en evidencia la desigualdad que se crea en las representaciones de las mujeres que circulan en el ecosistema comunicativo digital y las herramientas y metodolog\u00edas que se pueden emplear para una educaci\u00f3n medi\u00e1tica de la ciudadan\u00eda que aborde el reto global de conseguir la igualdad de g\u00e9nero.<\/p>\n<p>Se puede acceder a la conferencia completa en el siguiente enlace:\u00a0 <a href=\"https:\/\/www.youtube.com\/live\/ZM7szhKVrUk\">https:\/\/www.youtube.com\/live\/ZM7szhKVrUk<\/a><\/p>\n<p><a href=\"http:\/\/www.unioviedo.es\/grupoetic\/wp-content\/uploads\/2024\/09\/WIN_20240918_16_03_22_Pro.jpg\"><img loading=\"lazy\" decoding=\"async\" class=\"wp-image-1210 alignright\" src=\"http:\/\/www.unioviedo.es\/grupoetic\/wp-content\/uploads\/2024\/09\/WIN_20240918_16_03_22_Pro-290x290.jpg\" alt=\"\" width=\"347\" height=\"347\" srcset=\"https:\/\/www.unioviedo.es\/grupoetic\/wp-content\/uploads\/2024\/09\/WIN_20240918_16_03_22_Pro-290x290.jpg 290w, https:\/\/www.unioviedo.es\/grupoetic\/wp-content\/uploads\/2024\/09\/WIN_20240918_16_03_22_Pro-50x50.jpg 50w\" sizes=\"(max-width: 347px) 100vw, 347px\" \/><\/a><img loading=\"lazy\" decoding=\"async\" class=\"aligncenter wp-image-1209\" src=\"http:\/\/www.unioviedo.es\/grupoetic\/wp-content\/uploads\/2024\/09\/Captura-de-pantalla-2024-09-18-192631-290x290.png\" alt=\"\" width=\"356\" height=\"356\" srcset=\"https:\/\/www.unioviedo.es\/grupoetic\/wp-content\/uploads\/2024\/09\/Captura-de-pantalla-2024-09-18-192631-290x290.png 290w, https:\/\/www.unioviedo.es\/grupoetic\/wp-content\/uploads\/2024\/09\/Captura-de-pantalla-2024-09-18-192631-50x50.png 50w\" sizes=\"(max-width: 356px) 100vw, 356px\" \/><\/p>\n","protected":false},"excerpt":{"rendered":"<p>&nbsp; En el contexto de los estudios sobre ciudadan\u00eda global se sit\u00faa la educaci\u00f3n medi\u00e1tica feminista como una v\u00eda para\u00a0 la igualdad de g\u00e9nero. En esta conferencia\u00a0 la\u00a0 doctora Aquilina Fueyo aborda las claves de una pedagog\u00eda critica que sirva para poner en evidencia la desigualdad que se crea en las representaciones de las mujeres que circulan en el ecosistema comunicativo digital y las herramientas y metodolog\u00edas que se pueden emplear para una educaci\u00f3n medi\u00e1tica de la ciudadan\u00eda que aborde el reto global de conseguir la igualdad de g\u00e9nero. Se puede acceder a la conferencia completa en el siguiente enlace:\u00a0 https:\/\/www.youtube.com\/live\/ZM7szhKVrUk<\/p>\n","protected":false},"author":1,"featured_media":1210,"comment_status":"open","ping_status":"open","sticky":false,"template":"","format":"standard","meta":{"footnotes":""},"categories":[3],"tags":[],"_links":{"self":[{"href":"https:\/\/www.unioviedo.es\/grupoetic\/wp-json\/wp\/v2\/posts\/1207"}],"collection":[{"href":"https:\/\/www.unioviedo.es\/grupoetic\/wp-json\/wp\/v2\/posts"}],"about":[{"href":"https:\/\/www.unioviedo.es\/grupoetic\/wp-json\/wp\/v2\/types\/post"}],"author":[{"embeddable":true,"href":"https:\/\/www.unioviedo.es\/grupoetic\/wp-json\/wp\/v2\/users\/1"}],"replies":[{"embeddable":true,"href":"https:\/\/www.unioviedo.es\/grupoetic\/wp-json\/wp\/v2\/comments?post=1207"}],"version-history":[{"count":3,"href":"https:\/\/www.unioviedo.es\/grupoetic\/wp-json\/wp\/v2\/posts\/1207\/revisions"}],"predecessor-version":[{"id":1394,"href":"https:\/\/www.unioviedo.es\/grupoetic\/wp-json\/wp\/v2\/posts\/1207\/revisions\/1394"}],"wp:featuredmedia":[{"embeddable":true,"href":"https:\/\/www.unioviedo.es\/grupoetic\/wp-json\/wp\/v2\/media\/1210"}],"wp:attachment":[{"href":"https:\/\/www.unioviedo.es\/grupoetic\/wp-json\/wp\/v2\/media?parent=1207"}],"wp:term":[{"taxonomy":"category","embeddable":true,"href":"https:\/\/www.unioviedo.es\/grupoetic\/wp-json\/wp\/v2\/categories?post=1207"},{"taxonomy":"post_tag","embeddable":true,"href":"https:\/\/www.unioviedo.es\/grupoetic\/wp-json\/wp\/v2\/tags?post=1207"}],"curies":[{"name":"wp","href":"https:\/\/api.w.org\/{rel}","templated":true}]}}