{"id":1455,"date":"2024-12-19T21:15:56","date_gmt":"2024-12-19T21:15:56","guid":{"rendered":"https:\/\/www.unioviedo.es\/grupoetic\/?p=1455"},"modified":"2024-12-19T21:30:00","modified_gmt":"2024-12-19T21:30:00","slug":"curso-enfoques-y-metodologias-participativas-en-educacion-para-la-ciudadania-global","status":"publish","type":"post","link":"https:\/\/www.unioviedo.es\/grupoetic\/curso-enfoques-y-metodologias-participativas-en-educacion-para-la-ciudadania-global\/","title":{"rendered":"Curso Enfoques y Metodolog\u00edas participativas en Educaci\u00f3n para la Ciudadan\u00eda Global"},"content":{"rendered":"<div data-olk-copy-source=\"MessageBody\"><a href=\"http:\/\/www.unioviedo.es\/grupoetic\/wp-content\/uploads\/2024\/12\/Captura-de-pantalla-2024-12-19-a-las-22.19.59.png\"><img loading=\"lazy\" decoding=\"async\" class=\"alignnone size-medium wp-image-1463\" src=\"http:\/\/www.unioviedo.es\/grupoetic\/wp-content\/uploads\/2024\/12\/Captura-de-pantalla-2024-12-19-a-las-22.19.59-300x211.png\" alt=\"\" width=\"300\" height=\"211\" srcset=\"https:\/\/www.unioviedo.es\/grupoetic\/wp-content\/uploads\/2024\/12\/Captura-de-pantalla-2024-12-19-a-las-22.19.59-300x211.png 300w, https:\/\/www.unioviedo.es\/grupoetic\/wp-content\/uploads\/2024\/12\/Captura-de-pantalla-2024-12-19-a-las-22.19.59-1024x721.png 1024w, https:\/\/www.unioviedo.es\/grupoetic\/wp-content\/uploads\/2024\/12\/Captura-de-pantalla-2024-12-19-a-las-22.19.59-768x541.png 768w, https:\/\/www.unioviedo.es\/grupoetic\/wp-content\/uploads\/2024\/12\/Captura-de-pantalla-2024-12-19-a-las-22.19.59.png 1204w\" sizes=\"(max-width: 300px) 100vw, 300px\" \/><\/a><\/div>\n<div data-olk-copy-source=\"MessageBody\"><\/div>\n<div style=\"text-align: left;\" data-olk-copy-source=\"MessageBody\">Como acci\u00f3n final de\u00a0 nuestro proyecto de investigaci\u00f3n <i>\u00abConstruir ciudadan\u00eda global con personas j\u00f3venes\u00bb desarrollaremos <\/i>\u00a0el curso \u00ab<i>Enfoques y metodolog\u00edas\u00a0<\/i><i>participativas en Educaci\u00f3n\u00a0<\/i><i>para la Ciudadan\u00eda Global\u00bb<\/i>, en el que vamos a compartir algunos de los resultados que\u00a0 hemos ido alcanzando, as\u00ed como experiencias\u00a0 que ya se est\u00e1n realizando desde esos enfoques.\u00a0 El curso dirigido al profesorado y a otras personas que trabajen en el \u00e1mbito de la educaci\u00f3n para la\u00a0 ciudadan\u00eda global se desarrollar\u00e1 en la Facultad de Formaci\u00f3n de Profesorado y Educaci\u00f3n\u00a0 en horario de 4:30 a 7 de la tarde, los d\u00edas 13, 15,\u00a0 20, 22 y 29 de Enero. La inscripci\u00f3n\u00a0 estar\u00e1 abierto hasta el d\u00eda 8 de Enero. Nos encantar\u00eda contar con la presencia de todas aquellas personas y entidades que,\u00a0 en los \u00faltimos 4 a\u00f1os, hab\u00e9is colaborado con nosotras en este proyecto.<\/div>\n<div><\/div>\n<div><\/div>\n<div><\/div>\n<div><\/div>\n<div>M\u00e1s informaci\u00f3n: mafueyo@uniovi.es<\/div>\n<div><a href=\"http:\/\/www.unioviedo.es\/grupoetic\/wp-content\/uploads\/2024\/12\/CIUDADANIA-GLOBAL-20-CPR.pdf\">CIUDADANI\u0301A GLOBAL-20 CPR<\/a><\/div>\n<div><a href=\"http:\/\/www.unioviedo.es\/grupoetic\/wp-content\/uploads\/2024\/12\/CIUDADANIA-GLOBAL-20Agencia.pdf\">CIUDADANI\u0301A GLOBAL-20Agencia<\/a><\/div>\n","protected":false},"excerpt":{"rendered":"<p>Como acci\u00f3n final de\u00a0 nuestro proyecto de investigaci\u00f3n \u00abConstruir ciudadan\u00eda global con personas j\u00f3venes\u00bb desarrollaremos \u00a0el curso \u00abEnfoques y metodolog\u00edas\u00a0participativas en Educaci\u00f3n\u00a0para la Ciudadan\u00eda Global\u00bb, en el que vamos a compartir algunos de los resultados que\u00a0 hemos ido alcanzando, as\u00ed como experiencias\u00a0 que ya se est\u00e1n realizando desde esos enfoques.\u00a0 El curso dirigido al profesorado y a otras personas que trabajen en el \u00e1mbito de la educaci\u00f3n para la\u00a0 ciudadan\u00eda global se desarrollar\u00e1 en la Facultad de Formaci\u00f3n de Profesorado y Educaci\u00f3n\u00a0 en horario de 4:30 a 7 de la tarde, los d\u00edas 13, 15,\u00a0 20, 22 y 29 de Enero. La inscripci\u00f3n\u00a0 estar\u00e1 abierto hasta el d\u00eda 8 de Enero. Nos encantar\u00eda contar con la presencia de todas aquellas personas y entidades que,\u00a0 en los \u00faltimos 4 a\u00f1os, hab\u00e9is colaborado con nosotras en este proyecto. M\u00e1s informaci\u00f3n: mafueyo@uniovi.es CIUDADANI\u0301A GLOBAL-20 CPR CIUDADANI\u0301A GLOBAL-20Agencia<\/p>\n","protected":false},"author":5,"featured_media":1465,"comment_status":"open","ping_status":"open","sticky":false,"template":"","format":"standard","meta":{"footnotes":""},"categories":[3],"tags":[],"_links":{"self":[{"href":"https:\/\/www.unioviedo.es\/grupoetic\/wp-json\/wp\/v2\/posts\/1455"}],"collection":[{"href":"https:\/\/www.unioviedo.es\/grupoetic\/wp-json\/wp\/v2\/posts"}],"about":[{"href":"https:\/\/www.unioviedo.es\/grupoetic\/wp-json\/wp\/v2\/types\/post"}],"author":[{"embeddable":true,"href":"https:\/\/www.unioviedo.es\/grupoetic\/wp-json\/wp\/v2\/users\/5"}],"replies":[{"embeddable":true,"href":"https:\/\/www.unioviedo.es\/grupoetic\/wp-json\/wp\/v2\/comments?post=1455"}],"version-history":[{"count":5,"href":"https:\/\/www.unioviedo.es\/grupoetic\/wp-json\/wp\/v2\/posts\/1455\/revisions"}],"predecessor-version":[{"id":1464,"href":"https:\/\/www.unioviedo.es\/grupoetic\/wp-json\/wp\/v2\/posts\/1455\/revisions\/1464"}],"wp:featuredmedia":[{"embeddable":true,"href":"https:\/\/www.unioviedo.es\/grupoetic\/wp-json\/wp\/v2\/media\/1465"}],"wp:attachment":[{"href":"https:\/\/www.unioviedo.es\/grupoetic\/wp-json\/wp\/v2\/media?parent=1455"}],"wp:term":[{"taxonomy":"category","embeddable":true,"href":"https:\/\/www.unioviedo.es\/grupoetic\/wp-json\/wp\/v2\/categories?post=1455"},{"taxonomy":"post_tag","embeddable":true,"href":"https:\/\/www.unioviedo.es\/grupoetic\/wp-json\/wp\/v2\/tags?post=1455"}],"curies":[{"name":"wp","href":"https:\/\/api.w.org\/{rel}","templated":true}]}}