{"id":1467,"date":"2024-12-20T09:24:06","date_gmt":"2024-12-20T09:24:06","guid":{"rendered":"https:\/\/www.unioviedo.es\/grupoetic\/?p=1467"},"modified":"2025-01-21T10:33:29","modified_gmt":"2025-01-21T10:33:29","slug":"webinario-juventud-investigando-sobre-temas-globales","status":"publish","type":"post","link":"https:\/\/www.unioviedo.es\/grupoetic\/webinario-juventud-investigando-sobre-temas-globales\/","title":{"rendered":"Webinario \u201cJuventud investigando sobre temas globales\u201d"},"content":{"rendered":"<p><a href=\"http:\/\/www.unioviedo.es\/grupoetic\/wp-content\/uploads\/2024\/12\/39eb1b_8fb00217ebc94bbe9addc383cb8ccba4mv2.png\"><img loading=\"lazy\" decoding=\"async\" class=\"aligncenter wp-image-1468\" src=\"http:\/\/www.unioviedo.es\/grupoetic\/wp-content\/uploads\/2024\/12\/39eb1b_8fb00217ebc94bbe9addc383cb8ccba4mv2-1024x512.png\" alt=\"\" width=\"674\" height=\"337\" srcset=\"https:\/\/www.unioviedo.es\/grupoetic\/wp-content\/uploads\/2024\/12\/39eb1b_8fb00217ebc94bbe9addc383cb8ccba4mv2-1024x512.png 1024w, https:\/\/www.unioviedo.es\/grupoetic\/wp-content\/uploads\/2024\/12\/39eb1b_8fb00217ebc94bbe9addc383cb8ccba4mv2-300x150.png 300w, https:\/\/www.unioviedo.es\/grupoetic\/wp-content\/uploads\/2024\/12\/39eb1b_8fb00217ebc94bbe9addc383cb8ccba4mv2-768x384.png 768w, https:\/\/www.unioviedo.es\/grupoetic\/wp-content\/uploads\/2024\/12\/39eb1b_8fb00217ebc94bbe9addc383cb8ccba4mv2.png 1200w\" sizes=\"(max-width: 674px) 100vw, 674px\" \/><\/a><\/p>\n<p>Desde el Equipo IETIC-EVEA participamos en el Webinar \u00ab<a href=\"https:\/\/angel-network.net\/WS_YP_Researchers\"><strong>Juventud investigando sobre temas globales<\/strong><\/a>\u00bb el cual tiene \u00a0como objetivo abrir un debate con expertos sobre la viabilidad de involucrar directamente a los j\u00f3venes en el dise\u00f1o y el proceso de investigaci\u00f3n sobre ciudadan\u00eda global. El seminario tendr\u00e1 lugar el pr\u00f3ximo <strong>Mi\u00e9rcoles, 22 Enero de 2025 a las 17:00 h (hora espa\u00f1ola) a trav\u00e9s de Zoom<\/strong>. El evento ser\u00e1 accesible tanto para hablantes de ingl\u00e9s como de espa\u00f1ol a trav\u00e9s de traducci\u00f3n simult\u00e1nea.<\/p>\n<p>Para poder apuntarse hay que registrarse en <a href=\"https:\/\/angel-network.net\/WS_YP_Researchers\">est\u00e1 p\u00e1gina<\/a>.<\/p>\n<div data-breakout=\"normal\">\n<p id=\"viewer-buo0a1072\" class=\"SFG-K RJWgX soCUY E8vnw\" dir=\"auto\"><span class=\"T1Eox\">Este evento forma parte del las acciones desarrolladas en el marco del proyecto <a href=\"https:\/\/www.unioviedo.es\/grupoetic\/globalabs\/\"><em>Investigaci\u00f3n participativa en laboratorios juveniles de ciudadan\u00eda global (GlobaLabs)<\/em><\/a>*\u00a0 as\u00ed como de una serie de eventos en l\u00ednea organizados por la <a href=\"https:\/\/angel-network.net\/\">Red Acad\u00e9mica para la Educaci\u00f3n y el Aprendizaje Global<\/a> orientados a\u00a0 profesionales y cualquier persona interesada en el campo de la Educaci\u00f3n para la Ciudadan\u00eda Global.\u00a0<\/span><\/p>\n<\/div>\n<div data-hook=\"rcv-block7\">\u00a0\u00a1Esperamos veros all\u00ed!<\/div>\n<div data-hook=\"rcv-block7\"><span style=\"color: #ffffff;\">I<\/span><\/div>\n<div data-hook=\"rcv-block7\"><span style=\"color: #ffffff;\">I<\/span><\/div>\n<h6 data-hook=\"rcv-block7\">* <em>Proyecto Financiado por el Ministerio de Ciencia, Investigaci\u00f3n y Universidades (MICIU). Convocatoria e Generaci\u00f3n del conocimiento 2023. PID2023-146088OB-C32<\/em><\/h6>\n<div data-hook=\"rcv-block7\"><\/div>\n","protected":false},"excerpt":{"rendered":"<p>Desde el Equipo IETIC-EVEA participamos en el Webinar \u00abJuventud investigando sobre temas globales\u00bb el cual tiene \u00a0como objetivo abrir un debate con expertos sobre la viabilidad de involucrar directamente a los j\u00f3venes en el dise\u00f1o y el proceso de investigaci\u00f3n sobre ciudadan\u00eda global. El seminario tendr\u00e1 lugar el pr\u00f3ximo Mi\u00e9rcoles, 22 Enero de 2025 a las 17:00 h (hora espa\u00f1ola) a trav\u00e9s de Zoom. El evento ser\u00e1 accesible tanto para hablantes de ingl\u00e9s como de espa\u00f1ol a trav\u00e9s de traducci\u00f3n simult\u00e1nea. Para poder apuntarse hay que registrarse en est\u00e1 p\u00e1gina. Este evento forma parte del las acciones desarrolladas en el marco del proyecto Investigaci\u00f3n participativa en laboratorios juveniles de ciudadan\u00eda global (GlobaLabs)*\u00a0 as\u00ed como de una serie de eventos en l\u00ednea organizados por la Red Acad\u00e9mica para la Educaci\u00f3n y el Aprendizaje Global orientados a\u00a0 profesionales y cualquier persona interesada en el campo de la Educaci\u00f3n para la Ciudadan\u00eda Global.\u00a0 \u00a0\u00a1Esperamos veros all\u00ed! I I * Proyecto Financiado por el Ministerio de Ciencia, Investigaci\u00f3n y Universidades (MICIU). Convocatoria e Generaci\u00f3n del conocimiento 2023. PID2023-146088OB-C32<\/p>\n","protected":false},"author":6,"featured_media":1468,"comment_status":"open","ping_status":"open","sticky":false,"template":"","format":"standard","meta":{"footnotes":""},"categories":[30,26,28,13,32,22,3],"tags":[31,33],"_links":{"self":[{"href":"https:\/\/www.unioviedo.es\/grupoetic\/wp-json\/wp\/v2\/posts\/1467"}],"collection":[{"href":"https:\/\/www.unioviedo.es\/grupoetic\/wp-json\/wp\/v2\/posts"}],"about":[{"href":"https:\/\/www.unioviedo.es\/grupoetic\/wp-json\/wp\/v2\/types\/post"}],"author":[{"embeddable":true,"href":"https:\/\/www.unioviedo.es\/grupoetic\/wp-json\/wp\/v2\/users\/6"}],"replies":[{"embeddable":true,"href":"https:\/\/www.unioviedo.es\/grupoetic\/wp-json\/wp\/v2\/comments?post=1467"}],"version-history":[{"count":6,"href":"https:\/\/www.unioviedo.es\/grupoetic\/wp-json\/wp\/v2\/posts\/1467\/revisions"}],"predecessor-version":[{"id":1540,"href":"https:\/\/www.unioviedo.es\/grupoetic\/wp-json\/wp\/v2\/posts\/1467\/revisions\/1540"}],"wp:featuredmedia":[{"embeddable":true,"href":"https:\/\/www.unioviedo.es\/grupoetic\/wp-json\/wp\/v2\/media\/1468"}],"wp:attachment":[{"href":"https:\/\/www.unioviedo.es\/grupoetic\/wp-json\/wp\/v2\/media?parent=1467"}],"wp:term":[{"taxonomy":"category","embeddable":true,"href":"https:\/\/www.unioviedo.es\/grupoetic\/wp-json\/wp\/v2\/categories?post=1467"},{"taxonomy":"post_tag","embeddable":true,"href":"https:\/\/www.unioviedo.es\/grupoetic\/wp-json\/wp\/v2\/tags?post=1467"}],"curies":[{"name":"wp","href":"https:\/\/api.w.org\/{rel}","templated":true}]}}