{"id":1474,"date":"2024-11-17T18:40:28","date_gmt":"2024-11-17T18:40:28","guid":{"rendered":"https:\/\/www.unioviedo.es\/grupoetic\/?p=1474"},"modified":"2025-01-27T20:11:48","modified_gmt":"2025-01-27T20:11:48","slug":"desarrollando-experiencia-de-aprendizaje-en-servicio-para-trabajar-la-educacion-antirracista-e-intercultural","status":"publish","type":"post","link":"https:\/\/www.unioviedo.es\/grupoetic\/desarrollando-experiencia-de-aprendizaje-en-servicio-para-trabajar-la-educacion-antirracista-e-intercultural\/","title":{"rendered":"Desarrollando experiencia de Aprendizaje en Servicio para trabajar la educaci\u00f3n antirracista e intercultural"},"content":{"rendered":"<p><a href=\"http:\/\/www.unioviedo.es\/grupoetic\/wp-content\/uploads\/2024\/11\/20241203_084417-scaled.jpg\"><img loading=\"lazy\" decoding=\"async\" class=\"alignnone size-medium wp-image-1526\" src=\"http:\/\/www.unioviedo.es\/grupoetic\/wp-content\/uploads\/2024\/11\/20241203_084417-225x300.jpg\" alt=\"\" width=\"225\" height=\"300\" srcset=\"https:\/\/www.unioviedo.es\/grupoetic\/wp-content\/uploads\/2024\/11\/20241203_084417-225x300.jpg 225w, https:\/\/www.unioviedo.es\/grupoetic\/wp-content\/uploads\/2024\/11\/20241203_084417-768x1024.jpg 768w, https:\/\/www.unioviedo.es\/grupoetic\/wp-content\/uploads\/2024\/11\/20241203_084417-1152x1536.jpg 1152w, https:\/\/www.unioviedo.es\/grupoetic\/wp-content\/uploads\/2024\/11\/20241203_084417-1536x2048.jpg 1536w, https:\/\/www.unioviedo.es\/grupoetic\/wp-content\/uploads\/2024\/11\/20241203_084417-scaled.jpg 1920w\" sizes=\"(max-width: 225px) 100vw, 225px\" \/><\/a><\/p>\n<p><span data-olk-copy-source=\"MessageBody\">Durante el mes de Noviembre y la primera quincena de Diciembre desarrollamos con el alumnado de la asignatura Derechos Humanos Inmigraci\u00f3n e Interculturalidad (Master de Invervenci\u00f3n e Investigaci\u00f3n Socioeducativa)\u00a0 un proyecto de Aprendizaje en Servicio centrado en desarrollar la Educaci\u00f3n Intercultural desde una perspectiva antirracista e inclusiva.<\/span><\/p>\n<p><a href=\"http:\/\/www.unioviedo.es\/grupoetic\/wp-content\/uploads\/2024\/11\/20241208_094631-scaled.jpg\"><img loading=\"lazy\" decoding=\"async\" class=\"alignnone wp-image-1524\" src=\"http:\/\/www.unioviedo.es\/grupoetic\/wp-content\/uploads\/2024\/11\/20241208_094631-300x225.jpg\" alt=\"\" width=\"267\" height=\"200\" srcset=\"https:\/\/www.unioviedo.es\/grupoetic\/wp-content\/uploads\/2024\/11\/20241208_094631-300x225.jpg 300w, https:\/\/www.unioviedo.es\/grupoetic\/wp-content\/uploads\/2024\/11\/20241208_094631-1024x768.jpg 1024w, https:\/\/www.unioviedo.es\/grupoetic\/wp-content\/uploads\/2024\/11\/20241208_094631-768x576.jpg 768w, https:\/\/www.unioviedo.es\/grupoetic\/wp-content\/uploads\/2024\/11\/20241208_094631-1536x1152.jpg 1536w, https:\/\/www.unioviedo.es\/grupoetic\/wp-content\/uploads\/2024\/11\/20241208_094631-2048x1536.jpg 2048w\" sizes=\"(max-width: 267px) 100vw, 267px\" \/><\/a><a href=\"http:\/\/www.unioviedo.es\/grupoetic\/wp-content\/uploads\/2024\/11\/20241203_091239-scaled.jpg\"><img loading=\"lazy\" decoding=\"async\" class=\"alignnone wp-image-1523\" src=\"http:\/\/www.unioviedo.es\/grupoetic\/wp-content\/uploads\/2024\/11\/20241203_091239-300x225.jpg\" alt=\"\" width=\"268\" height=\"201\" srcset=\"https:\/\/www.unioviedo.es\/grupoetic\/wp-content\/uploads\/2024\/11\/20241203_091239-300x225.jpg 300w, https:\/\/www.unioviedo.es\/grupoetic\/wp-content\/uploads\/2024\/11\/20241203_091239-1024x768.jpg 1024w, https:\/\/www.unioviedo.es\/grupoetic\/wp-content\/uploads\/2024\/11\/20241203_091239-768x576.jpg 768w, https:\/\/www.unioviedo.es\/grupoetic\/wp-content\/uploads\/2024\/11\/20241203_091239-1536x1152.jpg 1536w, https:\/\/www.unioviedo.es\/grupoetic\/wp-content\/uploads\/2024\/11\/20241203_091239-2048x1536.jpg 2048w\" sizes=\"(max-width: 268px) 100vw, 268px\" \/><\/a><a href=\"http:\/\/www.unioviedo.es\/grupoetic\/wp-content\/uploads\/2024\/11\/20241203_085844-scaled.jpg\"><img loading=\"lazy\" decoding=\"async\" class=\"alignnone size-medium wp-image-1519\" src=\"http:\/\/www.unioviedo.es\/grupoetic\/wp-content\/uploads\/2024\/11\/20241203_085844-300x225.jpg\" alt=\"\" width=\"300\" height=\"225\" srcset=\"https:\/\/www.unioviedo.es\/grupoetic\/wp-content\/uploads\/2024\/11\/20241203_085844-300x225.jpg 300w, https:\/\/www.unioviedo.es\/grupoetic\/wp-content\/uploads\/2024\/11\/20241203_085844-1024x768.jpg 1024w, https:\/\/www.unioviedo.es\/grupoetic\/wp-content\/uploads\/2024\/11\/20241203_085844-768x576.jpg 768w, https:\/\/www.unioviedo.es\/grupoetic\/wp-content\/uploads\/2024\/11\/20241203_085844-1536x1152.jpg 1536w, https:\/\/www.unioviedo.es\/grupoetic\/wp-content\/uploads\/2024\/11\/20241203_085844-2048x1536.jpg 2048w\" sizes=\"(max-width: 300px) 100vw, 300px\" \/><\/a><a href=\"http:\/\/www.unioviedo.es\/grupoetic\/wp-content\/uploads\/2024\/11\/20241203_090729-scaled.jpg\"><img loading=\"lazy\" decoding=\"async\" class=\"alignnone size-medium wp-image-1522\" src=\"http:\/\/www.unioviedo.es\/grupoetic\/wp-content\/uploads\/2024\/11\/20241203_090729-300x225.jpg\" alt=\"\" width=\"300\" height=\"225\" srcset=\"https:\/\/www.unioviedo.es\/grupoetic\/wp-content\/uploads\/2024\/11\/20241203_090729-300x225.jpg 300w, https:\/\/www.unioviedo.es\/grupoetic\/wp-content\/uploads\/2024\/11\/20241203_090729-1024x768.jpg 1024w, https:\/\/www.unioviedo.es\/grupoetic\/wp-content\/uploads\/2024\/11\/20241203_090729-768x576.jpg 768w, https:\/\/www.unioviedo.es\/grupoetic\/wp-content\/uploads\/2024\/11\/20241203_090729-1536x1152.jpg 1536w, https:\/\/www.unioviedo.es\/grupoetic\/wp-content\/uploads\/2024\/11\/20241203_090729-2048x1536.jpg 2048w\" sizes=\"(max-width: 300px) 100vw, 300px\" \/><\/a><\/p>\n<p>En\u00a0 una primera sesi\u00f3n de este proyecto recibimos en la Facultad al Alumnado del Aula de Inmersi\u00f3n Ling\u00fc\u00edstica \/ Espa\u00f1ol L2 y a su profesora Conchita Francos Maldonado. La profesora\u00a0 desarrollo una conferencia explicando al alumnado del Master el trabajo que hace desde una perspectiva cr\u00edtica, intercultural y antirracista. Tambi\u00e9n organiz\u00f3 una tarea con el alumnado de espa\u00f1ol en la ellos y ellas expusieron\u00a0 sus ideas e hip\u00f3tesis de c\u00f3mo son algunas celebraciones y formas de relacionarse de j\u00f3venes y adolescentes en Espa\u00f1a en alguna actividad de tiempo libre, las presentaron al alumnado del M\u00e1ster y las contrastaron identificando problemas y dificultades con los que se encuentran. A continuaci\u00f3n desarrollamos un encuentro entre el alumnado del master y el del Aula\u00a0 de inmersi\u00f3n Ling\u00fc\u00edstica \/ Espa\u00f1ol L2 para\u00a0 explorar intereses y puntos de vista.<\/p>\n<p>&nbsp;<\/p>\n<p><a href=\"http:\/\/www.unioviedo.es\/grupoetic\/wp-content\/uploads\/2024\/11\/20241203_090328-scaled.jpg\"><img loading=\"lazy\" decoding=\"async\" class=\"alignnone wp-image-1520\" src=\"http:\/\/www.unioviedo.es\/grupoetic\/wp-content\/uploads\/2024\/11\/20241203_090328-300x225.jpg\" alt=\"\" width=\"255\" height=\"191\" srcset=\"https:\/\/www.unioviedo.es\/grupoetic\/wp-content\/uploads\/2024\/11\/20241203_090328-300x225.jpg 300w, https:\/\/www.unioviedo.es\/grupoetic\/wp-content\/uploads\/2024\/11\/20241203_090328-1024x768.jpg 1024w, https:\/\/www.unioviedo.es\/grupoetic\/wp-content\/uploads\/2024\/11\/20241203_090328-768x576.jpg 768w, https:\/\/www.unioviedo.es\/grupoetic\/wp-content\/uploads\/2024\/11\/20241203_090328-1536x1152.jpg 1536w, https:\/\/www.unioviedo.es\/grupoetic\/wp-content\/uploads\/2024\/11\/20241203_090328-2048x1536.jpg 2048w\" sizes=\"(max-width: 255px) 100vw, 255px\" \/><\/a>\u00a0<a href=\"http:\/\/www.unioviedo.es\/grupoetic\/wp-content\/uploads\/2024\/11\/20241203_085554-scaled.jpg\"><img loading=\"lazy\" decoding=\"async\" class=\"alignnone wp-image-1516\" src=\"http:\/\/www.unioviedo.es\/grupoetic\/wp-content\/uploads\/2024\/11\/20241203_085554-300x225.jpg\" alt=\"\" width=\"244\" height=\"183\" srcset=\"https:\/\/www.unioviedo.es\/grupoetic\/wp-content\/uploads\/2024\/11\/20241203_085554-300x225.jpg 300w, https:\/\/www.unioviedo.es\/grupoetic\/wp-content\/uploads\/2024\/11\/20241203_085554-1024x768.jpg 1024w, https:\/\/www.unioviedo.es\/grupoetic\/wp-content\/uploads\/2024\/11\/20241203_085554-768x576.jpg 768w, https:\/\/www.unioviedo.es\/grupoetic\/wp-content\/uploads\/2024\/11\/20241203_085554-1536x1152.jpg 1536w, https:\/\/www.unioviedo.es\/grupoetic\/wp-content\/uploads\/2024\/11\/20241203_085554-2048x1536.jpg 2048w\" sizes=\"(max-width: 244px) 100vw, 244px\" \/><\/a><\/p>\n<p>&nbsp;<\/p>\n<p>El\u00a0 proyecto continu\u00f3\u00a0 con el dise\u00f1o por parte del alumnado del Master y sus profesoras\u00a0 de\u00a0 dos sesiones\u00a0 que se desarrollaron en el aula de Inmersi\u00f3n Aula\u00a0 de Inmersi\u00f3n Ling\u00fc\u00edstica \/ Espa\u00f1ol L2 .\u00a0 En dichas sesiones se\u00a0 llevaron a cabo dos\u00a0 intervenci\u00f3n orientadas a trabajar aspectos vinculados\u00a0 con\u00a0 c\u00f3mo relacionarse con iguales en nuestra comunidad en determinadas celebraciones, espacios juveniles\u00a0 o en actividades de ocio.<\/p>\n<p>Agradecemos mucho la disposici\u00f3n y el trabajo de todas y todos los participantes en una experiencia que ha sido muy enriquecedora.<\/p>\n<p><a href=\"http:\/\/www.unioviedo.es\/grupoetic\/wp-content\/uploads\/2024\/11\/20241203_090335-scaled.jpg\"><img loading=\"lazy\" decoding=\"async\" class=\"alignnone size-medium wp-image-1521\" src=\"http:\/\/www.unioviedo.es\/grupoetic\/wp-content\/uploads\/2024\/11\/20241203_090335-225x300.jpg\" alt=\"\" width=\"225\" height=\"300\" srcset=\"https:\/\/www.unioviedo.es\/grupoetic\/wp-content\/uploads\/2024\/11\/20241203_090335-225x300.jpg 225w, https:\/\/www.unioviedo.es\/grupoetic\/wp-content\/uploads\/2024\/11\/20241203_090335-768x1024.jpg 768w, https:\/\/www.unioviedo.es\/grupoetic\/wp-content\/uploads\/2024\/11\/20241203_090335-1152x1536.jpg 1152w, https:\/\/www.unioviedo.es\/grupoetic\/wp-content\/uploads\/2024\/11\/20241203_090335-1536x2048.jpg 1536w, https:\/\/www.unioviedo.es\/grupoetic\/wp-content\/uploads\/2024\/11\/20241203_090335-scaled.jpg 1920w\" sizes=\"(max-width: 225px) 100vw, 225px\" \/><\/a><a href=\"http:\/\/www.unioviedo.es\/grupoetic\/wp-content\/uploads\/2024\/11\/20241203_084846-scaled.jpg\"><img loading=\"lazy\" decoding=\"async\" class=\"alignnone wp-image-1515\" src=\"http:\/\/www.unioviedo.es\/grupoetic\/wp-content\/uploads\/2024\/11\/20241203_084846-300x225.jpg\" alt=\"\" width=\"291\" height=\"218\" srcset=\"https:\/\/www.unioviedo.es\/grupoetic\/wp-content\/uploads\/2024\/11\/20241203_084846-300x225.jpg 300w, https:\/\/www.unioviedo.es\/grupoetic\/wp-content\/uploads\/2024\/11\/20241203_084846-1024x768.jpg 1024w, https:\/\/www.unioviedo.es\/grupoetic\/wp-content\/uploads\/2024\/11\/20241203_084846-768x576.jpg 768w, https:\/\/www.unioviedo.es\/grupoetic\/wp-content\/uploads\/2024\/11\/20241203_084846-1536x1152.jpg 1536w, https:\/\/www.unioviedo.es\/grupoetic\/wp-content\/uploads\/2024\/11\/20241203_084846-2048x1536.jpg 2048w\" sizes=\"(max-width: 291px) 100vw, 291px\" \/><\/a><\/p>\n<p><a href=\"http:\/\/www.unioviedo.es\/grupoetic\/wp-content\/uploads\/2025\/01\/Captura-de-pantalla-2025-01-27-a-las-21.07.53-1.png\"><img loading=\"lazy\" decoding=\"async\" class=\"alignnone size-medium wp-image-1543\" src=\"http:\/\/www.unioviedo.es\/grupoetic\/wp-content\/uploads\/2025\/01\/Captura-de-pantalla-2025-01-27-a-las-21.07.53-1-236x300.png\" alt=\"\" width=\"236\" height=\"300\" srcset=\"https:\/\/www.unioviedo.es\/grupoetic\/wp-content\/uploads\/2025\/01\/Captura-de-pantalla-2025-01-27-a-las-21.07.53-1-236x300.png 236w, https:\/\/www.unioviedo.es\/grupoetic\/wp-content\/uploads\/2025\/01\/Captura-de-pantalla-2025-01-27-a-las-21.07.53-1-805x1024.png 805w, https:\/\/www.unioviedo.es\/grupoetic\/wp-content\/uploads\/2025\/01\/Captura-de-pantalla-2025-01-27-a-las-21.07.53-1-768x977.png 768w, https:\/\/www.unioviedo.es\/grupoetic\/wp-content\/uploads\/2025\/01\/Captura-de-pantalla-2025-01-27-a-las-21.07.53-1.png 1052w\" sizes=\"(max-width: 236px) 100vw, 236px\" \/><\/a><a href=\"http:\/\/www.unioviedo.es\/grupoetic\/wp-content\/uploads\/2025\/01\/Captura-de-pantalla-2025-01-27-a-las-21.07.23.png\"><img loading=\"lazy\" decoding=\"async\" class=\"alignnone size-medium wp-image-1542\" src=\"http:\/\/www.unioviedo.es\/grupoetic\/wp-content\/uploads\/2025\/01\/Captura-de-pantalla-2025-01-27-a-las-21.07.23-220x300.png\" alt=\"\" width=\"220\" height=\"300\" srcset=\"https:\/\/www.unioviedo.es\/grupoetic\/wp-content\/uploads\/2025\/01\/Captura-de-pantalla-2025-01-27-a-las-21.07.23-220x300.png 220w, https:\/\/www.unioviedo.es\/grupoetic\/wp-content\/uploads\/2025\/01\/Captura-de-pantalla-2025-01-27-a-las-21.07.23-749x1024.png 749w, https:\/\/www.unioviedo.es\/grupoetic\/wp-content\/uploads\/2025\/01\/Captura-de-pantalla-2025-01-27-a-las-21.07.23-768x1049.png 768w, https:\/\/www.unioviedo.es\/grupoetic\/wp-content\/uploads\/2025\/01\/Captura-de-pantalla-2025-01-27-a-las-21.07.23.png 1108w\" sizes=\"(max-width: 220px) 100vw, 220px\" \/><\/a><\/p>\n","protected":false},"excerpt":{"rendered":"<p>Durante el mes de Noviembre y la primera quincena de Diciembre desarrollamos con el alumnado de la asignatura Derechos Humanos Inmigraci\u00f3n e Interculturalidad (Master de Invervenci\u00f3n e Investigaci\u00f3n Socioeducativa)\u00a0 un proyecto de Aprendizaje en Servicio centrado en desarrollar la Educaci\u00f3n Intercultural desde una perspectiva antirracista e inclusiva. En\u00a0 una primera sesi\u00f3n de este proyecto recibimos en la Facultad al Alumnado del Aula de Inmersi\u00f3n Ling\u00fc\u00edstica \/ Espa\u00f1ol L2 y a su profesora Conchita Francos Maldonado. La profesora\u00a0 desarrollo una conferencia explicando al alumnado del Master el trabajo que hace desde una perspectiva cr\u00edtica, intercultural y antirracista. Tambi\u00e9n organiz\u00f3 una tarea con el alumnado de espa\u00f1ol en la ellos y ellas expusieron\u00a0 sus ideas e hip\u00f3tesis de c\u00f3mo son algunas celebraciones y formas de relacionarse de j\u00f3venes y adolescentes en Espa\u00f1a en alguna actividad de tiempo libre, las presentaron al alumnado del M\u00e1ster y las contrastaron identificando problemas y dificultades con los que se encuentran. A continuaci\u00f3n desarrollamos un encuentro entre el alumnado del master y el del Aula\u00a0 de inmersi\u00f3n Ling\u00fc\u00edstica \/ Espa\u00f1ol L2 para\u00a0 explorar intereses y puntos de vista. &nbsp; \u00a0 &nbsp; El\u00a0 proyecto continu\u00f3\u00a0 con el dise\u00f1o por parte del alumnado del Master y sus profesoras\u00a0 de\u00a0 [&hellip;]<\/p>\n","protected":false},"author":5,"featured_media":1526,"comment_status":"open","ping_status":"open","sticky":false,"template":"","format":"standard","meta":{"footnotes":""},"categories":[3],"tags":[],"_links":{"self":[{"href":"https:\/\/www.unioviedo.es\/grupoetic\/wp-json\/wp\/v2\/posts\/1474"}],"collection":[{"href":"https:\/\/www.unioviedo.es\/grupoetic\/wp-json\/wp\/v2\/posts"}],"about":[{"href":"https:\/\/www.unioviedo.es\/grupoetic\/wp-json\/wp\/v2\/types\/post"}],"author":[{"embeddable":true,"href":"https:\/\/www.unioviedo.es\/grupoetic\/wp-json\/wp\/v2\/users\/5"}],"replies":[{"embeddable":true,"href":"https:\/\/www.unioviedo.es\/grupoetic\/wp-json\/wp\/v2\/comments?post=1474"}],"version-history":[{"count":4,"href":"https:\/\/www.unioviedo.es\/grupoetic\/wp-json\/wp\/v2\/posts\/1474\/revisions"}],"predecessor-version":[{"id":1545,"href":"https:\/\/www.unioviedo.es\/grupoetic\/wp-json\/wp\/v2\/posts\/1474\/revisions\/1545"}],"wp:featuredmedia":[{"embeddable":true,"href":"https:\/\/www.unioviedo.es\/grupoetic\/wp-json\/wp\/v2\/media\/1526"}],"wp:attachment":[{"href":"https:\/\/www.unioviedo.es\/grupoetic\/wp-json\/wp\/v2\/media?parent=1474"}],"wp:term":[{"taxonomy":"category","embeddable":true,"href":"https:\/\/www.unioviedo.es\/grupoetic\/wp-json\/wp\/v2\/categories?post=1474"},{"taxonomy":"post_tag","embeddable":true,"href":"https:\/\/www.unioviedo.es\/grupoetic\/wp-json\/wp\/v2\/tags?post=1474"}],"curies":[{"name":"wp","href":"https:\/\/api.w.org\/{rel}","templated":true}]}}