{"id":1481,"date":"2025-01-19T20:30:05","date_gmt":"2025-01-19T20:30:05","guid":{"rendered":"https:\/\/www.unioviedo.es\/grupoetic\/?p=1481"},"modified":"2025-01-20T13:29:09","modified_gmt":"2025-01-20T13:29:09","slug":"balance-de-las-primeras-sesiones-del-curso-sobre-enfoques-y-metodologias-participativas-en-educacion-para-la-ciudadania-global","status":"publish","type":"post","link":"https:\/\/www.unioviedo.es\/grupoetic\/balance-de-las-primeras-sesiones-del-curso-sobre-enfoques-y-metodologias-participativas-en-educacion-para-la-ciudadania-global\/","title":{"rendered":"Balance de las primeras sesiones del curso sobre Enfoques y Metodolog\u00edas Participativas en Educaci\u00f3n para la Ciudadan\u00eda Global"},"content":{"rendered":"<p>Los d\u00edas 13 y 15 de Enero Se han desarrollado las primeras sesiones del curso \u00ab<i>Enfoques y metodolog\u00edas\u00a0<\/i><i>participativas en Educaci\u00f3n\u00a0<\/i><i>para la Ciudadan\u00eda Global\u00bb organizadas\u00a0 en colaboraci\u00f3n con\u00a0 el Centro de Profesores y Recursos de Avil\u00e9s,\u00a0 la Agencia Asturiana de Cooperaci\u00f3n y la Coordinadora Asturiana de ONGDs.<\/i><\/p>\n<p><i><a href=\"http:\/\/www.unioviedo.es\/grupoetic\/wp-content\/uploads\/2025\/01\/20250113_172125-1-scaled.jpg\"><img loading=\"lazy\" decoding=\"async\" class=\"alignnone wp-image-1490\" src=\"http:\/\/www.unioviedo.es\/grupoetic\/wp-content\/uploads\/2025\/01\/20250113_172125-1-300x139.jpg\" alt=\"\" width=\"378\" height=\"175\" srcset=\"https:\/\/www.unioviedo.es\/grupoetic\/wp-content\/uploads\/2025\/01\/20250113_172125-1-300x139.jpg 300w, https:\/\/www.unioviedo.es\/grupoetic\/wp-content\/uploads\/2025\/01\/20250113_172125-1-1024x473.jpg 1024w, https:\/\/www.unioviedo.es\/grupoetic\/wp-content\/uploads\/2025\/01\/20250113_172125-1-768x355.jpg 768w, https:\/\/www.unioviedo.es\/grupoetic\/wp-content\/uploads\/2025\/01\/20250113_172125-1-1536x710.jpg 1536w, https:\/\/www.unioviedo.es\/grupoetic\/wp-content\/uploads\/2025\/01\/20250113_172125-1-2048x946.jpg 2048w\" sizes=\"(max-width: 378px) 100vw, 378px\" \/><\/a><\/i><\/p>\n<p><i> \u00a0\u00a0<\/i><\/p>\n<p><em><strong>En las sesi\u00f3n del 13 de enero<\/strong> se\u00a0 trabaj\u00f3 con Sara Garc\u00eda de la Asociaci\u00f3n <\/em>Los Glayus<em>\u00a0en el taller <strong>\u00ab<\/strong><\/em><strong>A participar se aprende participando\u201d<\/strong>. En este taller se abordaron, desde una perspectiva eminentemente pr\u00e1ctica,\u00a0 \u00a0los principios de\u00a0 las experiencias de participaci\u00f3n juvenil y los aspectos b\u00e1sicos que tienen que tenerse en cuenta cuando se quieren generar experiencia de participaci\u00f3n \u00abgenuinas\u00bb que impliquen a las personas j\u00f3venes y en las que realmente se les de voz. Ha sido un placer tener a Sara con nosotras de nuevo. \u00a1Much\u00edsimas gracias a ella y a Los Glayus por su siempre valios\u00edsima y entregada colaboraci\u00f3n!<\/p>\n<p><a href=\"http:\/\/www.unioviedo.es\/grupoetic\/wp-content\/uploads\/2025\/01\/20250113_182930-scaled.jpg\"><img loading=\"lazy\" decoding=\"async\" class=\"alignnone wp-image-1494\" src=\"http:\/\/www.unioviedo.es\/grupoetic\/wp-content\/uploads\/2025\/01\/20250113_182930-300x139.jpg\" alt=\"\" width=\"289\" height=\"134\" srcset=\"https:\/\/www.unioviedo.es\/grupoetic\/wp-content\/uploads\/2025\/01\/20250113_182930-300x139.jpg 300w, https:\/\/www.unioviedo.es\/grupoetic\/wp-content\/uploads\/2025\/01\/20250113_182930-1024x473.jpg 1024w, https:\/\/www.unioviedo.es\/grupoetic\/wp-content\/uploads\/2025\/01\/20250113_182930-768x355.jpg 768w, https:\/\/www.unioviedo.es\/grupoetic\/wp-content\/uploads\/2025\/01\/20250113_182930-1536x710.jpg 1536w, https:\/\/www.unioviedo.es\/grupoetic\/wp-content\/uploads\/2025\/01\/20250113_182930-2048x946.jpg 2048w\" sizes=\"(max-width: 289px) 100vw, 289px\" \/><\/a><a href=\"http:\/\/www.unioviedo.es\/grupoetic\/wp-content\/uploads\/2025\/01\/WhatsApp-Image-2025-01-13-at-18.50.27-1.jpeg\"><img loading=\"lazy\" decoding=\"async\" class=\"alignnone wp-image-1495\" src=\"http:\/\/www.unioviedo.es\/grupoetic\/wp-content\/uploads\/2025\/01\/WhatsApp-Image-2025-01-13-at-18.50.27-1-300x225.jpeg\" alt=\"\" width=\"195\" height=\"146\" srcset=\"https:\/\/www.unioviedo.es\/grupoetic\/wp-content\/uploads\/2025\/01\/WhatsApp-Image-2025-01-13-at-18.50.27-1-300x225.jpeg 300w, https:\/\/www.unioviedo.es\/grupoetic\/wp-content\/uploads\/2025\/01\/WhatsApp-Image-2025-01-13-at-18.50.27-1-1024x768.jpeg 1024w, https:\/\/www.unioviedo.es\/grupoetic\/wp-content\/uploads\/2025\/01\/WhatsApp-Image-2025-01-13-at-18.50.27-1-768x576.jpeg 768w, https:\/\/www.unioviedo.es\/grupoetic\/wp-content\/uploads\/2025\/01\/WhatsApp-Image-2025-01-13-at-18.50.27-1-1536x1152.jpeg 1536w, https:\/\/www.unioviedo.es\/grupoetic\/wp-content\/uploads\/2025\/01\/WhatsApp-Image-2025-01-13-at-18.50.27-1.jpeg 1600w\" sizes=\"(max-width: 195px) 100vw, 195px\" \/><i><\/i><\/a><i><a href=\"http:\/\/www.unioviedo.es\/grupoetic\/wp-content\/uploads\/2025\/01\/20250113_185710-scaled.jpg\"><img loading=\"lazy\" decoding=\"async\" class=\"alignnone wp-image-1491 aligncenter\" src=\"http:\/\/www.unioviedo.es\/grupoetic\/wp-content\/uploads\/2025\/01\/20250113_185710-300x139.jpg\" alt=\"\" width=\"281\" height=\"130\" srcset=\"https:\/\/www.unioviedo.es\/grupoetic\/wp-content\/uploads\/2025\/01\/20250113_185710-300x139.jpg 300w, https:\/\/www.unioviedo.es\/grupoetic\/wp-content\/uploads\/2025\/01\/20250113_185710-1024x473.jpg 1024w, https:\/\/www.unioviedo.es\/grupoetic\/wp-content\/uploads\/2025\/01\/20250113_185710-768x355.jpg 768w, https:\/\/www.unioviedo.es\/grupoetic\/wp-content\/uploads\/2025\/01\/20250113_185710-1536x710.jpg 1536w, https:\/\/www.unioviedo.es\/grupoetic\/wp-content\/uploads\/2025\/01\/20250113_185710-2048x946.jpg 2048w\" sizes=\"(max-width: 281px) 100vw, 281px\" \/><\/a><\/i><\/p>\n<p><strong>En la sesi\u00f3n del <\/strong><em>15 de enero de 16:30 a 19:00 <\/em>Adelina Calvo Salvador y Carlos Rodr\u00edguez Hoyos del \u00abGrupo Global Education\u00bb de la Universidad de Cantabria con quienes\u00a0 llevamos el proyecto\u00a0 I+D coordinado sobre ciudadan\u00eda Global. En el taller \u201c<strong>Pensar la ciudadan\u00eda global a trav\u00e9s del lenguaje visual\u201d <\/strong>\u00a0nos aproximaron a\u00a0 diferentes estrategias\u00a0 \u00a0basadas en el mapeo y la cartograf\u00eda social, la fotoelicitaci\u00f3n y la fotovoz que nos permitieron\u00a0 \u00a0reflexionar\u00a0 y repensar nuestras pr\u00e1cticas de educaci\u00f3n para la ciudadan\u00eda global. Tambi\u00e9n ha sido\u00a0 un gusto poder tener entre nosotras nuevamente a Carlos y a Adelina, nuestras colaboraciones vienen de lejos\u00a0 y nos enriquecen continuamente. \u00a1Gracias por vuestro trabajo!<\/p>\n<p><a href=\"http:\/\/www.unioviedo.es\/grupoetic\/wp-content\/uploads\/2025\/01\/20250115_174951-scaled.jpg\"><img loading=\"lazy\" decoding=\"async\" class=\"alignnone wp-image-1499\" src=\"http:\/\/www.unioviedo.es\/grupoetic\/wp-content\/uploads\/2025\/01\/20250115_174951-300x139.jpg\" alt=\"\" width=\"265\" height=\"123\" srcset=\"https:\/\/www.unioviedo.es\/grupoetic\/wp-content\/uploads\/2025\/01\/20250115_174951-300x139.jpg 300w, https:\/\/www.unioviedo.es\/grupoetic\/wp-content\/uploads\/2025\/01\/20250115_174951-1024x473.jpg 1024w, https:\/\/www.unioviedo.es\/grupoetic\/wp-content\/uploads\/2025\/01\/20250115_174951-768x355.jpg 768w, https:\/\/www.unioviedo.es\/grupoetic\/wp-content\/uploads\/2025\/01\/20250115_174951-1536x710.jpg 1536w, https:\/\/www.unioviedo.es\/grupoetic\/wp-content\/uploads\/2025\/01\/20250115_174951-2048x946.jpg 2048w\" sizes=\"(max-width: 265px) 100vw, 265px\" \/><\/a><a href=\"http:\/\/www.unioviedo.es\/grupoetic\/wp-content\/uploads\/2025\/01\/20250115_164210-1-scaled.jpg\"><img loading=\"lazy\" decoding=\"async\" class=\"alignnone wp-image-1501\" src=\"http:\/\/www.unioviedo.es\/grupoetic\/wp-content\/uploads\/2025\/01\/20250115_164210-1-300x139.jpg\" alt=\"\" width=\"270\" height=\"125\" srcset=\"https:\/\/www.unioviedo.es\/grupoetic\/wp-content\/uploads\/2025\/01\/20250115_164210-1-300x139.jpg 300w, https:\/\/www.unioviedo.es\/grupoetic\/wp-content\/uploads\/2025\/01\/20250115_164210-1-1024x473.jpg 1024w, https:\/\/www.unioviedo.es\/grupoetic\/wp-content\/uploads\/2025\/01\/20250115_164210-1-768x355.jpg 768w, https:\/\/www.unioviedo.es\/grupoetic\/wp-content\/uploads\/2025\/01\/20250115_164210-1-1536x710.jpg 1536w, https:\/\/www.unioviedo.es\/grupoetic\/wp-content\/uploads\/2025\/01\/20250115_164210-1-2048x946.jpg 2048w\" sizes=\"(max-width: 270px) 100vw, 270px\" \/><\/a><\/p>\n<p><a href=\"http:\/\/www.unioviedo.es\/grupoetic\/wp-content\/uploads\/2025\/01\/20250115_170652-scaled.jpg\"><img loading=\"lazy\" decoding=\"async\" class=\"wp-image-1498 aligncenter\" src=\"http:\/\/www.unioviedo.es\/grupoetic\/wp-content\/uploads\/2025\/01\/20250115_170652-300x139.jpg\" alt=\"\" width=\"320\" height=\"148\" srcset=\"https:\/\/www.unioviedo.es\/grupoetic\/wp-content\/uploads\/2025\/01\/20250115_170652-300x139.jpg 300w, https:\/\/www.unioviedo.es\/grupoetic\/wp-content\/uploads\/2025\/01\/20250115_170652-1024x473.jpg 1024w, https:\/\/www.unioviedo.es\/grupoetic\/wp-content\/uploads\/2025\/01\/20250115_170652-768x355.jpg 768w, https:\/\/www.unioviedo.es\/grupoetic\/wp-content\/uploads\/2025\/01\/20250115_170652-1536x710.jpg 1536w, https:\/\/www.unioviedo.es\/grupoetic\/wp-content\/uploads\/2025\/01\/20250115_170652-2048x946.jpg 2048w\" sizes=\"(max-width: 320px) 100vw, 320px\" \/><\/a><a href=\"http:\/\/www.unioviedo.es\/grupoetic\/wp-content\/uploads\/2025\/01\/20250115_185611-scaled.jpg\"><img loading=\"lazy\" decoding=\"async\" class=\"alignnone wp-image-1500\" src=\"http:\/\/www.unioviedo.es\/grupoetic\/wp-content\/uploads\/2025\/01\/20250115_185611-300x139.jpg\" alt=\"\" width=\"241\" height=\"111\" srcset=\"https:\/\/www.unioviedo.es\/grupoetic\/wp-content\/uploads\/2025\/01\/20250115_185611-300x139.jpg 300w, https:\/\/www.unioviedo.es\/grupoetic\/wp-content\/uploads\/2025\/01\/20250115_185611-1024x473.jpg 1024w, https:\/\/www.unioviedo.es\/grupoetic\/wp-content\/uploads\/2025\/01\/20250115_185611-768x355.jpg 768w, https:\/\/www.unioviedo.es\/grupoetic\/wp-content\/uploads\/2025\/01\/20250115_185611-1536x710.jpg 1536w, https:\/\/www.unioviedo.es\/grupoetic\/wp-content\/uploads\/2025\/01\/20250115_185611-2048x946.jpg 2048w\" sizes=\"(max-width: 241px) 100vw, 241px\" \/><\/a><\/p>\n<p>&nbsp;<\/p>\n<p>&nbsp;<\/p>\n","protected":false},"excerpt":{"rendered":"<p>Los d\u00edas 13 y 15 de Enero Se han desarrollado las primeras sesiones del curso \u00abEnfoques y metodolog\u00edas\u00a0participativas en Educaci\u00f3n\u00a0para la Ciudadan\u00eda Global\u00bb organizadas\u00a0 en colaboraci\u00f3n con\u00a0 el Centro de Profesores y Recursos de Avil\u00e9s,\u00a0 la Agencia Asturiana de Cooperaci\u00f3n y la Coordinadora Asturiana de ONGDs. \u00a0\u00a0 En las sesi\u00f3n del 13 de enero se\u00a0 trabaj\u00f3 con Sara Garc\u00eda de la Asociaci\u00f3n Los Glayus\u00a0en el taller \u00abA participar se aprende participando\u201d. En este taller se abordaron, desde una perspectiva eminentemente pr\u00e1ctica,\u00a0 \u00a0los principios de\u00a0 las experiencias de participaci\u00f3n juvenil y los aspectos b\u00e1sicos que tienen que tenerse en cuenta cuando se quieren generar experiencia de participaci\u00f3n \u00abgenuinas\u00bb que impliquen a las personas j\u00f3venes y en las que realmente se les de voz. Ha sido un placer tener a Sara con nosotras de nuevo. \u00a1Much\u00edsimas gracias a ella y a Los Glayus por su siempre valios\u00edsima y entregada colaboraci\u00f3n! En la sesi\u00f3n del 15 de enero de 16:30 a 19:00 Adelina Calvo Salvador y Carlos Rodr\u00edguez Hoyos del \u00abGrupo Global Education\u00bb de la Universidad de Cantabria con quienes\u00a0 llevamos el proyecto\u00a0 I+D coordinado sobre ciudadan\u00eda Global. En el taller \u201cPensar la ciudadan\u00eda global a trav\u00e9s del lenguaje visual\u201d \u00a0nos aproximaron a\u00a0 [&hellip;]<\/p>\n","protected":false},"author":5,"featured_media":1495,"comment_status":"open","ping_status":"open","sticky":false,"template":"","format":"standard","meta":{"footnotes":""},"categories":[3],"tags":[],"_links":{"self":[{"href":"https:\/\/www.unioviedo.es\/grupoetic\/wp-json\/wp\/v2\/posts\/1481"}],"collection":[{"href":"https:\/\/www.unioviedo.es\/grupoetic\/wp-json\/wp\/v2\/posts"}],"about":[{"href":"https:\/\/www.unioviedo.es\/grupoetic\/wp-json\/wp\/v2\/types\/post"}],"author":[{"embeddable":true,"href":"https:\/\/www.unioviedo.es\/grupoetic\/wp-json\/wp\/v2\/users\/5"}],"replies":[{"embeddable":true,"href":"https:\/\/www.unioviedo.es\/grupoetic\/wp-json\/wp\/v2\/comments?post=1481"}],"version-history":[{"count":8,"href":"https:\/\/www.unioviedo.es\/grupoetic\/wp-json\/wp\/v2\/posts\/1481\/revisions"}],"predecessor-version":[{"id":1537,"href":"https:\/\/www.unioviedo.es\/grupoetic\/wp-json\/wp\/v2\/posts\/1481\/revisions\/1537"}],"wp:featuredmedia":[{"embeddable":true,"href":"https:\/\/www.unioviedo.es\/grupoetic\/wp-json\/wp\/v2\/media\/1495"}],"wp:attachment":[{"href":"https:\/\/www.unioviedo.es\/grupoetic\/wp-json\/wp\/v2\/media?parent=1481"}],"wp:term":[{"taxonomy":"category","embeddable":true,"href":"https:\/\/www.unioviedo.es\/grupoetic\/wp-json\/wp\/v2\/categories?post=1481"},{"taxonomy":"post_tag","embeddable":true,"href":"https:\/\/www.unioviedo.es\/grupoetic\/wp-json\/wp\/v2\/tags?post=1481"}],"curies":[{"name":"wp","href":"https:\/\/api.w.org\/{rel}","templated":true}]}}