{"id":1602,"date":"2024-11-29T12:18:18","date_gmt":"2024-11-29T12:18:18","guid":{"rendered":"https:\/\/www.unioviedo.es\/grupoetic\/?p=1602"},"modified":"2025-02-07T12:31:10","modified_gmt":"2025-02-07T12:31:10","slug":"construir-ciudadania-global-mediante-el-aprendizaje-en-servicio","status":"publish","type":"post","link":"https:\/\/www.unioviedo.es\/grupoetic\/construir-ciudadania-global-mediante-el-aprendizaje-en-servicio\/","title":{"rendered":"Construir ciudadan\u00eda Global mediante el aprendizaje en Servicio"},"content":{"rendered":"<p><a href=\"http:\/\/www.unioviedo.es\/grupoetic\/wp-content\/uploads\/2025\/02\/Captura-de-pantalla-2025-02-07-a-las-13.20.00.png\"><img loading=\"lazy\" decoding=\"async\" class=\"alignnone wp-image-1603 size-medium\" src=\"http:\/\/www.unioviedo.es\/grupoetic\/wp-content\/uploads\/2025\/02\/Captura-de-pantalla-2025-02-07-a-las-13.20.00-300x80.png\" alt=\"\" width=\"300\" height=\"80\" srcset=\"https:\/\/www.unioviedo.es\/grupoetic\/wp-content\/uploads\/2025\/02\/Captura-de-pantalla-2025-02-07-a-las-13.20.00-300x80.png 300w, https:\/\/www.unioviedo.es\/grupoetic\/wp-content\/uploads\/2025\/02\/Captura-de-pantalla-2025-02-07-a-las-13.20.00-768x206.png 768w, https:\/\/www.unioviedo.es\/grupoetic\/wp-content\/uploads\/2025\/02\/Captura-de-pantalla-2025-02-07-a-las-13.20.00.png 926w\" sizes=\"(max-width: 300px) 100vw, 300px\" \/><\/a><\/p>\n<p>En el contexto del curso Aprendizaje-Servicio en Educaci\u00f3n Secundaria,\u00a0 organizado por el CPR de Avil\u00e9s entre el 1 de Octubre al 29 de Noviembre,\u00a0 hemos\u00a0 desarrollado una sesi\u00f3n orientada a presentar\u00a0 al profesorado participante algunos de los resultados obtenidos en nuestro proyecto I+D Construir ciudadan\u00eda global con personas j\u00f3venes<\/p>\n<p>La educaci\u00f3n para la ciudadan\u00eda global se ha convertido en un prioridad para afrontar la \u00a0crisis ecosocial\u00a0 que estamos viviendo a escala planetaria. La urgencia de educar para enfrentar los retos globales que tienen que ver con la emergencia ambiental, migratoria, a los conflictos armados que se viven en todo el mundo,\u00a0 el crecimiento de la ultraderecha, la desigualdad, a la pobreza y en suma a la injusticia\u00a0 que condena a la humanidad y al planeta a la extinci\u00f3n. En el marco de la LOMLOE queda reflejada la relevancia de la la Educacio\u0301n para el Desarrollo Sostenible y la Ciudadani\u0301a Mundial vinculada tambi\u00e9n a la Agenda 2030 y los ODS. En este contexto el ApS se perfila como una metodolog\u00eda capaz de vincular el conocimiento global con los desaf\u00edos sociales m\u00e1s inmediatos. Diferentes estudios destacan que el ApS es un enfoque \u00a0id\u00f3neo para mejorar las competencias c\u00edvicas y sociales de los estudiantes, as\u00ed como su compromiso \u00e9tico, aspectos clave en la educaci\u00f3n para una ciudadan\u00eda global (Aramburuzabala et al., 2020; Newman y Lu, 2016; Celio et al. 2011; Bonastre et al., 2021). En esta sesi\u00f3n trataremos de mostrar, a partir de experiencias que hemos desarrollado, algunos criterios que conviene tener en cuenta si queremos dise\u00f1ar experiencias de ApS\u00a0 orientadas a construir ciudadan\u00eda global con personas j\u00f3venes (dimensi\u00f3n local-global, desarrollo de competencia globales, participaci\u00f3n y empoderamiento del alumnado, reflexi\u00f3n para el pensamiento cr\u00edtico, etc.).<\/p>\n<p><a href=\"http:\/\/www.unioviedo.es\/grupoetic\/wp-content\/uploads\/2025\/02\/Captura-de-pantalla-2025-02-07-a-las-13.19.26.png\"><img loading=\"lazy\" decoding=\"async\" class=\"alignnone size-medium wp-image-1604\" src=\"http:\/\/www.unioviedo.es\/grupoetic\/wp-content\/uploads\/2025\/02\/Captura-de-pantalla-2025-02-07-a-las-13.19.26-206x300.png\" alt=\"\" width=\"206\" height=\"300\" srcset=\"https:\/\/www.unioviedo.es\/grupoetic\/wp-content\/uploads\/2025\/02\/Captura-de-pantalla-2025-02-07-a-las-13.19.26-206x300.png 206w, https:\/\/www.unioviedo.es\/grupoetic\/wp-content\/uploads\/2025\/02\/Captura-de-pantalla-2025-02-07-a-las-13.19.26-704x1024.png 704w, https:\/\/www.unioviedo.es\/grupoetic\/wp-content\/uploads\/2025\/02\/Captura-de-pantalla-2025-02-07-a-las-13.19.26-768x1117.png 768w, https:\/\/www.unioviedo.es\/grupoetic\/wp-content\/uploads\/2025\/02\/Captura-de-pantalla-2025-02-07-a-las-13.19.26.png 994w\" sizes=\"(max-width: 206px) 100vw, 206px\" \/><\/a> <a href=\"http:\/\/www.unioviedo.es\/grupoetic\/wp-content\/uploads\/2025\/02\/Captura-de-pantalla-2025-02-07-a-las-13.20.36.png\"><img loading=\"lazy\" decoding=\"async\" class=\"alignnone size-medium wp-image-1605\" src=\"http:\/\/www.unioviedo.es\/grupoetic\/wp-content\/uploads\/2025\/02\/Captura-de-pantalla-2025-02-07-a-las-13.20.36-210x300.png\" alt=\"\" width=\"210\" height=\"300\" srcset=\"https:\/\/www.unioviedo.es\/grupoetic\/wp-content\/uploads\/2025\/02\/Captura-de-pantalla-2025-02-07-a-las-13.20.36-210x300.png 210w, https:\/\/www.unioviedo.es\/grupoetic\/wp-content\/uploads\/2025\/02\/Captura-de-pantalla-2025-02-07-a-las-13.20.36-716x1024.png 716w, https:\/\/www.unioviedo.es\/grupoetic\/wp-content\/uploads\/2025\/02\/Captura-de-pantalla-2025-02-07-a-las-13.20.36-768x1099.png 768w, https:\/\/www.unioviedo.es\/grupoetic\/wp-content\/uploads\/2025\/02\/Captura-de-pantalla-2025-02-07-a-las-13.20.36.png 780w\" sizes=\"(max-width: 210px) 100vw, 210px\" \/><\/a><\/p>\n<p>&nbsp;<\/p>\n","protected":false},"excerpt":{"rendered":"<p>En el contexto del curso Aprendizaje-Servicio en Educaci\u00f3n Secundaria,\u00a0 organizado por el CPR de Avil\u00e9s entre el 1 de Octubre al 29 de Noviembre,\u00a0 hemos\u00a0 desarrollado una sesi\u00f3n orientada a presentar\u00a0 al profesorado participante algunos de los resultados obtenidos en nuestro proyecto I+D Construir ciudadan\u00eda global con personas j\u00f3venes La educaci\u00f3n para la ciudadan\u00eda global se ha convertido en un prioridad para afrontar la \u00a0crisis ecosocial\u00a0 que estamos viviendo a escala planetaria. La urgencia de educar para enfrentar los retos globales que tienen que ver con la emergencia ambiental, migratoria, a los conflictos armados que se viven en todo el mundo,\u00a0 el crecimiento de la ultraderecha, la desigualdad, a la pobreza y en suma a la injusticia\u00a0 que condena a la humanidad y al planeta a la extinci\u00f3n. En el marco de la LOMLOE queda reflejada la relevancia de la la Educacio\u0301n para el Desarrollo Sostenible y la Ciudadani\u0301a Mundial vinculada tambi\u00e9n a la Agenda 2030 y los ODS. En este contexto el ApS se perfila como una metodolog\u00eda capaz de vincular el conocimiento global con los desaf\u00edos sociales m\u00e1s inmediatos. Diferentes estudios destacan que el ApS es un enfoque \u00a0id\u00f3neo para mejorar las competencias c\u00edvicas y sociales de los [&hellip;]<\/p>\n","protected":false},"author":5,"featured_media":1603,"comment_status":"open","ping_status":"open","sticky":false,"template":"","format":"standard","meta":{"footnotes":""},"categories":[3],"tags":[],"_links":{"self":[{"href":"https:\/\/www.unioviedo.es\/grupoetic\/wp-json\/wp\/v2\/posts\/1602"}],"collection":[{"href":"https:\/\/www.unioviedo.es\/grupoetic\/wp-json\/wp\/v2\/posts"}],"about":[{"href":"https:\/\/www.unioviedo.es\/grupoetic\/wp-json\/wp\/v2\/types\/post"}],"author":[{"embeddable":true,"href":"https:\/\/www.unioviedo.es\/grupoetic\/wp-json\/wp\/v2\/users\/5"}],"replies":[{"embeddable":true,"href":"https:\/\/www.unioviedo.es\/grupoetic\/wp-json\/wp\/v2\/comments?post=1602"}],"version-history":[{"count":3,"href":"https:\/\/www.unioviedo.es\/grupoetic\/wp-json\/wp\/v2\/posts\/1602\/revisions"}],"predecessor-version":[{"id":1608,"href":"https:\/\/www.unioviedo.es\/grupoetic\/wp-json\/wp\/v2\/posts\/1602\/revisions\/1608"}],"wp:featuredmedia":[{"embeddable":true,"href":"https:\/\/www.unioviedo.es\/grupoetic\/wp-json\/wp\/v2\/media\/1603"}],"wp:attachment":[{"href":"https:\/\/www.unioviedo.es\/grupoetic\/wp-json\/wp\/v2\/media?parent=1602"}],"wp:term":[{"taxonomy":"category","embeddable":true,"href":"https:\/\/www.unioviedo.es\/grupoetic\/wp-json\/wp\/v2\/categories?post=1602"},{"taxonomy":"post_tag","embeddable":true,"href":"https:\/\/www.unioviedo.es\/grupoetic\/wp-json\/wp\/v2\/tags?post=1602"}],"curies":[{"name":"wp","href":"https:\/\/api.w.org\/{rel}","templated":true}]}}