{"id":1616,"date":"2024-09-12T10:20:51","date_gmt":"2024-09-12T10:20:51","guid":{"rendered":"https:\/\/www.unioviedo.es\/grupoetic\/?p=1616"},"modified":"2025-02-21T10:29:34","modified_gmt":"2025-02-21T10:29:34","slug":"conferencia-sobre-la-construccion-de-la-ciudadania-global-mediante-el-aprendizaje-en-servicio-en-las-aulas-universitarias","status":"publish","type":"post","link":"https:\/\/www.unioviedo.es\/grupoetic\/conferencia-sobre-la-construccion-de-la-ciudadania-global-mediante-el-aprendizaje-en-servicio-en-las-aulas-universitarias\/","title":{"rendered":"Conferencia sobre La construcci\u00f3n de la ciudadan\u00eda global mediante el aprendizaje en servicio en las aulas universitarias"},"content":{"rendered":"<p>Invitada por el ICSHU- IAE de la Universidad Aut\u00f3noma del Estado de Hidalgo\u00a0 \u00a0la\u00a0 profesora Aquilina Fueyo desarrollo una conferencia\u00a0 a la que asistieron profesorado y alumnado y en la que se pudo \u00a0reflexionar sobre la educaci\u00f3n global y la crisis ecosocial que enfrentamos.<\/p>\n<p>Durante la conferencia se proyectaron videos que enriquecieron el di\u00e1logo, cerrando con un espacio de preguntas y un intercambio de ideas. <a href=\"https:\/\/www.facebook.com\/profile\/100064440266072\/search\/?q=Fueyo\">Mas informaci\u00f3n<\/a><\/p>\n<p><a href=\"http:\/\/www.unioviedo.es\/grupoetic\/wp-content\/uploads\/2025\/02\/cartelconferencia-Mexico-.jpg\"><img loading=\"lazy\" decoding=\"async\" class=\"alignnone size-medium wp-image-1617\" src=\"http:\/\/www.unioviedo.es\/grupoetic\/wp-content\/uploads\/2025\/02\/cartelconferencia-Mexico--300x300.jpg\" alt=\"\" width=\"300\" height=\"300\" srcset=\"https:\/\/www.unioviedo.es\/grupoetic\/wp-content\/uploads\/2025\/02\/cartelconferencia-Mexico--300x300.jpg 300w, https:\/\/www.unioviedo.es\/grupoetic\/wp-content\/uploads\/2025\/02\/cartelconferencia-Mexico--1024x1024.jpg 1024w, https:\/\/www.unioviedo.es\/grupoetic\/wp-content\/uploads\/2025\/02\/cartelconferencia-Mexico--290x290.jpg 290w, https:\/\/www.unioviedo.es\/grupoetic\/wp-content\/uploads\/2025\/02\/cartelconferencia-Mexico--768x768.jpg 768w, https:\/\/www.unioviedo.es\/grupoetic\/wp-content\/uploads\/2025\/02\/cartelconferencia-Mexico--50x50.jpg 50w, https:\/\/www.unioviedo.es\/grupoetic\/wp-content\/uploads\/2025\/02\/cartelconferencia-Mexico-.jpg 1280w\" sizes=\"(max-width: 300px) 100vw, 300px\" \/><\/a><\/p>\n","protected":false},"excerpt":{"rendered":"<p>Invitada por el ICSHU- IAE de la Universidad Aut\u00f3noma del Estado de Hidalgo\u00a0 \u00a0la\u00a0 profesora Aquilina Fueyo desarrollo una conferencia\u00a0 a la que asistieron profesorado y alumnado y en la que se pudo \u00a0reflexionar sobre la educaci\u00f3n global y la crisis ecosocial que enfrentamos. Durante la conferencia se proyectaron videos que enriquecieron el di\u00e1logo, cerrando con un espacio de preguntas y un intercambio de ideas. Mas informaci\u00f3n<\/p>\n","protected":false},"author":5,"featured_media":1617,"comment_status":"open","ping_status":"open","sticky":false,"template":"","format":"standard","meta":{"footnotes":""},"categories":[3],"tags":[],"_links":{"self":[{"href":"https:\/\/www.unioviedo.es\/grupoetic\/wp-json\/wp\/v2\/posts\/1616"}],"collection":[{"href":"https:\/\/www.unioviedo.es\/grupoetic\/wp-json\/wp\/v2\/posts"}],"about":[{"href":"https:\/\/www.unioviedo.es\/grupoetic\/wp-json\/wp\/v2\/types\/post"}],"author":[{"embeddable":true,"href":"https:\/\/www.unioviedo.es\/grupoetic\/wp-json\/wp\/v2\/users\/5"}],"replies":[{"embeddable":true,"href":"https:\/\/www.unioviedo.es\/grupoetic\/wp-json\/wp\/v2\/comments?post=1616"}],"version-history":[{"count":2,"href":"https:\/\/www.unioviedo.es\/grupoetic\/wp-json\/wp\/v2\/posts\/1616\/revisions"}],"predecessor-version":[{"id":1619,"href":"https:\/\/www.unioviedo.es\/grupoetic\/wp-json\/wp\/v2\/posts\/1616\/revisions\/1619"}],"wp:featuredmedia":[{"embeddable":true,"href":"https:\/\/www.unioviedo.es\/grupoetic\/wp-json\/wp\/v2\/media\/1617"}],"wp:attachment":[{"href":"https:\/\/www.unioviedo.es\/grupoetic\/wp-json\/wp\/v2\/media?parent=1616"}],"wp:term":[{"taxonomy":"category","embeddable":true,"href":"https:\/\/www.unioviedo.es\/grupoetic\/wp-json\/wp\/v2\/categories?post=1616"},{"taxonomy":"post_tag","embeddable":true,"href":"https:\/\/www.unioviedo.es\/grupoetic\/wp-json\/wp\/v2\/tags?post=1616"}],"curies":[{"name":"wp","href":"https:\/\/api.w.org\/{rel}","templated":true}]}}