{"id":1621,"date":"2025-01-30T19:34:00","date_gmt":"2025-01-30T19:34:00","guid":{"rendered":"https:\/\/www.unioviedo.es\/grupoetic\/?p=1621"},"modified":"2025-03-16T21:10:33","modified_gmt":"2025-03-16T21:10:33","slug":"video-del-curso-y-evento-multiplicador-sobre-enfoques-y-metodolgoias-participativas-en-educacion-para-la-ciudadania-global","status":"publish","type":"post","link":"https:\/\/www.unioviedo.es\/grupoetic\/video-del-curso-y-evento-multiplicador-sobre-enfoques-y-metodolgoias-participativas-en-educacion-para-la-ciudadania-global\/","title":{"rendered":"V\u00eddeo del curso y evento multiplicador sobre Enfoques y Metodolgo\u00edas Participativas en Educaci\u00f3n para la Ciudadan\u00eda Global"},"content":{"rendered":"<p><a href=\"http:\/\/www.unioviedo.es\/grupoetic\/wp-content\/uploads\/2025\/01\/Captura-de-pantalla-2025-03-14-a-las-14.33.08.png\"><img loading=\"lazy\" decoding=\"async\" class=\"alignnone size-medium wp-image-1630\" src=\"http:\/\/www.unioviedo.es\/grupoetic\/wp-content\/uploads\/2025\/01\/Captura-de-pantalla-2025-03-14-a-las-14.33.08-300x161.png\" alt=\"\" width=\"300\" height=\"161\" srcset=\"https:\/\/www.unioviedo.es\/grupoetic\/wp-content\/uploads\/2025\/01\/Captura-de-pantalla-2025-03-14-a-las-14.33.08-300x161.png 300w, https:\/\/www.unioviedo.es\/grupoetic\/wp-content\/uploads\/2025\/01\/Captura-de-pantalla-2025-03-14-a-las-14.33.08-1024x550.png 1024w, https:\/\/www.unioviedo.es\/grupoetic\/wp-content\/uploads\/2025\/01\/Captura-de-pantalla-2025-03-14-a-las-14.33.08-768x413.png 768w, https:\/\/www.unioviedo.es\/grupoetic\/wp-content\/uploads\/2025\/01\/Captura-de-pantalla-2025-03-14-a-las-14.33.08-1536x825.png 1536w, https:\/\/www.unioviedo.es\/grupoetic\/wp-content\/uploads\/2025\/01\/Captura-de-pantalla-2025-03-14-a-las-14.33.08-2048x1101.png 2048w\" sizes=\"(max-width: 300px) 100vw, 300px\" \/><\/a><\/p>\n<p>En el contexto del curso <em>Enfoques y Metodolog\u00edas participativas en Educaci\u00f3n para la Ciudadan\u00eda Global<\/em> se llev\u00f3 a cabo un Evento Multiplicador con participaci\u00f3n de una representaci\u00f3n de la Agencia Asturiana de Cooperaci\u00f3n, la Coordinadora Asturiana de ONGDs, diferentes ONGDs, asociaciones y centros que trabajan en experiencias participativas de Educaci\u00f3n para la Ciudadan\u00eda Global. \u00a0El v\u00eddeo recoge las principales tem\u00e1ticas tratadas a lo largo del curso, las intervenciones en el evento multiplicador y las valoraciones realizadas por algunas de las personas participantes en el mismo.<\/p>\n<p><a href=\"https:\/\/unioviedo-my.sharepoint.com\/:v:\/g\/personal\/mafueyo_uniovi_es\/EfdwlzKvDzJCqtrxxuWXWCsB8iVZiGrnKEpWjSLPrJ5PNw?nav=eyJyZWZlcnJhbEluZm8iOnsicmVmZXJyYWxBcHAiOiJPbmVEcml2ZUZvckJ1c2luZXNzIiwicmVmZXJyYWxBcHBQbGF0Zm9ybSI6IldlYiIsInJlZmVycmFsTW9kZSI6InZpZXciLCJyZWZlcnJhbFZpZXciOiJNeUZpbGVzTGlua0NvcHkifX0&amp;e=Oe8aeH\">Enlace al v\u00eddeo<\/a><\/p>\n<h6 style=\"text-align: right;\"><span style=\"color: #808080;\"><em>V\u00eddeo bajo licencia Creative Commons 4.0<\/em><\/span><\/h6>\n<h6 style=\"text-align: right;\"><span style=\"color: #808080;\"><em>Producci\u00f3n y edici\u00f3n del video Glenda Torres<\/em><\/span><\/h6>\n<p>&nbsp;<\/p>\n<p>&nbsp;<\/p>\n","protected":false},"excerpt":{"rendered":"<p>En el contexto del curso Enfoques y Metodolog\u00edas participativas en Educaci\u00f3n para la Ciudadan\u00eda Global se llev\u00f3 a cabo un Evento Multiplicador con participaci\u00f3n de una representaci\u00f3n de la Agencia Asturiana de Cooperaci\u00f3n, la Coordinadora Asturiana de ONGDs, diferentes ONGDs, asociaciones y centros que trabajan en experiencias participativas de Educaci\u00f3n para la Ciudadan\u00eda Global. \u00a0El v\u00eddeo recoge las principales tem\u00e1ticas tratadas a lo largo del curso, las intervenciones en el evento multiplicador y las valoraciones realizadas por algunas de las personas participantes en el mismo. Enlace al v\u00eddeo V\u00eddeo bajo licencia Creative Commons 4.0 Producci\u00f3n y edici\u00f3n del video Glenda Torres &nbsp; &nbsp;<\/p>\n","protected":false},"author":5,"featured_media":1630,"comment_status":"open","ping_status":"open","sticky":false,"template":"","format":"standard","meta":{"footnotes":""},"categories":[3],"tags":[],"_links":{"self":[{"href":"https:\/\/www.unioviedo.es\/grupoetic\/wp-json\/wp\/v2\/posts\/1621"}],"collection":[{"href":"https:\/\/www.unioviedo.es\/grupoetic\/wp-json\/wp\/v2\/posts"}],"about":[{"href":"https:\/\/www.unioviedo.es\/grupoetic\/wp-json\/wp\/v2\/types\/post"}],"author":[{"embeddable":true,"href":"https:\/\/www.unioviedo.es\/grupoetic\/wp-json\/wp\/v2\/users\/5"}],"replies":[{"embeddable":true,"href":"https:\/\/www.unioviedo.es\/grupoetic\/wp-json\/wp\/v2\/comments?post=1621"}],"version-history":[{"count":7,"href":"https:\/\/www.unioviedo.es\/grupoetic\/wp-json\/wp\/v2\/posts\/1621\/revisions"}],"predecessor-version":[{"id":1636,"href":"https:\/\/www.unioviedo.es\/grupoetic\/wp-json\/wp\/v2\/posts\/1621\/revisions\/1636"}],"wp:featuredmedia":[{"embeddable":true,"href":"https:\/\/www.unioviedo.es\/grupoetic\/wp-json\/wp\/v2\/media\/1630"}],"wp:attachment":[{"href":"https:\/\/www.unioviedo.es\/grupoetic\/wp-json\/wp\/v2\/media?parent=1621"}],"wp:term":[{"taxonomy":"category","embeddable":true,"href":"https:\/\/www.unioviedo.es\/grupoetic\/wp-json\/wp\/v2\/categories?post=1621"},{"taxonomy":"post_tag","embeddable":true,"href":"https:\/\/www.unioviedo.es\/grupoetic\/wp-json\/wp\/v2\/tags?post=1621"}],"curies":[{"name":"wp","href":"https:\/\/api.w.org\/{rel}","templated":true}]}}