{"id":1665,"date":"2025-03-08T10:15:25","date_gmt":"2025-03-08T10:15:25","guid":{"rendered":"https:\/\/www.unioviedo.es\/grupoetic\/?p=1665"},"modified":"2025-04-26T10:15:51","modified_gmt":"2025-04-26T10:15:51","slug":"intervenciones-en-medios-sobre-feminismo-investigacion-y-cambio-social","status":"publish","type":"post","link":"https:\/\/www.unioviedo.es\/grupoetic\/intervenciones-en-medios-sobre-feminismo-investigacion-y-cambio-social\/","title":{"rendered":"Intervenciones en medios sobre feminismo investigaci\u00f3n y cambio social."},"content":{"rendered":"<p>Recogemos en este post diversas intervenciones que la IP del grupo ha realizado en medios con ocasi\u00f3n del d\u00eda de las Mujeres y las Ni\u00f1as en la Ciencia y del d\u00eda Internacional de las Mujeres.<\/p>\n<p>&nbsp;<\/p>\n<p><a href=\"http:\/\/www.unioviedo.es\/grupoetic\/wp-content\/uploads\/2025\/04\/WhatsApp-Image-2025-03-04-at-18.39.41.jpeg\"><img loading=\"lazy\" decoding=\"async\" class=\"alignnone size-medium wp-image-1666\" src=\"http:\/\/www.unioviedo.es\/grupoetic\/wp-content\/uploads\/2025\/04\/WhatsApp-Image-2025-03-04-at-18.39.41-300x225.jpeg\" alt=\"\" width=\"300\" height=\"225\" srcset=\"https:\/\/www.unioviedo.es\/grupoetic\/wp-content\/uploads\/2025\/04\/WhatsApp-Image-2025-03-04-at-18.39.41-300x225.jpeg 300w, https:\/\/www.unioviedo.es\/grupoetic\/wp-content\/uploads\/2025\/04\/WhatsApp-Image-2025-03-04-at-18.39.41-1024x768.jpeg 1024w, https:\/\/www.unioviedo.es\/grupoetic\/wp-content\/uploads\/2025\/04\/WhatsApp-Image-2025-03-04-at-18.39.41-768x576.jpeg 768w, https:\/\/www.unioviedo.es\/grupoetic\/wp-content\/uploads\/2025\/04\/WhatsApp-Image-2025-03-04-at-18.39.41-1536x1152.jpeg 1536w, https:\/\/www.unioviedo.es\/grupoetic\/wp-content\/uploads\/2025\/04\/WhatsApp-Image-2025-03-04-at-18.39.41.jpeg 2048w\" sizes=\"(max-width: 300px) 100vw, 300px\" \/><\/a><\/p>\n<p><a href=\"https:\/\/www.rtpa.es\/video:La-otra-arista.--T.1-Cap.-3_551741220548.html\">La Otra Arista TPA.\u00a0 Feminismo en el 8 de Marzo d\u00eda Internacional de las mujeres<\/a><\/p>\n<p><a href=\"https:\/\/www.rtpa.es\/audio:Reportajes-RPA.-Las-mujeres-cientificas-y-su-presencia-mediatica_1739262325.html\">Las mujeres cient\u00edficas y su presencia medi\u00e1tica. RTPA 11 de Febrero d\u00eda de Las Mujeres y las ni\u00f1as en la ciencia<\/a><\/p>\n<p><a href=\"http:\/\/Reportajes RPA. Las mujeres cient\u00edficas y la conciliaci\u00f3n\">Las mujeres cient\u00edficas y la conciliaci\u00f3n.\u00a0 RTPA\u00a0 12 de Febrero<\/a><\/p>\n<p><a href=\"https:\/\/www.lne.es\/opinion\/2025\/02\/13\/transformar-educacion-capitalismo-digital-114245917.html\">Transformar la Educaci\u00f3n en la Era del Capitalimos Digital. Entrevista en La Nueva Espa\u00f1a 13 de Febrero 2025<\/a><\/p>\n<p><a href=\"https:\/\/unioviedo-my.sharepoint.com\/:b:\/g\/personal\/mafueyo_uniovi_es\/EcoejIJ6j3hIgASCzEAEAm0BvLK8WZfc8qM1MgvM6CwGGw?e=86n0k0\">Entrevista completa\u00a0<\/a><\/p>\n","protected":false},"excerpt":{"rendered":"<p>Recogemos en este post diversas intervenciones que la IP del grupo ha realizado en medios con ocasi\u00f3n del d\u00eda de las Mujeres y las Ni\u00f1as en la Ciencia y del d\u00eda Internacional de las Mujeres. &nbsp; La Otra Arista TPA.\u00a0 Feminismo en el 8 de Marzo d\u00eda Internacional de las mujeres Las mujeres cient\u00edficas y su presencia medi\u00e1tica. RTPA 11 de Febrero d\u00eda de Las Mujeres y las ni\u00f1as en la ciencia Las mujeres cient\u00edficas y la conciliaci\u00f3n.\u00a0 RTPA\u00a0 12 de Febrero Transformar la Educaci\u00f3n en la Era del Capitalimos Digital. Entrevista en La Nueva Espa\u00f1a 13 de Febrero 2025 Entrevista completa\u00a0<\/p>\n","protected":false},"author":5,"featured_media":1666,"comment_status":"open","ping_status":"open","sticky":false,"template":"","format":"standard","meta":{"footnotes":""},"categories":[24],"tags":[],"_links":{"self":[{"href":"https:\/\/www.unioviedo.es\/grupoetic\/wp-json\/wp\/v2\/posts\/1665"}],"collection":[{"href":"https:\/\/www.unioviedo.es\/grupoetic\/wp-json\/wp\/v2\/posts"}],"about":[{"href":"https:\/\/www.unioviedo.es\/grupoetic\/wp-json\/wp\/v2\/types\/post"}],"author":[{"embeddable":true,"href":"https:\/\/www.unioviedo.es\/grupoetic\/wp-json\/wp\/v2\/users\/5"}],"replies":[{"embeddable":true,"href":"https:\/\/www.unioviedo.es\/grupoetic\/wp-json\/wp\/v2\/comments?post=1665"}],"version-history":[{"count":2,"href":"https:\/\/www.unioviedo.es\/grupoetic\/wp-json\/wp\/v2\/posts\/1665\/revisions"}],"predecessor-version":[{"id":1668,"href":"https:\/\/www.unioviedo.es\/grupoetic\/wp-json\/wp\/v2\/posts\/1665\/revisions\/1668"}],"wp:featuredmedia":[{"embeddable":true,"href":"https:\/\/www.unioviedo.es\/grupoetic\/wp-json\/wp\/v2\/media\/1666"}],"wp:attachment":[{"href":"https:\/\/www.unioviedo.es\/grupoetic\/wp-json\/wp\/v2\/media?parent=1665"}],"wp:term":[{"taxonomy":"category","embeddable":true,"href":"https:\/\/www.unioviedo.es\/grupoetic\/wp-json\/wp\/v2\/categories?post=1665"},{"taxonomy":"post_tag","embeddable":true,"href":"https:\/\/www.unioviedo.es\/grupoetic\/wp-json\/wp\/v2\/tags?post=1665"}],"curies":[{"name":"wp","href":"https:\/\/api.w.org\/{rel}","templated":true}]}}