{"id":1675,"date":"2025-05-12T10:10:56","date_gmt":"2025-05-12T10:10:56","guid":{"rendered":"https:\/\/www.unioviedo.es\/grupoetic\/?p=1675"},"modified":"2025-05-23T10:04:48","modified_gmt":"2025-05-23T10:04:48","slug":"webinario-crisis-y-tensiones-entre-la-formacion-y-la-ensenanza-de-las-nuevas-tecnologias","status":"publish","type":"post","link":"https:\/\/www.unioviedo.es\/grupoetic\/webinario-crisis-y-tensiones-entre-la-formacion-y-la-ensenanza-de-las-nuevas-tecnologias\/","title":{"rendered":"Webinario: Crisis y tensiones entre la formaci\u00f3n y la ense\u00f1anza de las nuevas tecnolog\u00edas"},"content":{"rendered":"<p>Nuestra compa\u00f1era Aquilina Fueyo participa el pr\u00f3ximo <strong>martes 13 de mayo<\/strong> en el webinario: \u00ab<a href=\"https:\/\/www.youtube.com\/watch?v=4lYRfhkU2rs\">Crisis y tensiones entre la formaci\u00f3n y la ense\u00f1anza de las nuevas tecnolog\u00edas<\/a>\u00ab. Esta actividad est\u00e1 organizada por el Comit\u00e9 de Investigaci\u00f3n y Proyecci\u00f3n Social de la <a href=\"https:\/\/educacion.upn.edu.co\/\">Facultad de Educaci\u00f3n. <\/a>En ella se reflexion\u00f3\u00a0 sobre la evoluci\u00f3n de la tecnolog\u00eda en las \u00faltimas d\u00e9cadas hasta llegar al momento actual de dominio de los algoritmos y de la IA y como esto afecta al mundo educativo y en concreto a la formaci\u00f3n de los y las profesionales de la educaci\u00f3n. Se analiza cr\u00edticamente el abordaje de las competencias digitales en nuestro contexto y lo que implica para la educaci\u00f3n de la ciudadan\u00eda digital\u00a0 y de como enfrentar\u00a0 \u00a0algunos impactos que va a tener la IA sobre el conocimiento, el aprendizaje y el trabajo de las y los docentes. Para ver el v\u00eddeo del webinario:<\/p>\n<p><a href=\"https:\/\/www.youtube.com\/watch?v=U2e6Bo_6rBE\">https:\/\/www.youtube.com\/watch?v=U2e6Bo_6rBE<\/a><\/p>\n<p><iframe loading=\"lazy\" title=\"3ra. sesi\u00f3n. Crisis y tensiones entre la formaci\u00f3n y la ense\u00f1anza de las nuevas tecnolog\u00edas\" width=\"610\" height=\"343\" src=\"https:\/\/www.youtube.com\/embed\/4lYRfhkU2rs?feature=oembed\" frameborder=\"0\" allow=\"accelerometer; autoplay; clipboard-write; encrypted-media; gyroscope; picture-in-picture; web-share\" referrerpolicy=\"strict-origin-when-cross-origin\" allowfullscreen><\/iframe><\/p>\n<p>&nbsp;<\/p>\n<p>&nbsp;<\/p>\n","protected":false},"excerpt":{"rendered":"<p>Nuestra compa\u00f1era Aquilina Fueyo participa el pr\u00f3ximo martes 13 de mayo en el webinario: \u00abCrisis y tensiones entre la formaci\u00f3n y la ense\u00f1anza de las nuevas tecnolog\u00edas\u00ab. Esta actividad est\u00e1 organizada por el Comit\u00e9 de Investigaci\u00f3n y Proyecci\u00f3n Social de la Facultad de Educaci\u00f3n. En ella se reflexion\u00f3\u00a0 sobre la evoluci\u00f3n de la tecnolog\u00eda en las \u00faltimas d\u00e9cadas hasta llegar al momento actual de dominio de los algoritmos y de la IA y como esto afecta al mundo educativo y en concreto a la formaci\u00f3n de los y las profesionales de la educaci\u00f3n. Se analiza cr\u00edticamente el abordaje de las competencias digitales en nuestro contexto y lo que implica para la educaci\u00f3n de la ciudadan\u00eda digital\u00a0 y de como enfrentar\u00a0 \u00a0algunos impactos que va a tener la IA sobre el conocimiento, el aprendizaje y el trabajo de las y los docentes. Para ver el v\u00eddeo del webinario: https:\/\/www.youtube.com\/watch?v=U2e6Bo_6rBE &nbsp; &nbsp;<\/p>\n","protected":false},"author":6,"featured_media":1677,"comment_status":"open","ping_status":"open","sticky":false,"template":"","format":"standard","meta":{"footnotes":""},"categories":[35,32],"tags":[33],"_links":{"self":[{"href":"https:\/\/www.unioviedo.es\/grupoetic\/wp-json\/wp\/v2\/posts\/1675"}],"collection":[{"href":"https:\/\/www.unioviedo.es\/grupoetic\/wp-json\/wp\/v2\/posts"}],"about":[{"href":"https:\/\/www.unioviedo.es\/grupoetic\/wp-json\/wp\/v2\/types\/post"}],"author":[{"embeddable":true,"href":"https:\/\/www.unioviedo.es\/grupoetic\/wp-json\/wp\/v2\/users\/6"}],"replies":[{"embeddable":true,"href":"https:\/\/www.unioviedo.es\/grupoetic\/wp-json\/wp\/v2\/comments?post=1675"}],"version-history":[{"count":3,"href":"https:\/\/www.unioviedo.es\/grupoetic\/wp-json\/wp\/v2\/posts\/1675\/revisions"}],"predecessor-version":[{"id":1691,"href":"https:\/\/www.unioviedo.es\/grupoetic\/wp-json\/wp\/v2\/posts\/1675\/revisions\/1691"}],"wp:featuredmedia":[{"embeddable":true,"href":"https:\/\/www.unioviedo.es\/grupoetic\/wp-json\/wp\/v2\/media\/1677"}],"wp:attachment":[{"href":"https:\/\/www.unioviedo.es\/grupoetic\/wp-json\/wp\/v2\/media?parent=1675"}],"wp:term":[{"taxonomy":"category","embeddable":true,"href":"https:\/\/www.unioviedo.es\/grupoetic\/wp-json\/wp\/v2\/categories?post=1675"},{"taxonomy":"post_tag","embeddable":true,"href":"https:\/\/www.unioviedo.es\/grupoetic\/wp-json\/wp\/v2\/tags?post=1675"}],"curies":[{"name":"wp","href":"https:\/\/api.w.org\/{rel}","templated":true}]}}