{"id":1684,"date":"2025-06-24T09:22:51","date_gmt":"2025-06-24T09:22:51","guid":{"rendered":"https:\/\/www.unioviedo.es\/grupoetic\/?p=1684"},"modified":"2025-07-07T17:55:49","modified_gmt":"2025-07-07T17:55:49","slug":"participacion-en-las-xx-jornadas-culturales-ies-valle-de-aller-con-el-taller-global-quest-un-juego-exploratorio-y-participativo-sobre-ciudadania-global","status":"publish","type":"post","link":"https:\/\/www.unioviedo.es\/grupoetic\/participacion-en-las-xx-jornadas-culturales-ies-valle-de-aller-con-el-taller-global-quest-un-juego-exploratorio-y-participativo-sobre-ciudadania-global\/","title":{"rendered":"Participaci\u00f3n en las XX Jornadas culturales IES Valle de Aller con el taller \u00abGlobal Quest: un juego exploratorio y participativo sobre ciudadan\u00eda global\u00bb"},"content":{"rendered":"<p><strong>D<\/strong><strong>el 12 al 15 de mayo de 2025 el I.E.S. Valle de Aller celebr\u00f3 sus XX Jornadas Culturales.<\/strong> En esta ocasi\u00f3n la tem\u00e1tica vertebradora fue <strong>Europa a la carta: 25 a\u00f1os de la carta de los Derechos Fundamentales de la Uni\u00f3n Europea. <\/strong>El jueves 15 de mayo el grupo IETIC-EVEA\u00a0 particip\u00f3 en\u00a0 estas jornadas en horario de 9:25\u00a0 a 14:00 con la actividad<strong> \u00abGlobal Quest: Un juego exploratorio y participativo sobre ciudadan\u00eda global\u00bb. <\/strong>Diferentes grupos de alumnado de este IES pudieron aprender sobre derechos fundamentales jugando varias pruebas de Global Quest como \u00abSomos iguales\u00bb, \u00abQu\u00e9 pinto en las redes sociales\u00bb, \u00abSana la tierra\u00bb, \u00abEstatuas que cobran vida\u00bb etc.<\/p>\r\n<p><a href=\"http:\/\/www.unioviedo.es\/grupoetic\/wp-content\/uploads\/2025\/06\/WhatsApp-Image-2025-05-15-at-15.42.24-scaled.jpeg\"><img loading=\"lazy\" decoding=\"async\" class=\"size-medium wp-image-1696 alignleft\" src=\"http:\/\/www.unioviedo.es\/grupoetic\/wp-content\/uploads\/2025\/06\/WhatsApp-Image-2025-05-15-at-15.42.24-300x225.jpeg\" alt=\"\" width=\"300\" height=\"225\" srcset=\"https:\/\/www.unioviedo.es\/grupoetic\/wp-content\/uploads\/2025\/06\/WhatsApp-Image-2025-05-15-at-15.42.24-300x225.jpeg 300w, https:\/\/www.unioviedo.es\/grupoetic\/wp-content\/uploads\/2025\/06\/WhatsApp-Image-2025-05-15-at-15.42.24-1024x768.jpeg 1024w, https:\/\/www.unioviedo.es\/grupoetic\/wp-content\/uploads\/2025\/06\/WhatsApp-Image-2025-05-15-at-15.42.24-768x576.jpeg 768w, https:\/\/www.unioviedo.es\/grupoetic\/wp-content\/uploads\/2025\/06\/WhatsApp-Image-2025-05-15-at-15.42.24-1536x1152.jpeg 1536w, https:\/\/www.unioviedo.es\/grupoetic\/wp-content\/uploads\/2025\/06\/WhatsApp-Image-2025-05-15-at-15.42.24-2048x1536.jpeg 2048w\" sizes=\"(max-width: 300px) 100vw, 300px\" \/><\/a><a href=\"http:\/\/www.unioviedo.es\/grupoetic\/wp-content\/uploads\/2025\/06\/WhatsApp-Image-2025-05-15-at-15.42.29-scaled.jpeg\"><img loading=\"lazy\" decoding=\"async\" class=\"size-medium wp-image-1697 alignright\" src=\"http:\/\/www.unioviedo.es\/grupoetic\/wp-content\/uploads\/2025\/06\/WhatsApp-Image-2025-05-15-at-15.42.29-225x300.jpeg\" alt=\"\" width=\"225\" height=\"300\" srcset=\"https:\/\/www.unioviedo.es\/grupoetic\/wp-content\/uploads\/2025\/06\/WhatsApp-Image-2025-05-15-at-15.42.29-225x300.jpeg 225w, https:\/\/www.unioviedo.es\/grupoetic\/wp-content\/uploads\/2025\/06\/WhatsApp-Image-2025-05-15-at-15.42.29-768x1024.jpeg 768w, https:\/\/www.unioviedo.es\/grupoetic\/wp-content\/uploads\/2025\/06\/WhatsApp-Image-2025-05-15-at-15.42.29-1152x1536.jpeg 1152w, https:\/\/www.unioviedo.es\/grupoetic\/wp-content\/uploads\/2025\/06\/WhatsApp-Image-2025-05-15-at-15.42.29-1536x2048.jpeg 1536w, https:\/\/www.unioviedo.es\/grupoetic\/wp-content\/uploads\/2025\/06\/WhatsApp-Image-2025-05-15-at-15.42.29-scaled.jpeg 1920w\" sizes=\"(max-width: 225px) 100vw, 225px\" \/><\/a><\/p>\r\n<p>Queremos felicitar al I.E.S. Valle de Aller por organizar unas jornadas tan enriquecedoras para su comunidad educativa. Especialmente queremos agradecer a su equipo directivo y su equipo de orientaci\u00f3n por contar con nuestro grupo para esta iniciativa. Esperamos con entusiasmo una nueva edici\u00f3n.<\/p>\r\n<p><a href=\"http:\/\/www.unioviedo.es\/grupoetic\/wp-content\/uploads\/2025\/06\/WhatsApp-Image-2025-05-15-at-15.42.20-scaled.jpeg\"><img loading=\"lazy\" decoding=\"async\" class=\"size-medium wp-image-1698 alignleft\" src=\"http:\/\/www.unioviedo.es\/grupoetic\/wp-content\/uploads\/2025\/06\/WhatsApp-Image-2025-05-15-at-15.42.20-225x300.jpeg\" alt=\"\" width=\"225\" height=\"300\" srcset=\"https:\/\/www.unioviedo.es\/grupoetic\/wp-content\/uploads\/2025\/06\/WhatsApp-Image-2025-05-15-at-15.42.20-225x300.jpeg 225w, https:\/\/www.unioviedo.es\/grupoetic\/wp-content\/uploads\/2025\/06\/WhatsApp-Image-2025-05-15-at-15.42.20-768x1024.jpeg 768w, https:\/\/www.unioviedo.es\/grupoetic\/wp-content\/uploads\/2025\/06\/WhatsApp-Image-2025-05-15-at-15.42.20-1152x1536.jpeg 1152w, https:\/\/www.unioviedo.es\/grupoetic\/wp-content\/uploads\/2025\/06\/WhatsApp-Image-2025-05-15-at-15.42.20-1536x2048.jpeg 1536w, https:\/\/www.unioviedo.es\/grupoetic\/wp-content\/uploads\/2025\/06\/WhatsApp-Image-2025-05-15-at-15.42.20-scaled.jpeg 1920w\" sizes=\"(max-width: 225px) 100vw, 225px\" \/><\/a><\/p>\r\n<p><a href=\"http:\/\/www.unioviedo.es\/grupoetic\/wp-content\/uploads\/2025\/06\/WhatsApp-Image-2025-05-15-at-15.42.21-scaled.jpeg\"><img loading=\"lazy\" decoding=\"async\" class=\"size-medium wp-image-1699 alignright\" src=\"http:\/\/www.unioviedo.es\/grupoetic\/wp-content\/uploads\/2025\/06\/WhatsApp-Image-2025-05-15-at-15.42.21-225x300.jpeg\" alt=\"\" width=\"225\" height=\"300\" srcset=\"https:\/\/www.unioviedo.es\/grupoetic\/wp-content\/uploads\/2025\/06\/WhatsApp-Image-2025-05-15-at-15.42.21-225x300.jpeg 225w, https:\/\/www.unioviedo.es\/grupoetic\/wp-content\/uploads\/2025\/06\/WhatsApp-Image-2025-05-15-at-15.42.21-768x1024.jpeg 768w, https:\/\/www.unioviedo.es\/grupoetic\/wp-content\/uploads\/2025\/06\/WhatsApp-Image-2025-05-15-at-15.42.21-1152x1536.jpeg 1152w, https:\/\/www.unioviedo.es\/grupoetic\/wp-content\/uploads\/2025\/06\/WhatsApp-Image-2025-05-15-at-15.42.21-1536x2048.jpeg 1536w, https:\/\/www.unioviedo.es\/grupoetic\/wp-content\/uploads\/2025\/06\/WhatsApp-Image-2025-05-15-at-15.42.21-scaled.jpeg 1920w\" sizes=\"(max-width: 225px) 100vw, 225px\" \/><\/a><\/p>\r\n","protected":false},"excerpt":{"rendered":"<p>Del 12 al 15 de mayo de 2025 el I.E.S. Valle de Aller celebr\u00f3 sus XX Jornadas Culturales. En esta ocasi\u00f3n la tem\u00e1tica vertebradora fue Europa a la carta: 25 a\u00f1os de la carta de los Derechos Fundamentales de la Uni\u00f3n Europea. El jueves 15 de mayo el grupo IETIC-EVEA\u00a0 particip\u00f3 en\u00a0 estas jornadas en horario de 9:25\u00a0 a 14:00 con la actividad \u00abGlobal Quest: Un juego exploratorio y participativo sobre ciudadan\u00eda global\u00bb. Diferentes grupos de alumnado de este IES pudieron aprender sobre derechos fundamentales jugando varias pruebas de Global Quest como \u00abSomos iguales\u00bb, \u00abQu\u00e9 pinto en las redes sociales\u00bb, \u00abSana la tierra\u00bb, \u00abEstatuas que cobran vida\u00bb etc. Queremos felicitar al I.E.S. Valle de Aller por organizar unas jornadas tan enriquecedoras para su comunidad educativa. Especialmente queremos agradecer a su equipo directivo y su equipo de orientaci\u00f3n por contar con nuestro grupo para esta iniciativa. Esperamos con entusiasmo una nueva edici\u00f3n.<\/p>\n","protected":false},"author":7,"featured_media":1696,"comment_status":"open","ping_status":"open","sticky":false,"template":"","format":"standard","meta":{"footnotes":""},"categories":[30,22,3],"tags":[36],"_links":{"self":[{"href":"https:\/\/www.unioviedo.es\/grupoetic\/wp-json\/wp\/v2\/posts\/1684"}],"collection":[{"href":"https:\/\/www.unioviedo.es\/grupoetic\/wp-json\/wp\/v2\/posts"}],"about":[{"href":"https:\/\/www.unioviedo.es\/grupoetic\/wp-json\/wp\/v2\/types\/post"}],"author":[{"embeddable":true,"href":"https:\/\/www.unioviedo.es\/grupoetic\/wp-json\/wp\/v2\/users\/7"}],"replies":[{"embeddable":true,"href":"https:\/\/www.unioviedo.es\/grupoetic\/wp-json\/wp\/v2\/comments?post=1684"}],"version-history":[{"count":5,"href":"https:\/\/www.unioviedo.es\/grupoetic\/wp-json\/wp\/v2\/posts\/1684\/revisions"}],"predecessor-version":[{"id":1714,"href":"https:\/\/www.unioviedo.es\/grupoetic\/wp-json\/wp\/v2\/posts\/1684\/revisions\/1714"}],"wp:featuredmedia":[{"embeddable":true,"href":"https:\/\/www.unioviedo.es\/grupoetic\/wp-json\/wp\/v2\/media\/1696"}],"wp:attachment":[{"href":"https:\/\/www.unioviedo.es\/grupoetic\/wp-json\/wp\/v2\/media?parent=1684"}],"wp:term":[{"taxonomy":"category","embeddable":true,"href":"https:\/\/www.unioviedo.es\/grupoetic\/wp-json\/wp\/v2\/categories?post=1684"},{"taxonomy":"post_tag","embeddable":true,"href":"https:\/\/www.unioviedo.es\/grupoetic\/wp-json\/wp\/v2\/tags?post=1684"}],"curies":[{"name":"wp","href":"https:\/\/api.w.org\/{rel}","templated":true}]}}