{"id":1735,"date":"2025-06-25T10:47:40","date_gmt":"2025-06-25T10:47:40","guid":{"rendered":"https:\/\/www.unioviedo.es\/grupoetic\/?p=1735"},"modified":"2025-06-26T11:41:22","modified_gmt":"2025-06-26T11:41:22","slug":"aula-de-extension-universitaria-sobre-retos-globales","status":"publish","type":"post","link":"https:\/\/www.unioviedo.es\/grupoetic\/aula-de-extension-universitaria-sobre-retos-globales\/","title":{"rendered":"Aula de Extensi\u00f3n Universitaria sobre retos globales"},"content":{"rendered":"<p>Desde el equipo IETIC-EVEA un a\u00f1o m\u00e1s impulsamos un Aula de Extensi\u00f3n Universitaria para trabajar con j\u00f3venes sobre retos globales en el marco del programa <strong><span style=\"color: #993366;\">UO Territorio<\/span><\/strong> que pretende llevar al cultura a distintos concejos de Asturias. Este curso el aula lleva por t\u00edtulo \u00ab<a href=\"https:\/\/www.uniovi.es\/en\/estudia\/extension\/aulas\/-\/asset_publisher\/V5zhy2mAzWX6\/ofertaViva\/id\/11530490\"><em>Metodolog\u00edas creativas y participativas para trabajar con personas j\u00f3venes sobre los retos globales<\/em><\/a>\u00bb<\/p>\n<p class=\"p1\">Este curso est\u00e1 orientado a personas interesadas en trabajar con j\u00f3venes acerca de los <span class=\"s1\">retos globales<\/span>. Se ha dise\u00f1ado con la finalidad de crear un <strong>espacio de participaci\u00f3n juvenil sobre <\/strong><span class=\"s1\"><strong>ciudadan\u00eda global<\/strong> <\/span>que permita a los\/las participantes desarrollar conocimientos y propuestas sobre la misma as\u00ed como empoderarles en su ejercicio de la participaci\u00f3n como ciudadanas y ciudadanos de un mundo global poniendo en pr\u00e1ctica sobre el territorio alguna de las acciones que se dise\u00f1ar\u00e1n.<\/p>\n<p>Tendr\u00e1 lugar<span style=\"color: #993366;\"> <strong>los martes y dos jueves de<\/strong> <\/span><strong><span style=\"color: #993366;\">\u00a0julio en horario de ma\u00f1ana (10 a 14 horas) en la Casa de Buelga en Cia\u00f1o (Langreo)<\/span>.<\/strong> Concretamente, la planificaci\u00f3n del curso es la siguiente:<\/p>\n<ol>\n<li class=\"p1\">Global Quest \u00bfQu\u00e9 pintamos en el Planeta?. Martes 8 de julio<\/li>\n<li class=\"p1\">Derechos Humanos y Sociales. Jueves 10 de julio<\/li>\n<li class=\"p1\">Derecho a la informaci\u00f3n y la comunicaci\u00f3n en la era del capitalismo digital. Martes 15 de julio<\/li>\n<li class=\"p1\">Diversidad Humana y Ciudadan\u00eda Global. Martes 22 de julio<\/li>\n<li class=\"p1\">Participaci\u00f3n, Ciudadan\u00eda Global y Democracia. Martes 29 de julio<\/li>\n<li class=\"p1\">Sostenibilidad Ambiental y Ciudadan\u00eda Global. jueves 31 de julio<\/li>\n<\/ol>\n<p><strong><a href=\"https:\/\/www.uniovi.es\/en\/estudia\/extension\/aulas\/-\/asset_publisher\/V5zhy2mAzWX6\/ofertaViva\/id\/11530490\">M\u00e1s informaci\u00f3n aqui<\/a>\u00a0<\/strong><\/p>\n<p><strong>Inscripciones hasta el 7 de julio <a href=\"https:\/\/sies.uniovi.es\/fnofmat\/web\/inicio.faces?token=a4f32905f10ba9d3fe95f9165b76d61c8e139fed436570f69909f9ecadef5e23\">aqu\u00ed<\/a><\/strong><a href=\"http:\/\/www.unioviedo.es\/grupoetic\/wp-content\/uploads\/2025\/06\/Captura-de-pantalla-2025-06-25-a-las-12.51.35.png\"><\/p>\n<p><\/a><a href=\"http:\/\/www.unioviedo.es\/grupoetic\/wp-content\/uploads\/2025\/06\/Captura-de-pantalla-2025-06-26-a-las-13.20.44.png\"><img loading=\"lazy\" decoding=\"async\" class=\"aligncenter  wp-image-1744\" src=\"http:\/\/www.unioviedo.es\/grupoetic\/wp-content\/uploads\/2025\/06\/Captura-de-pantalla-2025-06-26-a-las-13.20.44-1024x780.png\" alt=\"\" width=\"669\" height=\"510\" srcset=\"https:\/\/www.unioviedo.es\/grupoetic\/wp-content\/uploads\/2025\/06\/Captura-de-pantalla-2025-06-26-a-las-13.20.44-1024x780.png 1024w, https:\/\/www.unioviedo.es\/grupoetic\/wp-content\/uploads\/2025\/06\/Captura-de-pantalla-2025-06-26-a-las-13.20.44-300x229.png 300w, https:\/\/www.unioviedo.es\/grupoetic\/wp-content\/uploads\/2025\/06\/Captura-de-pantalla-2025-06-26-a-las-13.20.44-768x585.png 768w, https:\/\/www.unioviedo.es\/grupoetic\/wp-content\/uploads\/2025\/06\/Captura-de-pantalla-2025-06-26-a-las-13.20.44-1536x1171.png 1536w, https:\/\/www.unioviedo.es\/grupoetic\/wp-content\/uploads\/2025\/06\/Captura-de-pantalla-2025-06-26-a-las-13.20.44.png 1740w\" sizes=\"(max-width: 669px) 100vw, 669px\" \/><\/a><\/p>\n<p>&nbsp;<\/p>\n","protected":false},"excerpt":{"rendered":"<p>Desde el equipo IETIC-EVEA un a\u00f1o m\u00e1s impulsamos un Aula de Extensi\u00f3n Universitaria para trabajar con j\u00f3venes sobre retos globales en el marco del programa UO Territorio que pretende llevar al cultura a distintos concejos de Asturias. Este curso el aula lleva por t\u00edtulo \u00abMetodolog\u00edas creativas y participativas para trabajar con personas j\u00f3venes sobre los retos globales\u00bb Este curso est\u00e1 orientado a personas interesadas en trabajar con j\u00f3venes acerca de los retos globales. Se ha dise\u00f1ado con la finalidad de crear un espacio de participaci\u00f3n juvenil sobre ciudadan\u00eda global que permita a los\/las participantes desarrollar conocimientos y propuestas sobre la misma as\u00ed como empoderarles en su ejercicio de la participaci\u00f3n como ciudadanas y ciudadanos de un mundo global poniendo en pr\u00e1ctica sobre el territorio alguna de las acciones que se dise\u00f1ar\u00e1n. Tendr\u00e1 lugar los martes y dos jueves de \u00a0julio en horario de ma\u00f1ana (10 a 14 horas) en la Casa de Buelga en Cia\u00f1o (Langreo). Concretamente, la planificaci\u00f3n del curso es la siguiente: Global Quest \u00bfQu\u00e9 pintamos en el Planeta?. Martes 8 de julio Derechos Humanos y Sociales. Jueves 10 de julio Derecho a la informaci\u00f3n y la comunicaci\u00f3n en la era del capitalismo digital. Martes 15 de julio [&hellip;]<\/p>\n","protected":false},"author":6,"featured_media":1743,"comment_status":"open","ping_status":"open","sticky":false,"template":"","format":"standard","meta":{"footnotes":""},"categories":[30,28,32],"tags":[39,33],"_links":{"self":[{"href":"https:\/\/www.unioviedo.es\/grupoetic\/wp-json\/wp\/v2\/posts\/1735"}],"collection":[{"href":"https:\/\/www.unioviedo.es\/grupoetic\/wp-json\/wp\/v2\/posts"}],"about":[{"href":"https:\/\/www.unioviedo.es\/grupoetic\/wp-json\/wp\/v2\/types\/post"}],"author":[{"embeddable":true,"href":"https:\/\/www.unioviedo.es\/grupoetic\/wp-json\/wp\/v2\/users\/6"}],"replies":[{"embeddable":true,"href":"https:\/\/www.unioviedo.es\/grupoetic\/wp-json\/wp\/v2\/comments?post=1735"}],"version-history":[{"count":5,"href":"https:\/\/www.unioviedo.es\/grupoetic\/wp-json\/wp\/v2\/posts\/1735\/revisions"}],"predecessor-version":[{"id":1745,"href":"https:\/\/www.unioviedo.es\/grupoetic\/wp-json\/wp\/v2\/posts\/1735\/revisions\/1745"}],"wp:featuredmedia":[{"embeddable":true,"href":"https:\/\/www.unioviedo.es\/grupoetic\/wp-json\/wp\/v2\/media\/1743"}],"wp:attachment":[{"href":"https:\/\/www.unioviedo.es\/grupoetic\/wp-json\/wp\/v2\/media?parent=1735"}],"wp:term":[{"taxonomy":"category","embeddable":true,"href":"https:\/\/www.unioviedo.es\/grupoetic\/wp-json\/wp\/v2\/categories?post=1735"},{"taxonomy":"post_tag","embeddable":true,"href":"https:\/\/www.unioviedo.es\/grupoetic\/wp-json\/wp\/v2\/tags?post=1735"}],"curies":[{"name":"wp","href":"https:\/\/api.w.org\/{rel}","templated":true}]}}