{"id":1785,"date":"2025-09-12T09:32:18","date_gmt":"2025-09-12T09:32:18","guid":{"rendered":"https:\/\/www.unioviedo.es\/grupoetic\/?p=1785"},"modified":"2025-09-12T09:32:18","modified_gmt":"2025-09-12T09:32:18","slug":"jornadas-educacion-para-el-desarrollo-sostenible","status":"publish","type":"post","link":"https:\/\/www.unioviedo.es\/grupoetic\/jornadas-educacion-para-el-desarrollo-sostenible\/","title":{"rendered":"Jornadas \u00abEducaci\u00f3n para el desarrollo sostenible\u00bb"},"content":{"rendered":"<p>El pr\u00f3ximo 25 de septiembre, a las 18.00 horas, tendr\u00e1 lugar en el Aula Escalonada del Edificio Hist\u00f3rico de la Universidad de Oviedo la mesa redonda de <span style=\"color: #33cccc;\"><strong>Educaci\u00f3n para el Desarrollo Sostenible titulada Una revisi\u00f3n multinivel de la educaci\u00f3n para el desarrollo sostenible en Asturias<\/strong><\/span>. El acto est\u00e1 organizado por la <a href=\"https:\/\/caagenda2030.uniovi.es\/\">C\u00e1tedra Concepci\u00f3n Arenal<\/a>. y contar\u00e1 con la participaci\u00f3n de nuestra compa\u00f1era Aquilina Fueyo.<\/p>\n<p>&nbsp;<\/p>\n<p><a href=\"http:\/\/www.unioviedo.es\/grupoetic\/wp-content\/uploads\/2025\/09\/Cartel-Jornada-EDS-25S_GlobaLabs.png\"><img loading=\"lazy\" decoding=\"async\" class=\"aligncenter size-large wp-image-1786\" src=\"http:\/\/www.unioviedo.es\/grupoetic\/wp-content\/uploads\/2025\/09\/Cartel-Jornada-EDS-25S_GlobaLabs-724x1024.png\" alt=\"\" width=\"610\" height=\"863\" srcset=\"https:\/\/www.unioviedo.es\/grupoetic\/wp-content\/uploads\/2025\/09\/Cartel-Jornada-EDS-25S_GlobaLabs-724x1024.png 724w, https:\/\/www.unioviedo.es\/grupoetic\/wp-content\/uploads\/2025\/09\/Cartel-Jornada-EDS-25S_GlobaLabs-212x300.png 212w, https:\/\/www.unioviedo.es\/grupoetic\/wp-content\/uploads\/2025\/09\/Cartel-Jornada-EDS-25S_GlobaLabs-768x1086.png 768w, https:\/\/www.unioviedo.es\/grupoetic\/wp-content\/uploads\/2025\/09\/Cartel-Jornada-EDS-25S_GlobaLabs-1086x1536.png 1086w, https:\/\/www.unioviedo.es\/grupoetic\/wp-content\/uploads\/2025\/09\/Cartel-Jornada-EDS-25S_GlobaLabs.png 1414w\" sizes=\"(max-width: 610px) 100vw, 610px\" \/><\/a><\/p>\n","protected":false},"excerpt":{"rendered":"<p>El pr\u00f3ximo 25 de septiembre, a las 18.00 horas, tendr\u00e1 lugar en el Aula Escalonada del Edificio Hist\u00f3rico de la Universidad de Oviedo la mesa redonda de Educaci\u00f3n para el Desarrollo Sostenible titulada Una revisi\u00f3n multinivel de la educaci\u00f3n para el desarrollo sostenible en Asturias. El acto est\u00e1 organizado por la C\u00e1tedra Concepci\u00f3n Arenal. y contar\u00e1 con la participaci\u00f3n de nuestra compa\u00f1era Aquilina Fueyo. &nbsp;<\/p>\n","protected":false},"author":6,"featured_media":1786,"comment_status":"open","ping_status":"open","sticky":false,"template":"","format":"standard","meta":{"footnotes":""},"categories":[26,28,32],"tags":[11,16,33],"_links":{"self":[{"href":"https:\/\/www.unioviedo.es\/grupoetic\/wp-json\/wp\/v2\/posts\/1785"}],"collection":[{"href":"https:\/\/www.unioviedo.es\/grupoetic\/wp-json\/wp\/v2\/posts"}],"about":[{"href":"https:\/\/www.unioviedo.es\/grupoetic\/wp-json\/wp\/v2\/types\/post"}],"author":[{"embeddable":true,"href":"https:\/\/www.unioviedo.es\/grupoetic\/wp-json\/wp\/v2\/users\/6"}],"replies":[{"embeddable":true,"href":"https:\/\/www.unioviedo.es\/grupoetic\/wp-json\/wp\/v2\/comments?post=1785"}],"version-history":[{"count":1,"href":"https:\/\/www.unioviedo.es\/grupoetic\/wp-json\/wp\/v2\/posts\/1785\/revisions"}],"predecessor-version":[{"id":1787,"href":"https:\/\/www.unioviedo.es\/grupoetic\/wp-json\/wp\/v2\/posts\/1785\/revisions\/1787"}],"wp:featuredmedia":[{"embeddable":true,"href":"https:\/\/www.unioviedo.es\/grupoetic\/wp-json\/wp\/v2\/media\/1786"}],"wp:attachment":[{"href":"https:\/\/www.unioviedo.es\/grupoetic\/wp-json\/wp\/v2\/media?parent=1785"}],"wp:term":[{"taxonomy":"category","embeddable":true,"href":"https:\/\/www.unioviedo.es\/grupoetic\/wp-json\/wp\/v2\/categories?post=1785"},{"taxonomy":"post_tag","embeddable":true,"href":"https:\/\/www.unioviedo.es\/grupoetic\/wp-json\/wp\/v2\/tags?post=1785"}],"curies":[{"name":"wp","href":"https:\/\/api.w.org\/{rel}","templated":true}]}}