{"id":1795,"date":"2025-09-29T07:43:35","date_gmt":"2025-09-29T07:43:35","guid":{"rendered":"https:\/\/www.unioviedo.es\/grupoetic\/?p=1795"},"modified":"2025-11-03T12:44:45","modified_gmt":"2025-11-03T12:44:45","slug":"microcredencial-brecha-digital","status":"publish","type":"post","link":"https:\/\/www.unioviedo.es\/grupoetic\/microcredencial-brecha-digital\/","title":{"rendered":"Microcredencial Brecha Digital"},"content":{"rendered":"<p>Desde el grupo IETIC-EVEA participamos en la microcredenical \u00ab<strong><span style=\"color: #33cccc;\"><em>Afrontar la brecha Digital en la era de los algoritmos y la inteligencia artificial<\/em><\/span><\/strong>\u00bb que se desarrollar\u00e1 entre el 12 de\u00a0 enero y el 15 de febrero de 2026 en modalidad online.<\/p>\n<p>Esta microcredencial aborda el impacto de la digitalizaci\u00f3n y la inteligencia artificial en la generaci\u00f3n de nuevas formas de exclusi\u00f3n social, especialmente entre los colectivos m\u00e1s vulnerables. Desde un enfoque cr\u00edtico y \u00e9tico, se analizan las tipolog\u00edas de brecha digital y su conexi\u00f3n con otras desigualdades, as\u00ed como los riesgos asociados a la automatizaci\u00f3n y los algoritmos sesgados. El curso promueve la reflexi\u00f3n sobre el uso socialmente responsable de la tecnolog\u00eda y propone estrategias de intervenci\u00f3n socioeducativa orientadas a la equidad, la alfabetizaci\u00f3n digital cr\u00edtica y el empoderamiento comunitario. A trav\u00e9s de metodolog\u00edas colaborativas y herramientas digitales, el alumnado elaborar\u00e1 propuestas de acci\u00f3n para contextos reales.<\/p>\n<p>Aqu\u00ed te contamos m\u00e1s (<a href=\"http:\/\/www.unioviedo.es\/grupoetic\/wp-content\/uploads\/2025\/09\/MU-en-Afrontar-la-brecha-digital-en-la-era-de-los-algoritmos-y-la-Inteligencia-Artificial-.pdf\">MU en Afrontar la brecha digital en la era de los algoritmos y la Inteligencia Artificial<\/a>):<\/p>\n<p><a href=\"http:\/\/www.unioviedo.es\/grupoetic\/wp-content\/uploads\/2025\/09\/Infografia-Microcredencial-Brecha-Digital-2025-1.png\"><img loading=\"lazy\" decoding=\"async\" class=\"aligncenter size-large wp-image-1809\" src=\"http:\/\/www.unioviedo.es\/grupoetic\/wp-content\/uploads\/2025\/09\/Infografia-Microcredencial-Brecha-Digital-2025-1-410x1024.png\" alt=\"\" width=\"410\" height=\"1024\" srcset=\"https:\/\/www.unioviedo.es\/grupoetic\/wp-content\/uploads\/2025\/09\/Infografia-Microcredencial-Brecha-Digital-2025-1-410x1024.png 410w, https:\/\/www.unioviedo.es\/grupoetic\/wp-content\/uploads\/2025\/09\/Infografia-Microcredencial-Brecha-Digital-2025-1-120x300.png 120w, https:\/\/www.unioviedo.es\/grupoetic\/wp-content\/uploads\/2025\/09\/Infografia-Microcredencial-Brecha-Digital-2025-1-768x1920.png 768w, https:\/\/www.unioviedo.es\/grupoetic\/wp-content\/uploads\/2025\/09\/Infografia-Microcredencial-Brecha-Digital-2025-1.png 800w\" sizes=\"(max-width: 410px) 100vw, 410px\" \/><\/a><\/p>\n<p>&nbsp;<\/p>\n<p>Si te interesa, la preinscripci\u00f3n puede realizarse <a href=\"https:\/\/sies.uniovi.es\/fnofpre\/web\/inicio.faces?token=3561779f978f35e7ead24ce84593ecf8bf640f847b6f45097fe76dc9401c4f29\">hasta el 5 de diciembre de 2025 aqu\u00ed<\/a> -&gt;<\/p>\n<p>&nbsp;<\/p>\n","protected":false},"excerpt":{"rendered":"<p>Desde el grupo IETIC-EVEA participamos en la microcredenical \u00abAfrontar la brecha Digital en la era de los algoritmos y la inteligencia artificial\u00bb que se desarrollar\u00e1 entre el 12 de\u00a0 enero y el 15 de febrero de 2026 en modalidad online. Esta microcredencial aborda el impacto de la digitalizaci\u00f3n y la inteligencia artificial en la generaci\u00f3n de nuevas formas de exclusi\u00f3n social, especialmente entre los colectivos m\u00e1s vulnerables. Desde un enfoque cr\u00edtico y \u00e9tico, se analizan las tipolog\u00edas de brecha digital y su conexi\u00f3n con otras desigualdades, as\u00ed como los riesgos asociados a la automatizaci\u00f3n y los algoritmos sesgados. El curso promueve la reflexi\u00f3n sobre el uso socialmente responsable de la tecnolog\u00eda y propone estrategias de intervenci\u00f3n socioeducativa orientadas a la equidad, la alfabetizaci\u00f3n digital cr\u00edtica y el empoderamiento comunitario. A trav\u00e9s de metodolog\u00edas colaborativas y herramientas digitales, el alumnado elaborar\u00e1 propuestas de acci\u00f3n para contextos reales. Aqu\u00ed te contamos m\u00e1s (MU en Afrontar la brecha digital en la era de los algoritmos y la Inteligencia Artificial): &nbsp; Si te interesa, la preinscripci\u00f3n puede realizarse hasta el 5 de diciembre de 2025 aqu\u00ed -&gt; &nbsp;<\/p>\n","protected":false},"author":6,"featured_media":1800,"comment_status":"open","ping_status":"open","sticky":false,"template":"","format":"standard","meta":{"footnotes":""},"categories":[4,23,35],"tags":[40,41],"_links":{"self":[{"href":"https:\/\/www.unioviedo.es\/grupoetic\/wp-json\/wp\/v2\/posts\/1795"}],"collection":[{"href":"https:\/\/www.unioviedo.es\/grupoetic\/wp-json\/wp\/v2\/posts"}],"about":[{"href":"https:\/\/www.unioviedo.es\/grupoetic\/wp-json\/wp\/v2\/types\/post"}],"author":[{"embeddable":true,"href":"https:\/\/www.unioviedo.es\/grupoetic\/wp-json\/wp\/v2\/users\/6"}],"replies":[{"embeddable":true,"href":"https:\/\/www.unioviedo.es\/grupoetic\/wp-json\/wp\/v2\/comments?post=1795"}],"version-history":[{"count":3,"href":"https:\/\/www.unioviedo.es\/grupoetic\/wp-json\/wp\/v2\/posts\/1795\/revisions"}],"predecessor-version":[{"id":1810,"href":"https:\/\/www.unioviedo.es\/grupoetic\/wp-json\/wp\/v2\/posts\/1795\/revisions\/1810"}],"wp:featuredmedia":[{"embeddable":true,"href":"https:\/\/www.unioviedo.es\/grupoetic\/wp-json\/wp\/v2\/media\/1800"}],"wp:attachment":[{"href":"https:\/\/www.unioviedo.es\/grupoetic\/wp-json\/wp\/v2\/media?parent=1795"}],"wp:term":[{"taxonomy":"category","embeddable":true,"href":"https:\/\/www.unioviedo.es\/grupoetic\/wp-json\/wp\/v2\/categories?post=1795"},{"taxonomy":"post_tag","embeddable":true,"href":"https:\/\/www.unioviedo.es\/grupoetic\/wp-json\/wp\/v2\/tags?post=1795"}],"curies":[{"name":"wp","href":"https:\/\/api.w.org\/{rel}","templated":true}]}}