{"id":1817,"date":"2025-12-10T15:53:11","date_gmt":"2025-12-10T15:53:11","guid":{"rendered":"https:\/\/www.unioviedo.es\/grupoetic\/?p=1817"},"modified":"2025-12-10T15:53:11","modified_gmt":"2025-12-10T15:53:11","slug":"participacion-en-las-jornadas-promocion-del-bienestar-emocional-y-prevencion-del-acoso","status":"publish","type":"post","link":"https:\/\/www.unioviedo.es\/grupoetic\/participacion-en-las-jornadas-promocion-del-bienestar-emocional-y-prevencion-del-acoso\/","title":{"rendered":"Participaci\u00f3n en las Jornadas \u00abPROMOCI\u00d3N DEL BIENESTAR EMOCIONAL Y PREVENCI\u00d3N DEL ACOSO\u00bb"},"content":{"rendered":"<p>El 10 de diciembre se participar\u00e1 en la mesa \u00ab<em><strong>Uso abusivo de las pantallas y adicciones digitales<\/strong><\/em>\u00bb en el marco de las Jornadas de Formaci\u00f3n Transversal organizadas por la coordinaci\u00f3n del M\u00e1ster en Formaci\u00f3n del Profesorado de Educaci\u00f3n Secundaria, Bachillerato y FP en colaboraci\u00f3n con el CPR de Oviedo (<a href=\"https:\/\/fpe.uniovi.es\/c\/document_library\/get_file?uuid=2fdf3261-163c-40e7-875c-2ba4a480ca6c&amp;groupId=3007383\">enlace al programa completo)<\/a><\/p>\n<p><a href=\"http:\/\/www.unioviedo.es\/grupoetic\/wp-content\/uploads\/2025\/12\/image_gallery.png\"><img loading=\"lazy\" decoding=\"async\" class=\"aligncenter size-large wp-image-1818\" src=\"http:\/\/www.unioviedo.es\/grupoetic\/wp-content\/uploads\/2025\/12\/image_gallery-710x1024.png\" alt=\"\" width=\"610\" height=\"880\" srcset=\"https:\/\/www.unioviedo.es\/grupoetic\/wp-content\/uploads\/2025\/12\/image_gallery-710x1024.png 710w, https:\/\/www.unioviedo.es\/grupoetic\/wp-content\/uploads\/2025\/12\/image_gallery-208x300.png 208w, https:\/\/www.unioviedo.es\/grupoetic\/wp-content\/uploads\/2025\/12\/image_gallery-768x1108.png 768w, https:\/\/www.unioviedo.es\/grupoetic\/wp-content\/uploads\/2025\/12\/image_gallery-1065x1536.png 1065w, https:\/\/www.unioviedo.es\/grupoetic\/wp-content\/uploads\/2025\/12\/image_gallery.png 1420w\" sizes=\"(max-width: 610px) 100vw, 610px\" \/><\/a><\/p>\n","protected":false},"excerpt":{"rendered":"<p>El 10 de diciembre se participar\u00e1 en la mesa \u00abUso abusivo de las pantallas y adicciones digitales\u00bb en el marco de las Jornadas de Formaci\u00f3n Transversal organizadas por la coordinaci\u00f3n del M\u00e1ster en Formaci\u00f3n del Profesorado de Educaci\u00f3n Secundaria, Bachillerato y FP en colaboraci\u00f3n con el CPR de Oviedo (enlace al programa completo)<\/p>\n","protected":false},"author":6,"featured_media":1818,"comment_status":"open","ping_status":"open","sticky":false,"template":"","format":"standard","meta":{"footnotes":""},"categories":[4,23],"tags":[43,42],"_links":{"self":[{"href":"https:\/\/www.unioviedo.es\/grupoetic\/wp-json\/wp\/v2\/posts\/1817"}],"collection":[{"href":"https:\/\/www.unioviedo.es\/grupoetic\/wp-json\/wp\/v2\/posts"}],"about":[{"href":"https:\/\/www.unioviedo.es\/grupoetic\/wp-json\/wp\/v2\/types\/post"}],"author":[{"embeddable":true,"href":"https:\/\/www.unioviedo.es\/grupoetic\/wp-json\/wp\/v2\/users\/6"}],"replies":[{"embeddable":true,"href":"https:\/\/www.unioviedo.es\/grupoetic\/wp-json\/wp\/v2\/comments?post=1817"}],"version-history":[{"count":1,"href":"https:\/\/www.unioviedo.es\/grupoetic\/wp-json\/wp\/v2\/posts\/1817\/revisions"}],"predecessor-version":[{"id":1819,"href":"https:\/\/www.unioviedo.es\/grupoetic\/wp-json\/wp\/v2\/posts\/1817\/revisions\/1819"}],"wp:featuredmedia":[{"embeddable":true,"href":"https:\/\/www.unioviedo.es\/grupoetic\/wp-json\/wp\/v2\/media\/1818"}],"wp:attachment":[{"href":"https:\/\/www.unioviedo.es\/grupoetic\/wp-json\/wp\/v2\/media?parent=1817"}],"wp:term":[{"taxonomy":"category","embeddable":true,"href":"https:\/\/www.unioviedo.es\/grupoetic\/wp-json\/wp\/v2\/categories?post=1817"},{"taxonomy":"post_tag","embeddable":true,"href":"https:\/\/www.unioviedo.es\/grupoetic\/wp-json\/wp\/v2\/tags?post=1817"}],"curies":[{"name":"wp","href":"https:\/\/api.w.org\/{rel}","templated":true}]}}