{"id":1820,"date":"2025-05-15T11:07:17","date_gmt":"2025-05-15T11:07:17","guid":{"rendered":"https:\/\/www.unioviedo.es\/grupoetic\/?p=1820"},"modified":"2025-12-14T11:18:04","modified_gmt":"2025-12-14T11:18:04","slug":"ponencia-marco-genero-y-desarrollo-cuestiones-clave-desde-una-perspectiva-feminista","status":"publish","type":"post","link":"https:\/\/www.unioviedo.es\/grupoetic\/ponencia-marco-genero-y-desarrollo-cuestiones-clave-desde-una-perspectiva-feminista\/","title":{"rendered":"Ponencia marco: G\u00e9nero y desarrollo cuestiones clave desde una perspectiva feminista"},"content":{"rendered":"<p><a href=\"http:\/\/www.unioviedo.es\/grupoetic\/wp-content\/uploads\/2025\/12\/Captura-de-pantalla-2025-12-14-a-las-12.14.27.png\"><img loading=\"lazy\" decoding=\"async\" class=\"alignnone size-medium wp-image-1821\" src=\"http:\/\/www.unioviedo.es\/grupoetic\/wp-content\/uploads\/2025\/12\/Captura-de-pantalla-2025-12-14-a-las-12.14.27-300x141.png\" alt=\"\" width=\"300\" height=\"141\" srcset=\"https:\/\/www.unioviedo.es\/grupoetic\/wp-content\/uploads\/2025\/12\/Captura-de-pantalla-2025-12-14-a-las-12.14.27-300x141.png 300w, https:\/\/www.unioviedo.es\/grupoetic\/wp-content\/uploads\/2025\/12\/Captura-de-pantalla-2025-12-14-a-las-12.14.27-1024x483.png 1024w, https:\/\/www.unioviedo.es\/grupoetic\/wp-content\/uploads\/2025\/12\/Captura-de-pantalla-2025-12-14-a-las-12.14.27-768x362.png 768w, https:\/\/www.unioviedo.es\/grupoetic\/wp-content\/uploads\/2025\/12\/Captura-de-pantalla-2025-12-14-a-las-12.14.27-1536x724.png 1536w, https:\/\/www.unioviedo.es\/grupoetic\/wp-content\/uploads\/2025\/12\/Captura-de-pantalla-2025-12-14-a-las-12.14.27.png 1858w\" sizes=\"(max-width: 300px) 100vw, 300px\" \/><\/a><\/p>\n<p>Grabaci\u00f3n que recoge la Ponencia\u00a0 Marco de la Jornada \u201cEl Enfoque Feminista en la Cooperaci\u00f3n al Desarrollo\u00bb, en el marco del proyecto \u00abG\u00e9nero, Interculturalidad y Convivencia VII\u00bb, financiado por la Agencia Asturiana de Cooperaci\u00f3n al Desarrollo, realizada el 15 de mayo, en la Escuela de Comercio de Gij\u00f3n. El objetivo de la jornada ha sido reflexionar sobre cuestiones clave, buenas pr\u00e1cticas y experiencias del enfoque feminista en la cooperaci\u00f3n al desarrollo. Nuestra aportaci\u00f3n est\u00e1 vinculada al proyecto \u201cInvestigaci\u00f3n participativa en laboratorios juveniles de ciudadan\u00eda global (GlobaLabs)\u201d PID2023-146088OB-C32 financiado por MICIU\/AEI\/10.13039\/501100011033 y por FEDER\/UE<\/p>\n<p>&nbsp;<\/p>\n<p><iframe loading=\"lazy\" title=\"Ponencia marco: G\u00e9nero y desarrollo cuestiones clave desde una perspectiva feminista\" width=\"610\" height=\"343\" src=\"https:\/\/www.youtube.com\/embed\/gLPTBRZVfbU?feature=oembed\" frameborder=\"0\" allow=\"accelerometer; autoplay; clipboard-write; encrypted-media; gyroscope; picture-in-picture; web-share\" referrerpolicy=\"strict-origin-when-cross-origin\" allowfullscreen><\/iframe><\/p>\n","protected":false},"excerpt":{"rendered":"<p>Grabaci\u00f3n que recoge la Ponencia\u00a0 Marco de la Jornada \u201cEl Enfoque Feminista en la Cooperaci\u00f3n al Desarrollo\u00bb, en el marco del proyecto \u00abG\u00e9nero, Interculturalidad y Convivencia VII\u00bb, financiado por la Agencia Asturiana de Cooperaci\u00f3n al Desarrollo, realizada el 15 de mayo, en la Escuela de Comercio de Gij\u00f3n. El objetivo de la jornada ha sido reflexionar sobre cuestiones clave, buenas pr\u00e1cticas y experiencias del enfoque feminista en la cooperaci\u00f3n al desarrollo. Nuestra aportaci\u00f3n est\u00e1 vinculada al proyecto \u201cInvestigaci\u00f3n participativa en laboratorios juveniles de ciudadan\u00eda global (GlobaLabs)\u201d PID2023-146088OB-C32 financiado por MICIU\/AEI\/10.13039\/501100011033 y por FEDER\/UE &nbsp;<\/p>\n","protected":false},"author":5,"featured_media":1821,"comment_status":"open","ping_status":"open","sticky":false,"template":"","format":"standard","meta":{"footnotes":""},"categories":[3],"tags":[],"_links":{"self":[{"href":"https:\/\/www.unioviedo.es\/grupoetic\/wp-json\/wp\/v2\/posts\/1820"}],"collection":[{"href":"https:\/\/www.unioviedo.es\/grupoetic\/wp-json\/wp\/v2\/posts"}],"about":[{"href":"https:\/\/www.unioviedo.es\/grupoetic\/wp-json\/wp\/v2\/types\/post"}],"author":[{"embeddable":true,"href":"https:\/\/www.unioviedo.es\/grupoetic\/wp-json\/wp\/v2\/users\/5"}],"replies":[{"embeddable":true,"href":"https:\/\/www.unioviedo.es\/grupoetic\/wp-json\/wp\/v2\/comments?post=1820"}],"version-history":[{"count":1,"href":"https:\/\/www.unioviedo.es\/grupoetic\/wp-json\/wp\/v2\/posts\/1820\/revisions"}],"predecessor-version":[{"id":1822,"href":"https:\/\/www.unioviedo.es\/grupoetic\/wp-json\/wp\/v2\/posts\/1820\/revisions\/1822"}],"wp:featuredmedia":[{"embeddable":true,"href":"https:\/\/www.unioviedo.es\/grupoetic\/wp-json\/wp\/v2\/media\/1821"}],"wp:attachment":[{"href":"https:\/\/www.unioviedo.es\/grupoetic\/wp-json\/wp\/v2\/media?parent=1820"}],"wp:term":[{"taxonomy":"category","embeddable":true,"href":"https:\/\/www.unioviedo.es\/grupoetic\/wp-json\/wp\/v2\/categories?post=1820"},{"taxonomy":"post_tag","embeddable":true,"href":"https:\/\/www.unioviedo.es\/grupoetic\/wp-json\/wp\/v2\/tags?post=1820"}],"curies":[{"name":"wp","href":"https:\/\/api.w.org\/{rel}","templated":true}]}}