{"id":1865,"date":"2026-03-10T21:41:59","date_gmt":"2026-03-10T21:41:59","guid":{"rendered":"https:\/\/www.unioviedo.es\/grupoetic\/?p=1865"},"modified":"2026-03-10T21:46:15","modified_gmt":"2026-03-10T21:46:15","slug":"reunion-de-cierre-fase-1-del-proyecto-globalabs","status":"publish","type":"post","link":"https:\/\/www.unioviedo.es\/grupoetic\/reunion-de-cierre-fase-1-del-proyecto-globalabs\/","title":{"rendered":"Reuni\u00f3n de cierre Fase 1 del Proyecto GlobaLabs"},"content":{"rendered":"<p><a href=\"http:\/\/www.unioviedo.es\/grupoetic\/wp-content\/uploads\/2026\/03\/PHOTO-2026-03-10-22-10-53.jpg\"><img loading=\"lazy\" decoding=\"async\" class=\"wp-image-1866 size-large aligncenter\" src=\"http:\/\/www.unioviedo.es\/grupoetic\/wp-content\/uploads\/2026\/03\/PHOTO-2026-03-10-22-10-53-e1773178405595-1024x478.jpg\" alt=\"\" width=\"610\" height=\"285\" srcset=\"https:\/\/www.unioviedo.es\/grupoetic\/wp-content\/uploads\/2026\/03\/PHOTO-2026-03-10-22-10-53-e1773178405595-1024x478.jpg 1024w, https:\/\/www.unioviedo.es\/grupoetic\/wp-content\/uploads\/2026\/03\/PHOTO-2026-03-10-22-10-53-e1773178405595-300x140.jpg 300w, https:\/\/www.unioviedo.es\/grupoetic\/wp-content\/uploads\/2026\/03\/PHOTO-2026-03-10-22-10-53-e1773178405595-768x358.jpg 768w, https:\/\/www.unioviedo.es\/grupoetic\/wp-content\/uploads\/2026\/03\/PHOTO-2026-03-10-22-10-53-e1773178405595-1536x716.jpg 1536w, https:\/\/www.unioviedo.es\/grupoetic\/wp-content\/uploads\/2026\/03\/PHOTO-2026-03-10-22-10-53-e1773178405595.jpg 2041w\" sizes=\"(max-width: 610px) 100vw, 610px\" \/><\/a><\/p>\n<p>El pasado 6 de marzo tuvo lugar en Oviedo la reuni\u00f3n de los equipos de los tres subproyectos en donde se enmarca nuestro I+D I<a href=\"https:\/\/www.unioviedo.es\/grupoetic\/globalabs\/\">nvestigaci\u00f3n participativa en laboratorios juveniles de ciudadan\u00eda global (GlobaLabs)<\/a>. El equipo interuniversitario (Unican, Uniovi y UAC) que integra nuestro proyecto de investigaci\u00f3n se reuni\u00f3 en una sesi\u00f3n de trabajo intensiva para analizar los resultados de la primera fase de nuestro proyecto. Representantes de las tres instituciones implicadas pusimos en com\u00fan los hallazgos preliminares con un objetivo claro: identificar las claves que marcar\u00e1n el rumbo de nuestra investigaci\u00f3n.<\/p>\n<p>Trabajar en red nos permite abordar los desaf\u00edos desde \u00e1ngulos complementarios y, por ello, durante la jornada, no solo compartimos resultados; tambi\u00e9n validamos metodolog\u00edas y contrastamos las realidades observadas en cada uno de los territorios de estudio. Esta fase inicial ha sido fundamental para asentar los cimientos de los <strong>Laboratorios de Jovenes que investigan sobre retos globales<\/strong> que queremos desarrollar en la Fase 2 de nuestro subproyecto. Con las claves ya sobre la mesa, el equipo de Uniovi inicia ahora la segunda fase centrada en el dise\u00f1o y experimentaci\u00f3n de estos laboratorios.<\/p>\n<p>&nbsp;<\/p>\n<p>&nbsp;<\/p>\n","protected":false},"excerpt":{"rendered":"<p>El pasado 6 de marzo tuvo lugar en Oviedo la reuni\u00f3n de los equipos de los tres subproyectos en donde se enmarca nuestro I+D Investigaci\u00f3n participativa en laboratorios juveniles de ciudadan\u00eda global (GlobaLabs). El equipo interuniversitario (Unican, Uniovi y UAC) que integra nuestro proyecto de investigaci\u00f3n se reuni\u00f3 en una sesi\u00f3n de trabajo intensiva para analizar los resultados de la primera fase de nuestro proyecto. Representantes de las tres instituciones implicadas pusimos en com\u00fan los hallazgos preliminares con un objetivo claro: identificar las claves que marcar\u00e1n el rumbo de nuestra investigaci\u00f3n. Trabajar en red nos permite abordar los desaf\u00edos desde \u00e1ngulos complementarios y, por ello, durante la jornada, no solo compartimos resultados; tambi\u00e9n validamos metodolog\u00edas y contrastamos las realidades observadas en cada uno de los territorios de estudio. Esta fase inicial ha sido fundamental para asentar los cimientos de los Laboratorios de Jovenes que investigan sobre retos globales que queremos desarrollar en la Fase 2 de nuestro subproyecto. Con las claves ya sobre la mesa, el equipo de Uniovi inicia ahora la segunda fase centrada en el dise\u00f1o y experimentaci\u00f3n de estos laboratorios. &nbsp; &nbsp;<\/p>\n","protected":false},"author":6,"featured_media":1866,"comment_status":"open","ping_status":"open","sticky":false,"template":"","format":"standard","meta":{"footnotes":""},"categories":[3],"tags":[33,45],"_links":{"self":[{"href":"https:\/\/www.unioviedo.es\/grupoetic\/wp-json\/wp\/v2\/posts\/1865"}],"collection":[{"href":"https:\/\/www.unioviedo.es\/grupoetic\/wp-json\/wp\/v2\/posts"}],"about":[{"href":"https:\/\/www.unioviedo.es\/grupoetic\/wp-json\/wp\/v2\/types\/post"}],"author":[{"embeddable":true,"href":"https:\/\/www.unioviedo.es\/grupoetic\/wp-json\/wp\/v2\/users\/6"}],"replies":[{"embeddable":true,"href":"https:\/\/www.unioviedo.es\/grupoetic\/wp-json\/wp\/v2\/comments?post=1865"}],"version-history":[{"count":4,"href":"https:\/\/www.unioviedo.es\/grupoetic\/wp-json\/wp\/v2\/posts\/1865\/revisions"}],"predecessor-version":[{"id":1870,"href":"https:\/\/www.unioviedo.es\/grupoetic\/wp-json\/wp\/v2\/posts\/1865\/revisions\/1870"}],"wp:featuredmedia":[{"embeddable":true,"href":"https:\/\/www.unioviedo.es\/grupoetic\/wp-json\/wp\/v2\/media\/1866"}],"wp:attachment":[{"href":"https:\/\/www.unioviedo.es\/grupoetic\/wp-json\/wp\/v2\/media?parent=1865"}],"wp:term":[{"taxonomy":"category","embeddable":true,"href":"https:\/\/www.unioviedo.es\/grupoetic\/wp-json\/wp\/v2\/categories?post=1865"},{"taxonomy":"post_tag","embeddable":true,"href":"https:\/\/www.unioviedo.es\/grupoetic\/wp-json\/wp\/v2\/tags?post=1865"}],"curies":[{"name":"wp","href":"https:\/\/api.w.org\/{rel}","templated":true}]}}