{"id":1896,"date":"2026-04-22T11:21:55","date_gmt":"2026-04-22T11:21:55","guid":{"rendered":"https:\/\/www.unioviedo.es\/grupoetic\/?p=1896"},"modified":"2026-04-28T11:41:07","modified_gmt":"2026-04-28T11:41:07","slug":"foro-de-debate-claves-y-retos-de-la-cooperacion-al-desarrollo-universitaria","status":"publish","type":"post","link":"https:\/\/www.unioviedo.es\/grupoetic\/foro-de-debate-claves-y-retos-de-la-cooperacion-al-desarrollo-universitaria\/","title":{"rendered":"Foro de debate: \u201cClaves y retos de la Cooperaci\u00f3n al Desarrollo Universitaria\u201d"},"content":{"rendered":"<p>El grupo IETIC-EVEA particip\u00f3 en el foro de debate \u00abClaves y retos de la Cooperaci\u00f3n al Desarrollo universitaria\u00bb en el que se abordaron desde la situaci\u00f3n geopol\u00edtica mundial hasta los\u00a0 diferentes aspectos de la docencia y la investigaci\u00f3n que deber\u00edan abordarse para mejorar la cooperaci\u00f3n al desarrollo desde la Univesidad de Oviedo. Se aportaron algunas de las experiencias que el grupo ha venido desarrollando en el marco del proyecto <strong>GlobalLabs<\/strong> PID2023-146088OB-C32.\u00a0 Estas aportaciones\u00a0quedan recogidas en las notas que se pueden leer en el siguiente enlace:<\/p>\n<h4><strong><span style=\"color: #000000;\"> <a href=\"http:\/\/www.unioviedo.es\/grupoetic\/wp-content\/uploads\/2026\/04\/COOPERACION-AL-DESARROLLO-EN-LA-UNIVERSIDAD.docx\">COOPERACIO\u0301N AL DESARROLLO EN LA UNIVERSIDAD<\/a><a href=\"http:\/\/www.unioviedo.es\/grupoetic\/wp-content\/uploads\/2026\/04\/WhatsApp-Image-2026-04-22-at-13.05.49.jpeg\"><img loading=\"lazy\" decoding=\"async\" class=\"alignnone size-medium wp-image-1898\" src=\"http:\/\/www.unioviedo.es\/grupoetic\/wp-content\/uploads\/2026\/04\/WhatsApp-Image-2026-04-22-at-13.05.49-300x139.jpeg\" alt=\"\" width=\"300\" height=\"139\" srcset=\"https:\/\/www.unioviedo.es\/grupoetic\/wp-content\/uploads\/2026\/04\/WhatsApp-Image-2026-04-22-at-13.05.49-300x139.jpeg 300w, https:\/\/www.unioviedo.es\/grupoetic\/wp-content\/uploads\/2026\/04\/WhatsApp-Image-2026-04-22-at-13.05.49-1024x473.jpeg 1024w, https:\/\/www.unioviedo.es\/grupoetic\/wp-content\/uploads\/2026\/04\/WhatsApp-Image-2026-04-22-at-13.05.49-768x355.jpeg 768w, https:\/\/www.unioviedo.es\/grupoetic\/wp-content\/uploads\/2026\/04\/WhatsApp-Image-2026-04-22-at-13.05.49-1536x710.jpeg 1536w, https:\/\/www.unioviedo.es\/grupoetic\/wp-content\/uploads\/2026\/04\/WhatsApp-Image-2026-04-22-at-13.05.49.jpeg 2000w\" sizes=\"(max-width: 300px) 100vw, 300px\" \/><\/a><a href=\"http:\/\/www.unioviedo.es\/grupoetic\/wp-content\/uploads\/2026\/04\/WhatsApp-Image-2026-04-22-at-13.06.12.jpeg\"><img loading=\"lazy\" decoding=\"async\" class=\"alignnone size-medium wp-image-1899\" src=\"http:\/\/www.unioviedo.es\/grupoetic\/wp-content\/uploads\/2026\/04\/WhatsApp-Image-2026-04-22-at-13.06.12-300x225.jpeg\" alt=\"\" width=\"300\" height=\"225\" srcset=\"https:\/\/www.unioviedo.es\/grupoetic\/wp-content\/uploads\/2026\/04\/WhatsApp-Image-2026-04-22-at-13.06.12-300x225.jpeg 300w, https:\/\/www.unioviedo.es\/grupoetic\/wp-content\/uploads\/2026\/04\/WhatsApp-Image-2026-04-22-at-13.06.12-1024x768.jpeg 1024w, https:\/\/www.unioviedo.es\/grupoetic\/wp-content\/uploads\/2026\/04\/WhatsApp-Image-2026-04-22-at-13.06.12-768x576.jpeg 768w, https:\/\/www.unioviedo.es\/grupoetic\/wp-content\/uploads\/2026\/04\/WhatsApp-Image-2026-04-22-at-13.06.12-1536x1152.jpeg 1536w, https:\/\/www.unioviedo.es\/grupoetic\/wp-content\/uploads\/2026\/04\/WhatsApp-Image-2026-04-22-at-13.06.12.jpeg 1600w\" sizes=\"(max-width: 300px) 100vw, 300px\" \/><\/a><\/span><\/strong><\/h4>\n","protected":false},"excerpt":{"rendered":"<p>El grupo IETIC-EVEA particip\u00f3 en el foro de debate \u00abClaves y retos de la Cooperaci\u00f3n al Desarrollo universitaria\u00bb en el que se abordaron desde la situaci\u00f3n geopol\u00edtica mundial hasta los\u00a0 diferentes aspectos de la docencia y la investigaci\u00f3n que deber\u00edan abordarse para mejorar la cooperaci\u00f3n al desarrollo desde la Univesidad de Oviedo. Se aportaron algunas de las experiencias que el grupo ha venido desarrollando en el marco del proyecto GlobalLabs PID2023-146088OB-C32.\u00a0 Estas aportaciones\u00a0quedan recogidas en las notas que se pueden leer en el siguiente enlace: COOPERACIO\u0301N AL DESARROLLO EN LA UNIVERSIDAD<\/p>\n","protected":false},"author":5,"featured_media":1899,"comment_status":"open","ping_status":"open","sticky":false,"template":"","format":"standard","meta":{"footnotes":""},"categories":[3],"tags":[],"_links":{"self":[{"href":"https:\/\/www.unioviedo.es\/grupoetic\/wp-json\/wp\/v2\/posts\/1896"}],"collection":[{"href":"https:\/\/www.unioviedo.es\/grupoetic\/wp-json\/wp\/v2\/posts"}],"about":[{"href":"https:\/\/www.unioviedo.es\/grupoetic\/wp-json\/wp\/v2\/types\/post"}],"author":[{"embeddable":true,"href":"https:\/\/www.unioviedo.es\/grupoetic\/wp-json\/wp\/v2\/users\/5"}],"replies":[{"embeddable":true,"href":"https:\/\/www.unioviedo.es\/grupoetic\/wp-json\/wp\/v2\/comments?post=1896"}],"version-history":[{"count":4,"href":"https:\/\/www.unioviedo.es\/grupoetic\/wp-json\/wp\/v2\/posts\/1896\/revisions"}],"predecessor-version":[{"id":1904,"href":"https:\/\/www.unioviedo.es\/grupoetic\/wp-json\/wp\/v2\/posts\/1896\/revisions\/1904"}],"wp:featuredmedia":[{"embeddable":true,"href":"https:\/\/www.unioviedo.es\/grupoetic\/wp-json\/wp\/v2\/media\/1899"}],"wp:attachment":[{"href":"https:\/\/www.unioviedo.es\/grupoetic\/wp-json\/wp\/v2\/media?parent=1896"}],"wp:term":[{"taxonomy":"category","embeddable":true,"href":"https:\/\/www.unioviedo.es\/grupoetic\/wp-json\/wp\/v2\/categories?post=1896"},{"taxonomy":"post_tag","embeddable":true,"href":"https:\/\/www.unioviedo.es\/grupoetic\/wp-json\/wp\/v2\/tags?post=1896"}],"curies":[{"name":"wp","href":"https:\/\/api.w.org\/{rel}","templated":true}]}}