{"id":532,"date":"2015-09-28T14:08:48","date_gmt":"2015-09-28T14:08:48","guid":{"rendered":"http:\/\/www.unioviedo.es\/grupoetic\/?p=532"},"modified":"2015-09-28T14:14:52","modified_gmt":"2015-09-28T14:14:52","slug":"tercera-edicion-de-los-cursos-mooc-de-eco","status":"publish","type":"post","link":"https:\/\/www.unioviedo.es\/grupoetic\/tercera-edicion-de-los-cursos-mooc-de-eco\/","title":{"rendered":"Tercera edici\u00f3n de los cursos MOOC de ECO"},"content":{"rendered":"<p style=\"text-align: justify;\">El pr\u00f3ximo <strong>5 de octubre<\/strong> comienza una nueva edici\u00f3n de los 16 cursos MOOC desarrollados por el <a href=\"https:\/\/ecolearning.eu\/\" target=\"_blank\">proyecto ECO (Elearning, Communication and Open-Data)<\/a>, auspiciado por la Comisi\u00f3n Europea. Se trata de la tercera edici\u00f3n, ampliada y mejorada de estos cursos online desarrollados por diferentes universidades e instituciones punteras en el \u00e1mbito de la educaci\u00f3n superior y destinados a todo tipo de participantes, pero con un enfoque especialmente interesante para profesores y educadores. Desde el equipo eTIC de la Universidad de Oviedo, junto con la Universidad de Cantabria y la UNED,\u00a0 participamos en dos cursos:<\/p>\n<p style=\"text-align: justify;\"><span style=\"color: #ffffff;\">I<\/span><\/p>\n<p style=\"text-align: justify;\">El MOOC \u00ab<span style=\"color: #ffcc00;\"><strong>Alfabetizaci\u00f3n Digital para colectivos en riesgo de exclusi\u00f3n socia<\/strong>l<\/span>\u00ab, en donde se abordan las posibilidades de la Alfabetizaci\u00f3n Digital como herramienta de inclusi\u00f3n social, entendiendo que la alfabetizaci\u00f3n no es una capacitaci\u00f3n meramente instrumental, sino que abarca adem\u00e1s otras dimensiones dirigidas a la mejora de la calidad de vida de las personas, incluyendo su capacidad para usar las nuevas tecnolog\u00edas en la transformaci\u00f3n de su realidad social, laboral, personal y pol\u00edtica m\u00e1s inmediata. Aqu\u00ed puedes ver su v\u00eddeo de presentaci\u00f3n y toda la informaci\u00f3n del curso:<\/p>\n<p><iframe loading=\"lazy\" src=\"https:\/\/www.youtube.com\/embed\/MyrXW4XHI1c\" width=\"560\" height=\"315\" frameborder=\"0\" allowfullscreen=\"allowfullscreen\"><\/iframe><\/p>\n<p>&nbsp;<\/p>\n<p style=\"text-align: justify;\">El MOOC\u00a0 \u00ab<span style=\"color: #ffcc00;\"><strong>Innovaci\u00f3n Educativa y Desarrollo Profesional. Posibilidades y l\u00edmites de las TIC<\/strong><\/span>\u00bb en donde se pretende preparar al alumnado para comprender c\u00f3mo se desarrollan los proyectos de innovaci\u00f3n educativa en los que se incorporan las Tecnolog\u00edas de la Informaci\u00f3n y la Comunicaci\u00f3n (TIC), que facilitan y promueven el desarrollo profesional de las personas implicadas.\u00a0 Aqu\u00ed puedes ver su v\u00eddeo de presentaci\u00f3n<\/p>\n<p><iframe loading=\"lazy\" src=\"https:\/\/www.youtube.com\/embed\/RNQC_f9r-04\" width=\"560\" height=\"315\" frameborder=\"0\" allowfullscreen=\"allowfullscreen\"><\/iframe><\/p>\n<p>Adem\u00e1s de estos cursos, entre los 16 ofertados, hay otros MOOC disponibles en espa\u00f1ol:<\/p>\n<ul>\n<ul>\n<ul>\n<ul>\n<li>Competencias creativas para el profesorado<\/li>\n<li>Comunicaci\u00f3n y aprendizaje m\u00f3vil<\/li>\n<li>Flipped Classroom<\/li>\n<li>Recursos Educativos Abiertos. Aplicaciones pedag\u00f3gicas y comunicativas<\/li>\n<li>Sexualidad Amigable y Responsable<\/li>\n<\/ul>\n<\/ul>\n<\/ul>\n<\/ul>\n<p><strong>Todos los cursos empiezan el 5 de octubre<\/strong>.<\/p>\n<p>Son totalmente gratuitos y puedes matricularte en: <a href=\"https:\/\/ecolearning.eu\/\" target=\"_blank\">https:\/\/ecolearning.eu\/<\/a><\/p>\n<p>&nbsp;<\/p>\n<p>&nbsp;<\/p>\n","protected":false},"excerpt":{"rendered":"<p>El pr\u00f3ximo 5 de octubre comienza una nueva edici\u00f3n de los 16 cursos MOOC desarrollados por el proyecto ECO (Elearning, Communication and Open-Data), auspiciado por la Comisi\u00f3n Europea. Se trata de la tercera edici\u00f3n, ampliada y mejorada de estos cursos online desarrollados por diferentes universidades e instituciones punteras en el \u00e1mbito de la educaci\u00f3n superior y destinados a todo tipo de participantes, pero con un enfoque especialmente interesante para profesores y educadores. Desde el equipo eTIC de la Universidad de Oviedo, junto con la Universidad de Cantabria y la UNED,\u00a0 participamos en dos cursos: I El MOOC \u00abAlfabetizaci\u00f3n Digital para colectivos en riesgo de exclusi\u00f3n social\u00ab, en donde se abordan las posibilidades de la Alfabetizaci\u00f3n Digital como herramienta de inclusi\u00f3n social, entendiendo que la alfabetizaci\u00f3n no es una capacitaci\u00f3n meramente instrumental, sino que abarca adem\u00e1s otras dimensiones dirigidas a la mejora de la calidad de vida de las personas, incluyendo su capacidad para usar las nuevas tecnolog\u00edas en la transformaci\u00f3n de su realidad social, laboral, personal y pol\u00edtica m\u00e1s inmediata. Aqu\u00ed puedes ver su v\u00eddeo de presentaci\u00f3n y toda la informaci\u00f3n del curso: &nbsp; El MOOC\u00a0 \u00abInnovaci\u00f3n Educativa y Desarrollo Profesional. Posibilidades y l\u00edmites de las TIC\u00bb en donde se [&hellip;]<\/p>\n","protected":false},"author":1,"featured_media":539,"comment_status":"open","ping_status":"open","sticky":false,"template":"","format":"standard","meta":{"footnotes":""},"categories":[4,3],"tags":[8,10,6,9,7],"_links":{"self":[{"href":"https:\/\/www.unioviedo.es\/grupoetic\/wp-json\/wp\/v2\/posts\/532"}],"collection":[{"href":"https:\/\/www.unioviedo.es\/grupoetic\/wp-json\/wp\/v2\/posts"}],"about":[{"href":"https:\/\/www.unioviedo.es\/grupoetic\/wp-json\/wp\/v2\/types\/post"}],"author":[{"embeddable":true,"href":"https:\/\/www.unioviedo.es\/grupoetic\/wp-json\/wp\/v2\/users\/1"}],"replies":[{"embeddable":true,"href":"https:\/\/www.unioviedo.es\/grupoetic\/wp-json\/wp\/v2\/comments?post=532"}],"version-history":[{"count":10,"href":"https:\/\/www.unioviedo.es\/grupoetic\/wp-json\/wp\/v2\/posts\/532\/revisions"}],"predecessor-version":[{"id":543,"href":"https:\/\/www.unioviedo.es\/grupoetic\/wp-json\/wp\/v2\/posts\/532\/revisions\/543"}],"wp:featuredmedia":[{"embeddable":true,"href":"https:\/\/www.unioviedo.es\/grupoetic\/wp-json\/wp\/v2\/media\/539"}],"wp:attachment":[{"href":"https:\/\/www.unioviedo.es\/grupoetic\/wp-json\/wp\/v2\/media?parent=532"}],"wp:term":[{"taxonomy":"category","embeddable":true,"href":"https:\/\/www.unioviedo.es\/grupoetic\/wp-json\/wp\/v2\/categories?post=532"},{"taxonomy":"post_tag","embeddable":true,"href":"https:\/\/www.unioviedo.es\/grupoetic\/wp-json\/wp\/v2\/tags?post=532"}],"curies":[{"name":"wp","href":"https:\/\/api.w.org\/{rel}","templated":true}]}}