{"id":633,"date":"2016-06-18T16:08:37","date_gmt":"2016-06-18T16:08:37","guid":{"rendered":"http:\/\/www.unioviedo.es\/grupoetic\/?p=633"},"modified":"2016-06-18T16:09:10","modified_gmt":"2016-06-18T16:09:10","slug":"educacion-para-el-desarrollo-en-el-ambito-de-la-pedagogia","status":"publish","type":"post","link":"https:\/\/www.unioviedo.es\/grupoetic\/educacion-para-el-desarrollo-en-el-ambito-de-la-pedagogia\/","title":{"rendered":"Educaci\u00f3n para el Desarrollo en el \u00e1mbito de la Pedagog\u00eda"},"content":{"rendered":"<p style=\"text-align: justify;\">El pasado mes de abril miembros del Equipo eTIC han participado en el <a href=\"http:\/\/www.cidumurcia2016.com\/event_detail\/2222\/detail\/ix-congreso-iberoamericano-de-docencia-universitaria.html\" target=\"_blank\">IX Congreso Iberoamericano de Docencia Universitaria<\/a> que se desarroll\u00f3 bajo el t\u00edtulo La Universidad en cambio: Gobernanza y renovaci\u00f3n pedag\u00f3gica en la ciudad de Murcia. Entre las l\u00edneas tem\u00e1ticas del congreso una de ellas abordaba el \u201c<em>Aprendizaje-Servicio y Educaci\u00f3n para el desarrollo en contextos universitarios\u201c<\/em>. Dentro de esta l\u00ednea hemos presentado la comunicaci\u00f3n \u201c<span style=\"color: #ff9900;\"><strong>Educaci\u00f3n para el Desarrollo en el \u00e1mbito de la Pedagog\u00eda: hacia el aprendizaje en servicio<\/strong><\/span>\u201d en donde se expone la experiencia desarrollada en la asignatura \u00ab<a href=\"https:\/\/epdpedagoxia.wordpress.com\" target=\"_blank\">Educaci\u00f3n para la Cooperaci\u00f3n y el Desarrollo Humano Sostenible<\/a>\u00bb del Grado de Pedagog\u00eda de la Universidad de Oviedo.<\/p>\n<p style=\"text-align: justify;\">A trav\u00e9s de la implicaci\u00f3n de diferentes entidades sociales y ONGD, en esta asignatura se plantea el aula como un espacio de interacci\u00f3n entre el alumnado universitario y los proyectos que dichas entidades desarrollan en el territorio, con la finalidad de aumentar su conocimiento sobre sus retos y preocupaciones sociales, as\u00ed como orientarles a la hora de realizar propuestas de intervenci\u00f3n de Educaci\u00f3n para el Desarrollo acordes con la realidad social m\u00e1s pr\u00f3xima.<\/p>\n<p>Esta presentaci\u00f3n resume la comunicaci\u00f3n (<a href=\"https:\/\/prezi.com\/a9eadddpsbpx\/epd-en-el-ambito-de-la-pedagogia-hacia-el-aprendizaje-en-servicio\/#\" target=\"_blank\">enlace<\/a>)<\/p>\n<p><iframe loading=\"lazy\" id=\"iframe_container\" src=\"https:\/\/prezi.com\/embed\/a9eadddpsbpx\/?bgcolor=ffffff&amp;lock_to_path=0&amp;autoplay=0&amp;autohide_ctrls=0&amp;landing_data=bHVZZmNaNDBIWnNjdEVENDRhZDFNZGNIUE43MHdLNWpsdFJLb2ZHanI5enlyclFiNXhJdWxIN0JzWk5kTFIzU3BRPT0&amp;landing_sign=VsaVaj4sSgW2M_pLFh8Ay4vOukTUJ7-4haEo0SQUIsA\" width=\"550\" height=\"400\" frameborder=\"0\" allowfullscreen=\"allowfullscreen\"><\/iframe><\/p>\n","protected":false},"excerpt":{"rendered":"<p>El pasado mes de abril miembros del Equipo eTIC han participado en el IX Congreso Iberoamericano de Docencia Universitaria que se desarroll\u00f3 bajo el t\u00edtulo La Universidad en cambio: Gobernanza y renovaci\u00f3n pedag\u00f3gica en la ciudad de Murcia. Entre las l\u00edneas tem\u00e1ticas del congreso una de ellas abordaba el \u201cAprendizaje-Servicio y Educaci\u00f3n para el desarrollo en contextos universitarios\u201c. Dentro de esta l\u00ednea hemos presentado la comunicaci\u00f3n \u201cEducaci\u00f3n para el Desarrollo en el \u00e1mbito de la Pedagog\u00eda: hacia el aprendizaje en servicio\u201d en donde se expone la experiencia desarrollada en la asignatura \u00abEducaci\u00f3n para la Cooperaci\u00f3n y el Desarrollo Humano Sostenible\u00bb del Grado de Pedagog\u00eda de la Universidad de Oviedo. A trav\u00e9s de la implicaci\u00f3n de diferentes entidades sociales y ONGD, en esta asignatura se plantea el aula como un espacio de interacci\u00f3n entre el alumnado universitario y los proyectos que dichas entidades desarrollan en el territorio, con la finalidad de aumentar su conocimiento sobre sus retos y preocupaciones sociales, as\u00ed como orientarles a la hora de realizar propuestas de intervenci\u00f3n de Educaci\u00f3n para el Desarrollo acordes con la realidad social m\u00e1s pr\u00f3xima. Esta presentaci\u00f3n resume la comunicaci\u00f3n (enlace)<\/p>\n","protected":false},"author":1,"featured_media":656,"comment_status":"open","ping_status":"open","sticky":false,"template":"","format":"standard","meta":{"footnotes":""},"categories":[13,3],"tags":[11,16,12],"_links":{"self":[{"href":"https:\/\/www.unioviedo.es\/grupoetic\/wp-json\/wp\/v2\/posts\/633"}],"collection":[{"href":"https:\/\/www.unioviedo.es\/grupoetic\/wp-json\/wp\/v2\/posts"}],"about":[{"href":"https:\/\/www.unioviedo.es\/grupoetic\/wp-json\/wp\/v2\/types\/post"}],"author":[{"embeddable":true,"href":"https:\/\/www.unioviedo.es\/grupoetic\/wp-json\/wp\/v2\/users\/1"}],"replies":[{"embeddable":true,"href":"https:\/\/www.unioviedo.es\/grupoetic\/wp-json\/wp\/v2\/comments?post=633"}],"version-history":[{"count":2,"href":"https:\/\/www.unioviedo.es\/grupoetic\/wp-json\/wp\/v2\/posts\/633\/revisions"}],"predecessor-version":[{"id":658,"href":"https:\/\/www.unioviedo.es\/grupoetic\/wp-json\/wp\/v2\/posts\/633\/revisions\/658"}],"wp:featuredmedia":[{"embeddable":true,"href":"https:\/\/www.unioviedo.es\/grupoetic\/wp-json\/wp\/v2\/media\/656"}],"wp:attachment":[{"href":"https:\/\/www.unioviedo.es\/grupoetic\/wp-json\/wp\/v2\/media?parent=633"}],"wp:term":[{"taxonomy":"category","embeddable":true,"href":"https:\/\/www.unioviedo.es\/grupoetic\/wp-json\/wp\/v2\/categories?post=633"},{"taxonomy":"post_tag","embeddable":true,"href":"https:\/\/www.unioviedo.es\/grupoetic\/wp-json\/wp\/v2\/tags?post=633"}],"curies":[{"name":"wp","href":"https:\/\/api.w.org\/{rel}","templated":true}]}}