{"id":636,"date":"2016-05-18T18:19:58","date_gmt":"2016-05-18T18:19:58","guid":{"rendered":"http:\/\/www.unioviedo.es\/grupoetic\/?p=636"},"modified":"2017-09-18T11:02:31","modified_gmt":"2017-09-18T11:02:31","slug":"participacion-en-innodoct","status":"publish","type":"post","link":"https:\/\/www.unioviedo.es\/grupoetic\/participacion-en-innodoct\/","title":{"rendered":"Doble premio al equipo eTIC en el Congreso Innodoct"},"content":{"rendered":"<p style=\"text-align: justify;\"><a title=\"Innodoct\" href=\"http:\/\/www.innodoct.org\" target=\"_blank\" rel=\"noopener\">Innodoct<\/a>\u00a0es una\u00a0<strong>Conferencia Internacional Virtual sobre Innovaci\u00f3n, Documentaci\u00f3n y Tecnolog\u00edas Docentes<\/strong>\u00a0que ha tenido lugar on-line en Valencia los d\u00edas 18-20 Mayo de 2016. Esta\u00a0conferencia tiene como objetivo proporcionar un foro para acad\u00e9micos y profesionales que permita compartir sus investigaciones, discutir ideas, proyectos actuales, resultados y retos relacionados con las Nuevas Tecnolog\u00edas de Informaci\u00f3n y Comunicaci\u00f3n, innovaciones y metodolog\u00edas aplicadas a la Educaci\u00f3n y la Investigaci\u00f3n. En el marco de esta conferencia, la Dr. Aquilina Fueyo, Dr. Isabel Hevia y D. Santiago Fano (miembros del equipo eTIC) han presentado la comunicaci\u00f3n <span style=\"color: #ff9900;\"><strong>\u00ab<\/strong><em><strong>Innovaci\u00f3n docente en la formaci\u00f3n sobre Alfabetizaci\u00f3n Digital para colectivos en riesgo de exclusi\u00f3n social\u00bb\u00a0<\/strong><\/em><\/span><\/p>\n<p style=\"text-align: justify;\">Esta comunicaci\u00f3n ha\u00a0recibido un doble reconocimiento al otorgarle el <strong>premio a la\u00a0mejor comunicaci\u00f3n y el premio a la mejor presentaci\u00f3n<\/strong>. Este es el video premiado que recoge parte de la la comunicaci\u00f3n y donde se presenta la experiencia desarrollada como docentes en el\u00a0MOOC <strong>\u00abAlfabetizaci\u00f3n Digital para personas\u00a0en riesgo de exclusi\u00f3n social\u00bb<\/strong> del <a title=\"ECO\" href=\"http:\/\/project.ecolearning.eu\/es\" target=\"_blank\" rel=\"noopener\">Proyecto ECO<\/a>.<\/p>\n<p><iframe loading=\"lazy\" src=\"https:\/\/www.youtube.com\/embed\/Q6wIW87JL00\" width=\"560\" height=\"415\" frameborder=\"0\" allowfullscreen=\"allowfullscreen\"><\/iframe><\/p>\n<p style=\"text-align: left;\">\u00a0Enlace: <a href=\"https:\/\/www.youtube.com\/watch?v=Q6wIW87JL00\">https:\/\/www.youtube.com\/watch?v=Q6wIW87JL00<\/a><\/p>\n<p style=\"text-align: left;\"><span style=\"color: #ffffff;\">\u00a0I<\/span><\/p>\n","protected":false},"excerpt":{"rendered":"<p>Innodoct\u00a0es una\u00a0Conferencia Internacional Virtual sobre Innovaci\u00f3n, Documentaci\u00f3n y Tecnolog\u00edas Docentes\u00a0que ha tenido lugar on-line en Valencia los d\u00edas 18-20 Mayo de 2016. Esta\u00a0conferencia tiene como objetivo proporcionar un foro para acad\u00e9micos y profesionales que permita compartir sus investigaciones, discutir ideas, proyectos actuales, resultados y retos relacionados con las Nuevas Tecnolog\u00edas de Informaci\u00f3n y Comunicaci\u00f3n, innovaciones y metodolog\u00edas aplicadas a la Educaci\u00f3n y la Investigaci\u00f3n. En el marco de esta conferencia, la Dr. Aquilina Fueyo, Dr. Isabel Hevia y D. Santiago Fano (miembros del equipo eTIC) han presentado la comunicaci\u00f3n \u00abInnovaci\u00f3n docente en la formaci\u00f3n sobre Alfabetizaci\u00f3n Digital para colectivos en riesgo de exclusi\u00f3n social\u00bb\u00a0 Esta comunicaci\u00f3n ha\u00a0recibido un doble reconocimiento al otorgarle el premio a la\u00a0mejor comunicaci\u00f3n y el premio a la mejor presentaci\u00f3n. Este es el video premiado que recoge parte de la la comunicaci\u00f3n y donde se presenta la experiencia desarrollada como docentes en el\u00a0MOOC \u00abAlfabetizaci\u00f3n Digital para personas\u00a0en riesgo de exclusi\u00f3n social\u00bb del Proyecto ECO. \u00a0Enlace: https:\/\/www.youtube.com\/watch?v=Q6wIW87JL00 \u00a0I<\/p>\n","protected":false},"author":1,"featured_media":639,"comment_status":"open","ping_status":"open","sticky":false,"template":"","format":"standard","meta":{"footnotes":""},"categories":[4,14,15,3],"tags":[10,11,6,9,12,7],"_links":{"self":[{"href":"https:\/\/www.unioviedo.es\/grupoetic\/wp-json\/wp\/v2\/posts\/636"}],"collection":[{"href":"https:\/\/www.unioviedo.es\/grupoetic\/wp-json\/wp\/v2\/posts"}],"about":[{"href":"https:\/\/www.unioviedo.es\/grupoetic\/wp-json\/wp\/v2\/types\/post"}],"author":[{"embeddable":true,"href":"https:\/\/www.unioviedo.es\/grupoetic\/wp-json\/wp\/v2\/users\/1"}],"replies":[{"embeddable":true,"href":"https:\/\/www.unioviedo.es\/grupoetic\/wp-json\/wp\/v2\/comments?post=636"}],"version-history":[{"count":14,"href":"https:\/\/www.unioviedo.es\/grupoetic\/wp-json\/wp\/v2\/posts\/636\/revisions"}],"predecessor-version":[{"id":780,"href":"https:\/\/www.unioviedo.es\/grupoetic\/wp-json\/wp\/v2\/posts\/636\/revisions\/780"}],"wp:featuredmedia":[{"embeddable":true,"href":"https:\/\/www.unioviedo.es\/grupoetic\/wp-json\/wp\/v2\/media\/639"}],"wp:attachment":[{"href":"https:\/\/www.unioviedo.es\/grupoetic\/wp-json\/wp\/v2\/media?parent=636"}],"wp:term":[{"taxonomy":"category","embeddable":true,"href":"https:\/\/www.unioviedo.es\/grupoetic\/wp-json\/wp\/v2\/categories?post=636"},{"taxonomy":"post_tag","embeddable":true,"href":"https:\/\/www.unioviedo.es\/grupoetic\/wp-json\/wp\/v2\/tags?post=636"}],"curies":[{"name":"wp","href":"https:\/\/api.w.org\/{rel}","templated":true}]}}