{"id":660,"date":"2016-06-27T13:37:42","date_gmt":"2016-06-27T13:37:42","guid":{"rendered":"http:\/\/www.unioviedo.es\/grupoetic\/?p=660"},"modified":"2016-06-27T13:37:42","modified_gmt":"2016-06-27T13:37:42","slug":"participacion-en-el-foro-de-politica-sobre-moocs-europeos","status":"publish","type":"post","link":"https:\/\/www.unioviedo.es\/grupoetic\/participacion-en-el-foro-de-politica-sobre-moocs-europeos\/","title":{"rendered":"Participaci\u00f3n en el Foro de Pol\u00edtica sobre MOOCs europeos"},"content":{"rendered":"<p><a href=\"http:\/\/www.unioviedo.es\/grupoetic\/wp-content\/uploads\/2016\/06\/Captura-de-pantalla-2016-06-27-a-las-15.36.12.png\"><img loading=\"lazy\" decoding=\"async\" class=\"aligncenter wp-image-662 size-full\" src=\"http:\/\/www.unioviedo.es\/grupoetic\/wp-content\/uploads\/2016\/06\/Captura-de-pantalla-2016-06-27-a-las-15.36.12.png\" alt=\"Captura de pantalla 2016-06-27 a las 15.36.12\" width=\"691\" height=\"122\" srcset=\"https:\/\/www.unioviedo.es\/grupoetic\/wp-content\/uploads\/2016\/06\/Captura-de-pantalla-2016-06-27-a-las-15.36.12.png 691w, https:\/\/www.unioviedo.es\/grupoetic\/wp-content\/uploads\/2016\/06\/Captura-de-pantalla-2016-06-27-a-las-15.36.12-300x52.png 300w\" sizes=\"(max-width: 691px) 100vw, 691px\" \/><\/a><\/p>\n<p style=\"text-align: justify;\">El pr\u00f3ximo 28 de junio, miembros del equipo eTIC estar\u00e1n en Bruselas participando en el \u00ab<a href=\"http:\/\/home.eadtu.eu\/news\/107-policy-forum-on-european-moocs-brussels-28-june-2016\" target=\"_blank\">Policy Forum on European MOOCs<\/a>\u00ab, un foro de Pol\u00edtica sobre MOOCs europeos en donde\u00a0se debatir\u00e1 de c\u00f3mo Europa puede reforzar colectivamente el uso de MOOCs para diferentes retos.\u00a0Este Foro est\u00e1 organizado por la \u00a0<a href=\"http:\/\/eadtu.eu\/\" target=\"_blank\">EADTU<\/a> como parte de una red europea de\u00a0MOOCs , estimulados por el <a href=\"http:\/\/home.eadtu.eu\/\" target=\"_blank\">proyecto HOME<\/a>. En esta ocasi\u00f3n se invita a\u00a0los responsables pol\u00edticos de los gobiernos nacionales, las organizaciones intergubernamentales , instituciones de educaci\u00f3n superior, plataformas MOOC, etc., a participar en uno de los paneles de discusi\u00f3n.<\/p>\n<p style=\"text-align: justify;\">\n<p style=\"text-align: justify;\">Desde e equipo eTIC, Santiago Fano participar\u00e1 en el panel \u00ab<span style=\"color: #ff9900;\"><strong>Shared MOOC services: regional, European or global level?<\/strong><\/span>\u00bb en donde se presentar\u00e1 el <a href=\"http:\/\/project.ecolearning.eu\" target=\"_blank\">proyecto ECO<\/a> (\u00ab<strong>E-aprendizaje, la comunicaci\u00f3n y Open-datos: Massive m\u00f3vil, ubicuo y aprendizaje abierto<\/strong>\u00ab) y se informa brevemente de las pol\u00edticas desarrolladas por los MOOC del proyecto ECO para responder a una serie de retos detectados en el contexto europeo y espa\u00f1ol. \u00a0Tambi\u00e9n se recoge un resumen de las medidas adoptadas en cada una de las \u00e1reas y algunas recomendaciones para futuras pol\u00edticas sobre MOOCs. Estas recomendaciones se basan en la experiencia y los conocimientos generados por el proyecto de las diversas instituciones p\u00fablicas y privadas que forman parte en ella.<\/p>\n<p style=\"text-align: justify;\">\n<p style=\"text-align: justify;\">Aqu\u00ed se puede tener acceso a la publicaci\u00f3n en donde se recogen los paneles que se presentan en el Foro. <a href=\"http:\/\/eadtu.eu\/images\/publicaties\/European_Policy_response_on_MOOC_opportunities_June_2016.pdf\" target=\"_blank\">Acceso<\/a><\/p>\n<p style=\"text-align: justify;\">Este es el programa del foro <a href=\"http:\/\/home.eadtu.eu\/images\/News\/Home_PolicyForum_Preliminary_Programme_V1.8.pdf\" target=\"_blank\">Acceso<\/a><\/p>\n<p style=\"text-align: justify;\">\n<p style=\"text-align: justify;\">\n<p style=\"text-align: justify;\">\n<p style=\"text-align: justify;\">\n<p style=\"text-align: justify;\">\n","protected":false},"excerpt":{"rendered":"<p>El pr\u00f3ximo 28 de junio, miembros del equipo eTIC estar\u00e1n en Bruselas participando en el \u00abPolicy Forum on European MOOCs\u00ab, un foro de Pol\u00edtica sobre MOOCs europeos en donde\u00a0se debatir\u00e1 de c\u00f3mo Europa puede reforzar colectivamente el uso de MOOCs para diferentes retos.\u00a0Este Foro est\u00e1 organizado por la \u00a0EADTU como parte de una red europea de\u00a0MOOCs , estimulados por el proyecto HOME. En esta ocasi\u00f3n se invita a\u00a0los responsables pol\u00edticos de los gobiernos nacionales, las organizaciones intergubernamentales , instituciones de educaci\u00f3n superior, plataformas MOOC, etc., a participar en uno de los paneles de discusi\u00f3n. Desde e equipo eTIC, Santiago Fano participar\u00e1 en el panel \u00abShared MOOC services: regional, European or global level?\u00bb en donde se presentar\u00e1 el proyecto ECO (\u00abE-aprendizaje, la comunicaci\u00f3n y Open-datos: Massive m\u00f3vil, ubicuo y aprendizaje abierto\u00ab) y se informa brevemente de las pol\u00edticas desarrolladas por los MOOC del proyecto ECO para responder a una serie de retos detectados en el contexto europeo y espa\u00f1ol. \u00a0Tambi\u00e9n se recoge un resumen de las medidas adoptadas en cada una de las \u00e1reas y algunas recomendaciones para futuras pol\u00edticas sobre MOOCs. Estas recomendaciones se basan en la experiencia y los conocimientos generados por el proyecto de las diversas instituciones p\u00fablicas [&hellip;]<\/p>\n","protected":false},"author":1,"featured_media":661,"comment_status":"open","ping_status":"open","sticky":false,"template":"","format":"standard","meta":{"footnotes":""},"categories":[15,3],"tags":[10,11,6],"_links":{"self":[{"href":"https:\/\/www.unioviedo.es\/grupoetic\/wp-json\/wp\/v2\/posts\/660"}],"collection":[{"href":"https:\/\/www.unioviedo.es\/grupoetic\/wp-json\/wp\/v2\/posts"}],"about":[{"href":"https:\/\/www.unioviedo.es\/grupoetic\/wp-json\/wp\/v2\/types\/post"}],"author":[{"embeddable":true,"href":"https:\/\/www.unioviedo.es\/grupoetic\/wp-json\/wp\/v2\/users\/1"}],"replies":[{"embeddable":true,"href":"https:\/\/www.unioviedo.es\/grupoetic\/wp-json\/wp\/v2\/comments?post=660"}],"version-history":[{"count":2,"href":"https:\/\/www.unioviedo.es\/grupoetic\/wp-json\/wp\/v2\/posts\/660\/revisions"}],"predecessor-version":[{"id":664,"href":"https:\/\/www.unioviedo.es\/grupoetic\/wp-json\/wp\/v2\/posts\/660\/revisions\/664"}],"wp:featuredmedia":[{"embeddable":true,"href":"https:\/\/www.unioviedo.es\/grupoetic\/wp-json\/wp\/v2\/media\/661"}],"wp:attachment":[{"href":"https:\/\/www.unioviedo.es\/grupoetic\/wp-json\/wp\/v2\/media?parent=660"}],"wp:term":[{"taxonomy":"category","embeddable":true,"href":"https:\/\/www.unioviedo.es\/grupoetic\/wp-json\/wp\/v2\/categories?post=660"},{"taxonomy":"post_tag","embeddable":true,"href":"https:\/\/www.unioviedo.es\/grupoetic\/wp-json\/wp\/v2\/tags?post=660"}],"curies":[{"name":"wp","href":"https:\/\/api.w.org\/{rel}","templated":true}]}}