{"id":665,"date":"2016-06-27T18:03:53","date_gmt":"2016-06-27T18:03:53","guid":{"rendered":"http:\/\/www.unioviedo.es\/grupoetic\/?p=665"},"modified":"2016-06-27T18:06:27","modified_gmt":"2016-06-27T18:06:27","slug":"participacion-en-jute-2016","status":"publish","type":"post","link":"https:\/\/www.unioviedo.es\/grupoetic\/participacion-en-jute-2016\/","title":{"rendered":"Participaci\u00f3n en JUTE 2016"},"content":{"rendered":"<p style=\"text-align: justify;\">Entre los d\u00edas 28 y 30 de junio tienen lugar en Madrid las <strong>XXIV Jornadas Universitarias de Tecnolog\u00eda Educativa<\/strong>, organizadas por la Red Universitaria de Tecnolog\u00eda Educativa (RUTE), en el marco del XVI Congreso Nacional y VII Iberoamericano de Pedagog\u00eda. En el marco de este congreso, la <a title=\"RUTE\" href=\"http:\/\/www.rute.edu.es\" target=\"_blank\">Red Universitaria de Tecnolog\u00eda Educativa (RUTE)<\/a>, est\u00e1 presente con un programa espec\u00edfico, dirigido al \u00e1mbito de las Tecnolog\u00edas aplicadas a la Educaci\u00f3n.<\/p>\n<p style=\"text-align: justify;\">Desde el equipo eTIC,\u00a0<strong>Aquilina Fueyo<\/strong> participa en la Mesa Redonda \u00ab<span style=\"color: #ff9900;\"><strong>La formaci\u00f3n del profesorado en la Era Digital<\/strong><\/span>\u00bb en donde se abordan estos tres t\u00f3picos:<\/p>\n<ul>\n<li style=\"text-align: justify;\">Qu\u00e9 hay de pedag\u00f3gico en la experiencia tecnol\u00f3gica del profesorado<\/li>\n<li style=\"text-align: justify;\">Claves para el di\u00e1logo en las aulas sobre las pr\u00e1cticas de uso<\/li>\n<li>El \u201cselfie\u201d como alegor\u00eda del aprendizaje<\/li>\n<\/ul>\n<p>La mesa est\u00e1 coordinada por \u00c1ngel San Mart\u00edn Alonso y , adem\u00e1s de Aquilina Fueyo, participan\u00a0Manuel Area y\u00a0Ana Garc\u00eda-Valc\u00e1rcel Mu\u00f1oz-Repiso.<\/p>\n<p>M\u00e1s informaci\u00f3n de la mesa redonda <a href=\"http:\/\/www.congresodepedagogia.com\/?session=mesa-redonda-la-formacion-del-profesorado-en-la-era-digital#\" target=\"_blank\">Enlace<\/a><\/p>\n<p>M\u00e1s informaci\u00f3n de la Jornada <a href=\"http:\/\/www.congresodepedagogia.com\" target=\"_blank\">Enlace<\/a><\/p>\n<p>&nbsp;<\/p>\n<p><span style=\"color: #ffffff;\">I<\/span><\/p>\n","protected":false},"excerpt":{"rendered":"<p>Entre los d\u00edas 28 y 30 de junio tienen lugar en Madrid las XXIV Jornadas Universitarias de Tecnolog\u00eda Educativa, organizadas por la Red Universitaria de Tecnolog\u00eda Educativa (RUTE), en el marco del XVI Congreso Nacional y VII Iberoamericano de Pedagog\u00eda. En el marco de este congreso, la Red Universitaria de Tecnolog\u00eda Educativa (RUTE), est\u00e1 presente con un programa espec\u00edfico, dirigido al \u00e1mbito de las Tecnolog\u00edas aplicadas a la Educaci\u00f3n. Desde el equipo eTIC,\u00a0Aquilina Fueyo participa en la Mesa Redonda \u00abLa formaci\u00f3n del profesorado en la Era Digital\u00bb en donde se abordan estos tres t\u00f3picos: Qu\u00e9 hay de pedag\u00f3gico en la experiencia tecnol\u00f3gica del profesorado Claves para el di\u00e1logo en las aulas sobre las pr\u00e1cticas de uso El \u201cselfie\u201d como alegor\u00eda del aprendizaje La mesa est\u00e1 coordinada por \u00c1ngel San Mart\u00edn Alonso y , adem\u00e1s de Aquilina Fueyo, participan\u00a0Manuel Area y\u00a0Ana Garc\u00eda-Valc\u00e1rcel Mu\u00f1oz-Repiso. M\u00e1s informaci\u00f3n de la mesa redonda Enlace M\u00e1s informaci\u00f3n de la Jornada Enlace &nbsp; I<\/p>\n","protected":false},"author":1,"featured_media":666,"comment_status":"open","ping_status":"open","sticky":false,"template":"","format":"standard","meta":{"footnotes":""},"categories":[3],"tags":[16,17],"_links":{"self":[{"href":"https:\/\/www.unioviedo.es\/grupoetic\/wp-json\/wp\/v2\/posts\/665"}],"collection":[{"href":"https:\/\/www.unioviedo.es\/grupoetic\/wp-json\/wp\/v2\/posts"}],"about":[{"href":"https:\/\/www.unioviedo.es\/grupoetic\/wp-json\/wp\/v2\/types\/post"}],"author":[{"embeddable":true,"href":"https:\/\/www.unioviedo.es\/grupoetic\/wp-json\/wp\/v2\/users\/1"}],"replies":[{"embeddable":true,"href":"https:\/\/www.unioviedo.es\/grupoetic\/wp-json\/wp\/v2\/comments?post=665"}],"version-history":[{"count":4,"href":"https:\/\/www.unioviedo.es\/grupoetic\/wp-json\/wp\/v2\/posts\/665\/revisions"}],"predecessor-version":[{"id":670,"href":"https:\/\/www.unioviedo.es\/grupoetic\/wp-json\/wp\/v2\/posts\/665\/revisions\/670"}],"wp:featuredmedia":[{"embeddable":true,"href":"https:\/\/www.unioviedo.es\/grupoetic\/wp-json\/wp\/v2\/media\/666"}],"wp:attachment":[{"href":"https:\/\/www.unioviedo.es\/grupoetic\/wp-json\/wp\/v2\/media?parent=665"}],"wp:term":[{"taxonomy":"category","embeddable":true,"href":"https:\/\/www.unioviedo.es\/grupoetic\/wp-json\/wp\/v2\/categories?post=665"},{"taxonomy":"post_tag","embeddable":true,"href":"https:\/\/www.unioviedo.es\/grupoetic\/wp-json\/wp\/v2\/tags?post=665"}],"curies":[{"name":"wp","href":"https:\/\/api.w.org\/{rel}","templated":true}]}}