{"id":676,"date":"2016-12-11T21:35:45","date_gmt":"2016-12-11T21:35:45","guid":{"rendered":"http:\/\/www.unioviedo.es\/grupoetic\/?p=676"},"modified":"2017-01-02T17:02:24","modified_gmt":"2017-01-02T17:02:24","slug":"pedagoxia-radioblog","status":"publish","type":"post","link":"https:\/\/www.unioviedo.es\/grupoetic\/pedagoxia-radioblog\/","title":{"rendered":"Pedagox\u00eda RadioBlog"},"content":{"rendered":"<p>&nbsp;<\/p>\n<p>&nbsp;<\/p>\n<p>Pedagox\u00eda Radio Blog se crea hace 10 a\u00f1os dentro\u00a0\u00a0 de la asignatura Tecnolog\u00eda Educativa. La experiencia la lanzan por entonces Queli Fueyo y Alo S\u00e1nchez. La idea que fue el germen de esta experiencia era una actividad pr\u00e1ctica de la asignatura en la que se creaban\u00a0peque\u00f1os programas de radio en torno a tem\u00e1ticas diversas que fuesen motivadoras para los estudiantes de primer curso de pedagog\u00eda y que a la vez contribuyesen a su formaci\u00f3n como futuros profesionales de la educaci\u00f3n y como emisores cr\u00edticos . Mas tarde se empezaron a crear algunos programas coordinados entre la asignatura de Tecnolog\u00eda Educactiva y Dise\u00f1o y Desarrollo del Curriulum con la profesora Yoya Braga y con con el tiempo se han ido incorporando a esta experiencia otros profesionales del equipo de investigaci\u00f3n <a href=\"http:\/\/www.unioviedo.es\/grupoetic\/equipo\/\">IETIC- EVEA<\/a>. Nuestra \u00faltima y m\u00e1s gratificante experiencia ha sido la de <a href=\"http:\/\/radioperez.blogspot.com.es\/2016\/04\/resumen-de-las-jornadas.html\">coordinar nuestras actividades con las de Radio P\u00e9rez<\/a> una iniciativa que ha sido muy enriquecedora para todas las personas que participamos en ella.<\/p>\n<p>En el video <a href=\"https:\/\/vimeo.com\/29472232\">Pedagox\u00eda Radio Blog<\/a> hemos recogido los fundamentos te\u00f3ricos del trabajo realizado y una muestra de algunos de los programas m\u00e1s emblem\u00e1ticos que hemos desarrollado a lo largo de este tiempo. Las fases de la experiencia y su dise\u00f1o pueden verse en la comunicaci\u00f3n <a href=\"http:\/\/www.educacionmediatica.es\/comunicaciones\/Eje%202\/Queli%20Fueyo,%20Alo%20S%C3%A1nchez.pdf\" target=\"_blank\">Expandiendo la educaci\u00f3n medi\u00e1tica y la competencia digital: Pedagox\u00eda RadioBlog<\/a><\/p>\n<p><a href=\"http:\/\/www.unioviedo.es\/grupoetic\/wp-content\/uploads\/2016\/12\/Captura-de-pantalla-2016-12-11-a-las-22.32.13.png\"><img loading=\"lazy\" decoding=\"async\" class=\"alignnone size-thumbnail wp-image-679\" src=\"http:\/\/www.unioviedo.es\/grupoetic\/wp-content\/uploads\/2016\/12\/Captura-de-pantalla-2016-12-11-a-las-22.32.13-290x290.png\" alt=\"captura-de-pantalla-2016-12-11-a-las-22-32-13\" width=\"290\" height=\"290\" srcset=\"https:\/\/www.unioviedo.es\/grupoetic\/wp-content\/uploads\/2016\/12\/Captura-de-pantalla-2016-12-11-a-las-22.32.13-290x290.png 290w, https:\/\/www.unioviedo.es\/grupoetic\/wp-content\/uploads\/2016\/12\/Captura-de-pantalla-2016-12-11-a-las-22.32.13-50x50.png 50w\" sizes=\"(max-width: 290px) 100vw, 290px\" \/><\/a> <a href=\"http:\/\/www.unioviedo.es\/grupoetic\/wp-content\/uploads\/2016\/12\/Captura-de-pantalla-2016-12-11-a-las-22.31.11.png\"><img loading=\"lazy\" decoding=\"async\" class=\"alignnone size-thumbnail wp-image-678\" src=\"http:\/\/www.unioviedo.es\/grupoetic\/wp-content\/uploads\/2016\/12\/Captura-de-pantalla-2016-12-11-a-las-22.31.11-290x290.png\" alt=\"captura-de-pantalla-2016-12-11-a-las-22-31-11\" width=\"290\" height=\"290\" srcset=\"https:\/\/www.unioviedo.es\/grupoetic\/wp-content\/uploads\/2016\/12\/Captura-de-pantalla-2016-12-11-a-las-22.31.11-290x290.png 290w, https:\/\/www.unioviedo.es\/grupoetic\/wp-content\/uploads\/2016\/12\/Captura-de-pantalla-2016-12-11-a-las-22.31.11-50x50.png 50w\" sizes=\"(max-width: 290px) 100vw, 290px\" \/><\/a> <a href=\"http:\/\/www.unioviedo.es\/grupoetic\/wp-content\/uploads\/2016\/12\/Captura-de-pantalla-2016-12-11-a-las-22.29.37.png\"><img loading=\"lazy\" decoding=\"async\" class=\"alignnone size-thumbnail wp-image-677\" src=\"http:\/\/www.unioviedo.es\/grupoetic\/wp-content\/uploads\/2016\/12\/Captura-de-pantalla-2016-12-11-a-las-22.29.37-290x290.png\" alt=\"captura-de-pantalla-2016-12-11-a-las-22-29-37\" width=\"290\" height=\"290\" srcset=\"https:\/\/www.unioviedo.es\/grupoetic\/wp-content\/uploads\/2016\/12\/Captura-de-pantalla-2016-12-11-a-las-22.29.37-290x290.png 290w, https:\/\/www.unioviedo.es\/grupoetic\/wp-content\/uploads\/2016\/12\/Captura-de-pantalla-2016-12-11-a-las-22.29.37-50x50.png 50w\" sizes=\"(max-width: 290px) 100vw, 290px\" \/><\/a><\/p>\n","protected":false},"excerpt":{"rendered":"<p>&nbsp; &nbsp; Pedagox\u00eda Radio Blog se crea hace 10 a\u00f1os dentro\u00a0\u00a0 de la asignatura Tecnolog\u00eda Educativa. La experiencia la lanzan por entonces Queli Fueyo y Alo S\u00e1nchez. La idea que fue el germen de esta experiencia era una actividad pr\u00e1ctica de la asignatura en la que se creaban\u00a0peque\u00f1os programas de radio en torno a tem\u00e1ticas diversas que fuesen motivadoras para los estudiantes de primer curso de pedagog\u00eda y que a la vez contribuyesen a su formaci\u00f3n como futuros profesionales de la educaci\u00f3n y como emisores cr\u00edticos . Mas tarde se empezaron a crear algunos programas coordinados entre la asignatura de Tecnolog\u00eda Educactiva y Dise\u00f1o y Desarrollo del Curriulum con la profesora Yoya Braga y con con el tiempo se han ido incorporando a esta experiencia otros profesionales del equipo de investigaci\u00f3n IETIC- EVEA. Nuestra \u00faltima y m\u00e1s gratificante experiencia ha sido la de coordinar nuestras actividades con las de Radio P\u00e9rez una iniciativa que ha sido muy enriquecedora para todas las personas que participamos en ella. En el video Pedagox\u00eda Radio Blog hemos recogido los fundamentos te\u00f3ricos del trabajo realizado y una muestra de algunos de los programas m\u00e1s emblem\u00e1ticos que hemos desarrollado a lo largo de este tiempo. Las [&hellip;]<\/p>\n","protected":false},"author":1,"featured_media":682,"comment_status":"open","ping_status":"open","sticky":false,"template":"","format":"standard","meta":{"footnotes":""},"categories":[18,3],"tags":[21],"_links":{"self":[{"href":"https:\/\/www.unioviedo.es\/grupoetic\/wp-json\/wp\/v2\/posts\/676"}],"collection":[{"href":"https:\/\/www.unioviedo.es\/grupoetic\/wp-json\/wp\/v2\/posts"}],"about":[{"href":"https:\/\/www.unioviedo.es\/grupoetic\/wp-json\/wp\/v2\/types\/post"}],"author":[{"embeddable":true,"href":"https:\/\/www.unioviedo.es\/grupoetic\/wp-json\/wp\/v2\/users\/1"}],"replies":[{"embeddable":true,"href":"https:\/\/www.unioviedo.es\/grupoetic\/wp-json\/wp\/v2\/comments?post=676"}],"version-history":[{"count":3,"href":"https:\/\/www.unioviedo.es\/grupoetic\/wp-json\/wp\/v2\/posts\/676\/revisions"}],"predecessor-version":[{"id":683,"href":"https:\/\/www.unioviedo.es\/grupoetic\/wp-json\/wp\/v2\/posts\/676\/revisions\/683"}],"wp:featuredmedia":[{"embeddable":true,"href":"https:\/\/www.unioviedo.es\/grupoetic\/wp-json\/wp\/v2\/media\/682"}],"wp:attachment":[{"href":"https:\/\/www.unioviedo.es\/grupoetic\/wp-json\/wp\/v2\/media?parent=676"}],"wp:term":[{"taxonomy":"category","embeddable":true,"href":"https:\/\/www.unioviedo.es\/grupoetic\/wp-json\/wp\/v2\/categories?post=676"},{"taxonomy":"post_tag","embeddable":true,"href":"https:\/\/www.unioviedo.es\/grupoetic\/wp-json\/wp\/v2\/tags?post=676"}],"curies":[{"name":"wp","href":"https:\/\/api.w.org\/{rel}","templated":true}]}}