{"id":709,"date":"2016-05-22T09:24:30","date_gmt":"2016-05-22T09:24:30","guid":{"rendered":"http:\/\/www.unioviedo.es\/grupoetic\/?p=709"},"modified":"2017-09-18T11:05:44","modified_gmt":"2017-09-18T11:05:44","slug":"webinarioeco1","status":"publish","type":"post","link":"https:\/\/www.unioviedo.es\/grupoetic\/webinarioeco1\/","title":{"rendered":"Aquilina Fueyo y Santi Fano del Equipo eTIC participan en el Webinar \u00abDeconstruir la educaci\u00f3n para construir el aprendizaje\u201d"},"content":{"rendered":"<p><a href=\"http:\/\/www.unioviedo.es\/grupoetic\/wp-content\/uploads\/2017\/05\/webinarioponentes.png\"><img loading=\"lazy\" decoding=\"async\" class=\"wp-image-710 aligncenter\" src=\"http:\/\/www.unioviedo.es\/grupoetic\/wp-content\/uploads\/2017\/05\/webinarioponentes.png\" alt=\"webinarioponentes\" width=\"688\" height=\"248\" srcset=\"https:\/\/www.unioviedo.es\/grupoetic\/wp-content\/uploads\/2017\/05\/webinarioponentes.png 1678w, https:\/\/www.unioviedo.es\/grupoetic\/wp-content\/uploads\/2017\/05\/webinarioponentes-300x108.png 300w, https:\/\/www.unioviedo.es\/grupoetic\/wp-content\/uploads\/2017\/05\/webinarioponentes-1024x369.png 1024w\" sizes=\"(max-width: 688px) 100vw, 688px\" \/><\/a><\/p>\n<p><strong>Aquilina Fueyo<\/strong> y <strong>Santi Fano<\/strong>\u00a0participaron en el Webinar \u201c<a href=\"https:\/\/www.unioviedo.es\/grupoetic\/webinariointernacional\/\"><strong>Deconstruir la educaci\u00f3n para construir el aprendizaje<\/strong><\/a>\u201d, organizado por el Proyecto ECO el pasado 5 de mayo, ofreciendo una conferencia sobre Retos de la Alfabetizaci\u00f3n Digital como herramienta contra la Exclusi\u00f3n Social. Adem\u00e1s del Equipo eTIC de la Universidad de Oviedo, en\u00a0el Webinar\u00a0participaron igualmente expertos en ense\u00f1anza online y MOOCs de las Universidades de Cantabria, Zaragoza, Valladolid y la UNED.<\/p>\n<p><iframe loading=\"lazy\" width=\"610\" height=\"458\" src=\"https:\/\/www.youtube.com\/embed\/7gb8j4taq88?feature=oembed\" frameborder=\"0\" allowfullscreen><\/iframe><\/p>\n<p>Puedes visualizar el webinar en su totalidad aqu\u00ed:<\/p>\n<p><iframe loading=\"lazy\" width=\"610\" height=\"343\" src=\"https:\/\/www.youtube.com\/embed\/yKO2G5BsU2A?feature=oembed\" frameborder=\"0\" allowfullscreen><\/iframe><\/p>\n<ul>\n<li><a href=\"https:\/\/twitter.com\/soacedo\" target=\"_blank\" rel=\"noopener\">Sara Osuna<\/a> (UNED): Netmodernidad, sociedad digital y cultura de la participaci\u00f3n.<\/li>\n<li><a href=\"https:\/\/twitter.com\/alfonsouva\" target=\"_blank\" rel=\"noopener\">Alfonso Guti\u00e9rrez<\/a> (Universidad de Valladolid): Educaci\u00f3n medi\u00e1tica en la era de la convergencia.<\/li>\n<li><a href=\"https:\/\/twitter.com\/crodriguezhoyos\" target=\"_blank\" rel=\"noopener\">Carlos Rodr\u00edguez<\/a> y <a href=\"https:\/\/www.facebook.com\/profile.php?id=100010501543302&amp;fref=ts\" target=\"_blank\" rel=\"noopener\">Mariana Lima<\/a>( Universidad de Cantabria): Dificultades para definir qu\u00e9 es innovaci\u00f3n educativa.<\/li>\n<li><a href=\"https:\/\/twitter.com\/cmartalazo\" target=\"_blank\" rel=\"noopener\">Carmen Marta Lazo<\/a> y <a href=\"https:\/\/twitter.com\/jgabelas\" target=\"_blank\" rel=\"noopener\">Jos\u00e9 Antonio Gabelas<\/a>\u00a0(Universidad de Zaragoza): Factor Relacional e\u00a0Intermetodolog\u00eda aplicada al e-learning.<\/li>\n<li><a href=\"https:\/\/twitter.com\/rantoncuadrado\" target=\"_blank\" rel=\"noopener\">Ra\u00fal Ant\u00f3n<\/a> (e-teacher):\u00a0Aplicaciones y servicios en la red en los que se puede vehicular el aprendizaje.<\/li>\n<li><a href=\"https:\/\/twitter.com\/QueliFueyo\" target=\"_blank\" rel=\"noopener\">Queli Fueyo<\/a> y <a href=\"https:\/\/twitter.com\/SantiFano\" target=\"_blank\" rel=\"noopener\">Santi Fano<\/a>\u00a0(Universidad de Oviedo): Retos de la Alfabetizaci\u00f3n Digital como herramienta contra la Exclusi\u00f3n Social.<\/li>\n<li><a href=\"https:\/\/twitter.com\/ssantovena\" target=\"_blank\" rel=\"noopener\">Sonia Santove\u00f1a<\/a> y <a href=\"http:\/\/portal.uned.es\/portal\/page?_pageid=93,7155606&amp;_dad=portal&amp;_schema=PORTAL\" target=\"_blank\" rel=\"noopener\">Rosa Goig<\/a> (UNED): Dise\u00f1o, publicaci\u00f3n y gesti\u00f3n de un MOOC.<\/li>\n<li><a href=\"https:\/\/twitter.com\/TFnuria\" target=\"_blank\" rel=\"noopener\">Nuria San Mill\u00e1n<\/a> (e-teacher): Formaci\u00f3n como e-teacher y experiencia en <a href=\"http:\/\/hub11.ecolearning.eu\/course\/road-smooc\/\" target=\"_blank\" rel=\"noopener\">\u201cRoad sMOOC\u201d<\/a>.<\/li>\n<\/ul>\n","protected":false},"excerpt":{"rendered":"<p>Aquilina Fueyo y Santi Fano\u00a0participaron en el Webinar \u201cDeconstruir la educaci\u00f3n para construir el aprendizaje\u201d, organizado por el Proyecto ECO el pasado 5 de mayo, ofreciendo una conferencia sobre Retos de la Alfabetizaci\u00f3n Digital como herramienta contra la Exclusi\u00f3n Social. Adem\u00e1s del Equipo eTIC de la Universidad de Oviedo, en\u00a0el Webinar\u00a0participaron igualmente expertos en ense\u00f1anza online y MOOCs de las Universidades de Cantabria, Zaragoza, Valladolid y la UNED. Puedes visualizar el webinar en su totalidad aqu\u00ed: Sara Osuna (UNED): Netmodernidad, sociedad digital y cultura de la participaci\u00f3n. Alfonso Guti\u00e9rrez (Universidad de Valladolid): Educaci\u00f3n medi\u00e1tica en la era de la convergencia. Carlos Rodr\u00edguez y Mariana Lima( Universidad de Cantabria): Dificultades para definir qu\u00e9 es innovaci\u00f3n educativa. Carmen Marta Lazo y Jos\u00e9 Antonio Gabelas\u00a0(Universidad de Zaragoza): Factor Relacional e\u00a0Intermetodolog\u00eda aplicada al e-learning. Ra\u00fal Ant\u00f3n (e-teacher):\u00a0Aplicaciones y servicios en la red en los que se puede vehicular el aprendizaje. Queli Fueyo y Santi Fano\u00a0(Universidad de Oviedo): Retos de la Alfabetizaci\u00f3n Digital como herramienta contra la Exclusi\u00f3n Social. Sonia Santove\u00f1a y Rosa Goig (UNED): Dise\u00f1o, publicaci\u00f3n y gesti\u00f3n de un MOOC. Nuria San Mill\u00e1n (e-teacher): Formaci\u00f3n como e-teacher y experiencia en \u201cRoad sMOOC\u201d.<\/p>\n","protected":false},"author":2,"featured_media":710,"comment_status":"open","ping_status":"open","sticky":false,"template":"","format":"standard","meta":{"footnotes":""},"categories":[14,23,3],"tags":[],"_links":{"self":[{"href":"https:\/\/www.unioviedo.es\/grupoetic\/wp-json\/wp\/v2\/posts\/709"}],"collection":[{"href":"https:\/\/www.unioviedo.es\/grupoetic\/wp-json\/wp\/v2\/posts"}],"about":[{"href":"https:\/\/www.unioviedo.es\/grupoetic\/wp-json\/wp\/v2\/types\/post"}],"author":[{"embeddable":true,"href":"https:\/\/www.unioviedo.es\/grupoetic\/wp-json\/wp\/v2\/users\/2"}],"replies":[{"embeddable":true,"href":"https:\/\/www.unioviedo.es\/grupoetic\/wp-json\/wp\/v2\/comments?post=709"}],"version-history":[{"count":2,"href":"https:\/\/www.unioviedo.es\/grupoetic\/wp-json\/wp\/v2\/posts\/709\/revisions"}],"predecessor-version":[{"id":781,"href":"https:\/\/www.unioviedo.es\/grupoetic\/wp-json\/wp\/v2\/posts\/709\/revisions\/781"}],"wp:featuredmedia":[{"embeddable":true,"href":"https:\/\/www.unioviedo.es\/grupoetic\/wp-json\/wp\/v2\/media\/710"}],"wp:attachment":[{"href":"https:\/\/www.unioviedo.es\/grupoetic\/wp-json\/wp\/v2\/media?parent=709"}],"wp:term":[{"taxonomy":"category","embeddable":true,"href":"https:\/\/www.unioviedo.es\/grupoetic\/wp-json\/wp\/v2\/categories?post=709"},{"taxonomy":"post_tag","embeddable":true,"href":"https:\/\/www.unioviedo.es\/grupoetic\/wp-json\/wp\/v2\/tags?post=709"}],"curies":[{"name":"wp","href":"https:\/\/api.w.org\/{rel}","templated":true}]}}