{"id":712,"date":"2017-05-29T09:48:15","date_gmt":"2017-05-29T09:48:15","guid":{"rendered":"http:\/\/www.unioviedo.es\/grupoetic\/?p=712"},"modified":"2017-09-05T08:14:41","modified_gmt":"2017-09-05T08:14:41","slug":"arranca-el-debate-en-el-iii-congreso-internacional-de-educacion-mediatica-y-competencia-digital","status":"publish","type":"post","link":"https:\/\/www.unioviedo.es\/grupoetic\/arranca-el-debate-en-el-iii-congreso-internacional-de-educacion-mediatica-y-competencia-digital\/","title":{"rendered":"Arranca el debate en el III Congreso Internacional de Educaci\u00f3n Medi\u00e1tica y Competencia Digital"},"content":{"rendered":"<h2 style=\"text-align: center;\"><em>Los y las participantes\u00a0en el <a href=\"http:\/\/www.educacionmediatica.es\/\" target=\"_blank\">III Congreso Internacional de Educaci\u00f3n Medi\u00e1tica y Competencia Digital<\/a> empiezan a tomar la palabra en un congreso cuya se\u00f1a\u00a0de identidad es la participaci\u00f3n y el intercambio colectivo de ideas. <\/em><\/h2>\n<p style=\"text-align: left;\">En el contexto de la fase virtual del <a href=\"http:\/\/www.educacionmediatica.es\/\" target=\"_blank\">Congreso<\/a>, el\u00a0pasado\u00a026 de mayo se celebr\u00f3 un <strong>debate<\/strong>\u00a0que, retransmitido\u00a0en directo a trav\u00e9s de YouTube Live y con la participaci\u00f3n de <strong>Aquilina Fueyo<\/strong> y<strong> Santi Fano<\/strong> del <a href=\"https:\/\/www.unioviedo.es\/grupoetic\/equipo\/\">Equipo eTIC<\/a> de la Universidad de Oviedo, sirvi\u00f3 para abrir la reflexi\u00f3n en torno a\u00a0las nuevas alfabetizaciones audiovisuales en la sociedad hiperconectada, la brecha generacional, la formaci\u00f3n de los \u00absupuestos\u00bb nativos digitales y las nuevas metodolog\u00edas de la educaci\u00f3n medi\u00e1tica en la era digital, entre otros temas de gran inter\u00e9s.<\/p>\n<p>Puedes visualizar la videoconferencia en su totalidad aqu\u00ed:<\/p>\n<p><iframe loading=\"lazy\" width=\"610\" height=\"343\" src=\"https:\/\/www.youtube.com\/embed\/UPRIBSfc3ZQ?feature=oembed\" frameborder=\"0\" allowfullscreen><\/iframe><\/p>\n<p>En la charla-debate virtual participaron:<\/p>\n<ul>\n<li><strong>Aquilina Fueyo Guti\u00e9rrez<\/strong>. Directora del \u00c1rea de Innovaci\u00f3n Educativa de la Universidad de Oviedo y Profesora de Tecnolog\u00eda Educativa (Equipo eTIC).<\/li>\n<li><strong>\u00c1ngel San Mart\u00edn<\/strong>. Profesor de Tecnolog\u00eda Educativa de la Universidad de Valencia.<\/li>\n<li><strong>Sergio Clavero<\/strong>. Responsable proyecto de alfabetizaci\u00f3n audiovisual ATURUXO FILMS.<\/li>\n<li><strong>Ana B. C.<\/strong> Experta en Filosof\u00eda, Educaci\u00f3n Art\u00edstica, Dise\u00f1o e Innovaci\u00f3n.<\/li>\n<li><strong>Beatriz Marcan<\/strong>o. Coordinadora del Departamento de Tecnolog\u00eda de la Facultad de Educaci\u00f3n, Universidad Internacional de La Rioja.<\/li>\n<li><strong>Bruna Nunes<\/strong>. Experta en Innovaci\u00f3n, Educaci\u00f3n y Tecnolog\u00eda.<\/li>\n<li><strong>Montserrat Blanch<\/strong>. Investigadora sobre la alfabetizaci\u00f3n cinematogr\u00e1fica.<\/li>\n<li><strong>Santi Fano<\/strong>. Experto en cybersociedad y Educaci\u00f3n (Equipo eTIC).<\/li>\n<\/ul>\n<p>&nbsp;<\/p>\n<p>&nbsp;<\/p>\n","protected":false},"excerpt":{"rendered":"<p>Los y las participantes\u00a0en el III Congreso Internacional de Educaci\u00f3n Medi\u00e1tica y Competencia Digital empiezan a tomar la palabra en un congreso cuya se\u00f1a\u00a0de identidad es la participaci\u00f3n y el intercambio colectivo de ideas. En el contexto de la fase virtual del Congreso, el\u00a0pasado\u00a026 de mayo se celebr\u00f3 un debate\u00a0que, retransmitido\u00a0en directo a trav\u00e9s de YouTube Live y con la participaci\u00f3n de Aquilina Fueyo y Santi Fano del Equipo eTIC de la Universidad de Oviedo, sirvi\u00f3 para abrir la reflexi\u00f3n en torno a\u00a0las nuevas alfabetizaciones audiovisuales en la sociedad hiperconectada, la brecha generacional, la formaci\u00f3n de los \u00absupuestos\u00bb nativos digitales y las nuevas metodolog\u00edas de la educaci\u00f3n medi\u00e1tica en la era digital, entre otros temas de gran inter\u00e9s. Puedes visualizar la videoconferencia en su totalidad aqu\u00ed: En la charla-debate virtual participaron: Aquilina Fueyo Guti\u00e9rrez. Directora del \u00c1rea de Innovaci\u00f3n Educativa de la Universidad de Oviedo y Profesora de Tecnolog\u00eda Educativa (Equipo eTIC). \u00c1ngel San Mart\u00edn. Profesor de Tecnolog\u00eda Educativa de la Universidad de Valencia. Sergio Clavero. Responsable proyecto de alfabetizaci\u00f3n audiovisual ATURUXO FILMS. Ana B. C. Experta en Filosof\u00eda, Educaci\u00f3n Art\u00edstica, Dise\u00f1o e Innovaci\u00f3n. Beatriz Marcano. Coordinadora del Departamento de Tecnolog\u00eda de la Facultad de Educaci\u00f3n, Universidad Internacional de La [&hellip;]<\/p>\n","protected":false},"author":2,"featured_media":738,"comment_status":"open","ping_status":"open","sticky":false,"template":"","format":"standard","meta":{"footnotes":""},"categories":[23,3],"tags":[],"_links":{"self":[{"href":"https:\/\/www.unioviedo.es\/grupoetic\/wp-json\/wp\/v2\/posts\/712"}],"collection":[{"href":"https:\/\/www.unioviedo.es\/grupoetic\/wp-json\/wp\/v2\/posts"}],"about":[{"href":"https:\/\/www.unioviedo.es\/grupoetic\/wp-json\/wp\/v2\/types\/post"}],"author":[{"embeddable":true,"href":"https:\/\/www.unioviedo.es\/grupoetic\/wp-json\/wp\/v2\/users\/2"}],"replies":[{"embeddable":true,"href":"https:\/\/www.unioviedo.es\/grupoetic\/wp-json\/wp\/v2\/comments?post=712"}],"version-history":[{"count":6,"href":"https:\/\/www.unioviedo.es\/grupoetic\/wp-json\/wp\/v2\/posts\/712\/revisions"}],"predecessor-version":[{"id":726,"href":"https:\/\/www.unioviedo.es\/grupoetic\/wp-json\/wp\/v2\/posts\/712\/revisions\/726"}],"wp:featuredmedia":[{"embeddable":true,"href":"https:\/\/www.unioviedo.es\/grupoetic\/wp-json\/wp\/v2\/media\/738"}],"wp:attachment":[{"href":"https:\/\/www.unioviedo.es\/grupoetic\/wp-json\/wp\/v2\/media?parent=712"}],"wp:term":[{"taxonomy":"category","embeddable":true,"href":"https:\/\/www.unioviedo.es\/grupoetic\/wp-json\/wp\/v2\/categories?post=712"},{"taxonomy":"post_tag","embeddable":true,"href":"https:\/\/www.unioviedo.es\/grupoetic\/wp-json\/wp\/v2\/tags?post=712"}],"curies":[{"name":"wp","href":"https:\/\/api.w.org\/{rel}","templated":true}]}}