{"id":728,"date":"2017-06-26T08:05:02","date_gmt":"2017-06-26T08:05:02","guid":{"rendered":"http:\/\/www.unioviedo.es\/grupoetic\/?p=728"},"modified":"2017-06-26T08:06:52","modified_gmt":"2017-06-26T08:06:52","slug":"728","status":"publish","type":"post","link":"https:\/\/www.unioviedo.es\/grupoetic\/728\/","title":{"rendered":"eTIC en el III Congreso de Educaci\u00f3n Medi\u00e1tica y Competencia Digital"},"content":{"rendered":"<p><a href=\"http:\/\/www.unioviedo.es\/grupoetic\/wp-content\/uploads\/2017\/06\/unioviedumed1.jpg\"><img loading=\"lazy\" decoding=\"async\" class=\"aligncenter wp-image-729 size-large\" src=\"http:\/\/www.unioviedo.es\/grupoetic\/wp-content\/uploads\/2017\/06\/unioviedumed1-1024x740.jpg\" alt=\"unioviedumed1\" width=\"610\" height=\"440\" srcset=\"https:\/\/www.unioviedo.es\/grupoetic\/wp-content\/uploads\/2017\/06\/unioviedumed1-1024x740.jpg 1024w, https:\/\/www.unioviedo.es\/grupoetic\/wp-content\/uploads\/2017\/06\/unioviedumed1-300x216.jpg 300w, https:\/\/www.unioviedo.es\/grupoetic\/wp-content\/uploads\/2017\/06\/unioviedumed1.jpg 1196w\" sizes=\"(max-width: 610px) 100vw, 610px\" \/><\/a><\/p>\n<p>&nbsp;<\/p>\n<p>El Equipo eTIC estuvo este mes\u00a0en Segovia participando\u00a0en la III Edici\u00f3n del <a href=\"http:\/\/www.educacionmediatica.es\/\" target=\"_blank\">Congreso Internacional de Educaci\u00f3n Medi\u00e1tica y Competencia Digital.<\/a> Ha sido un espacio privilegiado de aprendizaje y reflexi\u00f3n, en comunidad, sobre la vital importancia de una educaci\u00f3n para los medios empe\u00f1ada en construir una sociedad mejor.<\/p>\n<p>\u00a1\u00a1Nuestro ENORME agradecimiento a Alfonso Guti\u00e9rrez , Agust\u00edn Garc\u00eda Matilla y a tod@s l@s organizador@s por su extraordinario trabajo y acogida, as\u00ed como a tod@s l@s amig@s, nuev@s y viej@s, que hemos encontrado en las distintas sesiones y charlas!!<\/p>\n<p><img loading=\"lazy\" decoding=\"async\" class=\"aligncenter wp-image-730 size-large\" src=\"http:\/\/www.unioviedo.es\/grupoetic\/wp-content\/uploads\/2017\/06\/unioviedumed-1024x908.jpg\" alt=\"unioviedumed\" width=\"610\" height=\"540\" srcset=\"https:\/\/www.unioviedo.es\/grupoetic\/wp-content\/uploads\/2017\/06\/unioviedumed-1024x908.jpg 1024w, https:\/\/www.unioviedo.es\/grupoetic\/wp-content\/uploads\/2017\/06\/unioviedumed-300x266.jpg 300w, https:\/\/www.unioviedo.es\/grupoetic\/wp-content\/uploads\/2017\/06\/unioviedumed.jpg 1473w\" sizes=\"(max-width: 610px) 100vw, 610px\" \/><\/p>\n","protected":false},"excerpt":{"rendered":"<p>&nbsp; El Equipo eTIC estuvo este mes\u00a0en Segovia participando\u00a0en la III Edici\u00f3n del Congreso Internacional de Educaci\u00f3n Medi\u00e1tica y Competencia Digital. Ha sido un espacio privilegiado de aprendizaje y reflexi\u00f3n, en comunidad, sobre la vital importancia de una educaci\u00f3n para los medios empe\u00f1ada en construir una sociedad mejor. \u00a1\u00a1Nuestro ENORME agradecimiento a Alfonso Guti\u00e9rrez , Agust\u00edn Garc\u00eda Matilla y a tod@s l@s organizador@s por su extraordinario trabajo y acogida, as\u00ed como a tod@s l@s amig@s, nuev@s y viej@s, que hemos encontrado en las distintas sesiones y charlas!!<\/p>\n","protected":false},"author":2,"featured_media":730,"comment_status":"open","ping_status":"open","sticky":false,"template":"","format":"standard","meta":{"footnotes":""},"categories":[23,3],"tags":[],"_links":{"self":[{"href":"https:\/\/www.unioviedo.es\/grupoetic\/wp-json\/wp\/v2\/posts\/728"}],"collection":[{"href":"https:\/\/www.unioviedo.es\/grupoetic\/wp-json\/wp\/v2\/posts"}],"about":[{"href":"https:\/\/www.unioviedo.es\/grupoetic\/wp-json\/wp\/v2\/types\/post"}],"author":[{"embeddable":true,"href":"https:\/\/www.unioviedo.es\/grupoetic\/wp-json\/wp\/v2\/users\/2"}],"replies":[{"embeddable":true,"href":"https:\/\/www.unioviedo.es\/grupoetic\/wp-json\/wp\/v2\/comments?post=728"}],"version-history":[{"count":3,"href":"https:\/\/www.unioviedo.es\/grupoetic\/wp-json\/wp\/v2\/posts\/728\/revisions"}],"predecessor-version":[{"id":733,"href":"https:\/\/www.unioviedo.es\/grupoetic\/wp-json\/wp\/v2\/posts\/728\/revisions\/733"}],"wp:featuredmedia":[{"embeddable":true,"href":"https:\/\/www.unioviedo.es\/grupoetic\/wp-json\/wp\/v2\/media\/730"}],"wp:attachment":[{"href":"https:\/\/www.unioviedo.es\/grupoetic\/wp-json\/wp\/v2\/media?parent=728"}],"wp:term":[{"taxonomy":"category","embeddable":true,"href":"https:\/\/www.unioviedo.es\/grupoetic\/wp-json\/wp\/v2\/categories?post=728"},{"taxonomy":"post_tag","embeddable":true,"href":"https:\/\/www.unioviedo.es\/grupoetic\/wp-json\/wp\/v2\/tags?post=728"}],"curies":[{"name":"wp","href":"https:\/\/api.w.org\/{rel}","templated":true}]}}