{"id":734,"date":"2017-06-26T08:15:47","date_gmt":"2017-06-26T08:15:47","guid":{"rendered":"http:\/\/www.unioviedo.es\/grupoetic\/?p=734"},"modified":"2017-06-26T08:15:47","modified_gmt":"2017-06-26T08:15:47","slug":"educacion-mediatica-desde-un-enfoque-feminista-mesa-redonda-en-el-iii-congreso-de-educacion-mediatica-y-competencia-digital","status":"publish","type":"post","link":"https:\/\/www.unioviedo.es\/grupoetic\/educacion-mediatica-desde-un-enfoque-feminista-mesa-redonda-en-el-iii-congreso-de-educacion-mediatica-y-competencia-digital\/","title":{"rendered":"Educaci\u00f3n Medi\u00e1tica desde un Enfoque Feminista &#8211; Mesa Redonda en el III Congreso de Educaci\u00f3n Medi\u00e1tica y Competencia Digital"},"content":{"rendered":"<p>El pasado d\u00eda 17 de junio, <strong>Aquilina Fueyo<\/strong> (Equipo eTIC, Universidad de Oviedo) particip\u00f3 junto <strong>Roc\u00edo\u00a0Anguita<\/strong> (Universidad de Valladolid), <strong>Pilar San Pablo<\/strong> (UVA), <strong>Susana de Andr\u00e9s<\/strong> (UVA) y <strong>Elo\u00edsa Nos<\/strong> (Universitat Jaume I) en la\u00a0mesa redonda sobre Educaci\u00f3n Medi\u00e1tica desde un Enfoque Feminista que dio cierre al <a href=\"http:\/\/www.educacionmediatica.es\/\" target=\"_blank\">III Congreso Internacional de Educaci\u00f3n Medi\u00e1tica y Competencia Digital<\/a>.<\/p>\n<p>Puedes ver la sesi\u00f3n completa aqu\u00ed:<\/p>\n<p><iframe loading=\"lazy\" width=\"610\" height=\"343\" src=\"https:\/\/www.youtube.com\/embed\/Gb-kqF3q9XA?feature=oembed\" frameborder=\"0\" allowfullscreen><\/iframe><\/p>\n","protected":false},"excerpt":{"rendered":"<p>El pasado d\u00eda 17 de junio, Aquilina Fueyo (Equipo eTIC, Universidad de Oviedo) particip\u00f3 junto Roc\u00edo\u00a0Anguita (Universidad de Valladolid), Pilar San Pablo (UVA), Susana de Andr\u00e9s (UVA) y Elo\u00edsa Nos (Universitat Jaume I) en la\u00a0mesa redonda sobre Educaci\u00f3n Medi\u00e1tica desde un Enfoque Feminista que dio cierre al III Congreso Internacional de Educaci\u00f3n Medi\u00e1tica y Competencia Digital. Puedes ver la sesi\u00f3n completa aqu\u00ed:<\/p>\n","protected":false},"author":2,"featured_media":735,"comment_status":"open","ping_status":"open","sticky":false,"template":"","format":"standard","meta":{"footnotes":""},"categories":[23,24,3],"tags":[],"_links":{"self":[{"href":"https:\/\/www.unioviedo.es\/grupoetic\/wp-json\/wp\/v2\/posts\/734"}],"collection":[{"href":"https:\/\/www.unioviedo.es\/grupoetic\/wp-json\/wp\/v2\/posts"}],"about":[{"href":"https:\/\/www.unioviedo.es\/grupoetic\/wp-json\/wp\/v2\/types\/post"}],"author":[{"embeddable":true,"href":"https:\/\/www.unioviedo.es\/grupoetic\/wp-json\/wp\/v2\/users\/2"}],"replies":[{"embeddable":true,"href":"https:\/\/www.unioviedo.es\/grupoetic\/wp-json\/wp\/v2\/comments?post=734"}],"version-history":[{"count":1,"href":"https:\/\/www.unioviedo.es\/grupoetic\/wp-json\/wp\/v2\/posts\/734\/revisions"}],"predecessor-version":[{"id":736,"href":"https:\/\/www.unioviedo.es\/grupoetic\/wp-json\/wp\/v2\/posts\/734\/revisions\/736"}],"wp:featuredmedia":[{"embeddable":true,"href":"https:\/\/www.unioviedo.es\/grupoetic\/wp-json\/wp\/v2\/media\/735"}],"wp:attachment":[{"href":"https:\/\/www.unioviedo.es\/grupoetic\/wp-json\/wp\/v2\/media?parent=734"}],"wp:term":[{"taxonomy":"category","embeddable":true,"href":"https:\/\/www.unioviedo.es\/grupoetic\/wp-json\/wp\/v2\/categories?post=734"},{"taxonomy":"post_tag","embeddable":true,"href":"https:\/\/www.unioviedo.es\/grupoetic\/wp-json\/wp\/v2\/tags?post=734"}],"curies":[{"name":"wp","href":"https:\/\/api.w.org\/{rel}","templated":true}]}}