{"id":888,"date":"2022-04-26T17:28:52","date_gmt":"2022-04-26T17:28:52","guid":{"rendered":"http:\/\/www.unioviedo.es\/grupoetic\/?p=888"},"modified":"2022-04-26T17:31:07","modified_gmt":"2022-04-26T17:31:07","slug":"jornada-100-anos-de-paulo-freire-educacion-transformadora-para-la-ciudadania-global-conferencia-de-carlos-alberto-torres","status":"publish","type":"post","link":"https:\/\/www.unioviedo.es\/grupoetic\/jornada-100-anos-de-paulo-freire-educacion-transformadora-para-la-ciudadania-global-conferencia-de-carlos-alberto-torres\/","title":{"rendered":"Jornada 100 a\u00f1os de Paulo Freire. Educaci\u00f3n Transformadora para la Ciudadan\u00eda Global. Conferencia de Carlos Alberto Torres"},"content":{"rendered":"<p><a href=\"http:\/\/www.unioviedo.es\/grupoetic\/wp-content\/uploads\/2022\/04\/Captura-de-pantalla-2022-04-26-a-las-19.29.53.png\"><img loading=\"lazy\" decoding=\"async\" class=\"aligncenter size-thumbnail wp-image-891\" src=\"http:\/\/www.unioviedo.es\/grupoetic\/wp-content\/uploads\/2022\/04\/Captura-de-pantalla-2022-04-26-a-las-19.29.53-290x290.png\" alt=\"\" width=\"290\" height=\"290\" srcset=\"https:\/\/www.unioviedo.es\/grupoetic\/wp-content\/uploads\/2022\/04\/Captura-de-pantalla-2022-04-26-a-las-19.29.53-290x290.png 290w, https:\/\/www.unioviedo.es\/grupoetic\/wp-content\/uploads\/2022\/04\/Captura-de-pantalla-2022-04-26-a-las-19.29.53-50x50.png 50w\" sizes=\"(max-width: 290px) 100vw, 290px\" \/><\/a><\/p>\n<p>En el contexto de la Jornada 100 a\u00f1os de Paulo Freire. Educaci\u00f3n transformadora para la Ciudadan\u00eda Global se ha\u00a0 desarrollado en la Facultad de Educaci\u00f3n la\u00a0 Conferencia desarrollada por el profesor Carlos Alberto Torres.<\/p>\n<p><iframe loading=\"lazy\" width=\"610\" height=\"343\" src=\"https:\/\/www.youtube.com\/embed\/20Bi5XG4r3Q?feature=oembed\" frameborder=\"0\" allow=\"accelerometer; autoplay; clipboard-write; encrypted-media; gyroscope; picture-in-picture\" allowfullscreen><\/iframe><\/p>\n","protected":false},"excerpt":{"rendered":"<p>En el contexto de la Jornada 100 a\u00f1os de Paulo Freire. Educaci\u00f3n transformadora para la Ciudadan\u00eda Global se ha\u00a0 desarrollado en la Facultad de Educaci\u00f3n la\u00a0 Conferencia desarrollada por el profesor Carlos Alberto Torres.<\/p>\n","protected":false},"author":1,"featured_media":891,"comment_status":"open","ping_status":"open","sticky":false,"template":"","format":"standard","meta":{"footnotes":""},"categories":[28],"tags":[],"_links":{"self":[{"href":"https:\/\/www.unioviedo.es\/grupoetic\/wp-json\/wp\/v2\/posts\/888"}],"collection":[{"href":"https:\/\/www.unioviedo.es\/grupoetic\/wp-json\/wp\/v2\/posts"}],"about":[{"href":"https:\/\/www.unioviedo.es\/grupoetic\/wp-json\/wp\/v2\/types\/post"}],"author":[{"embeddable":true,"href":"https:\/\/www.unioviedo.es\/grupoetic\/wp-json\/wp\/v2\/users\/1"}],"replies":[{"embeddable":true,"href":"https:\/\/www.unioviedo.es\/grupoetic\/wp-json\/wp\/v2\/comments?post=888"}],"version-history":[{"count":3,"href":"https:\/\/www.unioviedo.es\/grupoetic\/wp-json\/wp\/v2\/posts\/888\/revisions"}],"predecessor-version":[{"id":892,"href":"https:\/\/www.unioviedo.es\/grupoetic\/wp-json\/wp\/v2\/posts\/888\/revisions\/892"}],"wp:featuredmedia":[{"embeddable":true,"href":"https:\/\/www.unioviedo.es\/grupoetic\/wp-json\/wp\/v2\/media\/891"}],"wp:attachment":[{"href":"https:\/\/www.unioviedo.es\/grupoetic\/wp-json\/wp\/v2\/media?parent=888"}],"wp:term":[{"taxonomy":"category","embeddable":true,"href":"https:\/\/www.unioviedo.es\/grupoetic\/wp-json\/wp\/v2\/categories?post=888"},{"taxonomy":"post_tag","embeddable":true,"href":"https:\/\/www.unioviedo.es\/grupoetic\/wp-json\/wp\/v2\/tags?post=888"}],"curies":[{"name":"wp","href":"https:\/\/api.w.org\/{rel}","templated":true}]}}