{"id":893,"date":"2022-04-26T17:37:41","date_gmt":"2022-04-26T17:37:41","guid":{"rendered":"http:\/\/www.unioviedo.es\/grupoetic\/?p=893"},"modified":"2022-04-26T17:38:11","modified_gmt":"2022-04-26T17:38:11","slug":"jornada-100-anos-de-paulo-freire-mesa-de-dialogo-internacional-maria-verdeja-y-janaina-stronzake","status":"publish","type":"post","link":"https:\/\/www.unioviedo.es\/grupoetic\/jornada-100-anos-de-paulo-freire-mesa-de-dialogo-internacional-maria-verdeja-y-janaina-stronzake\/","title":{"rendered":"Jornada 100 A\u00f1os de Paulo Freire. Mesa de dialogo Internacional Mar\u00eda Verdeja y Janaina Stronzake"},"content":{"rendered":"<p><a href=\"http:\/\/www.unioviedo.es\/grupoetic\/wp-content\/uploads\/2022\/04\/Captura-de-pantalla-2022-04-26-a-las-19.33.28.png\"><br \/>\n<img loading=\"lazy\" decoding=\"async\" class=\"aligncenter size-thumbnail wp-image-894\" src=\"http:\/\/www.unioviedo.es\/grupoetic\/wp-content\/uploads\/2022\/04\/Captura-de-pantalla-2022-04-26-a-las-19.33.28-290x290.png\" alt=\"\" width=\"290\" height=\"290\" srcset=\"https:\/\/www.unioviedo.es\/grupoetic\/wp-content\/uploads\/2022\/04\/Captura-de-pantalla-2022-04-26-a-las-19.33.28-290x290.png 290w, https:\/\/www.unioviedo.es\/grupoetic\/wp-content\/uploads\/2022\/04\/Captura-de-pantalla-2022-04-26-a-las-19.33.28-50x50.png 50w\" sizes=\"(max-width: 290px) 100vw, 290px\" \/>En el contexto de la Jornada 100 a\u00f1os de Paulo Freire se desarroll\u00f3 la mesa de di\u00e1logo Internacional Asturias Brasil entre las profesoras Mar\u00eda Verdeja y Janaina Stronzake<\/a><\/p>\n<p><iframe loading=\"lazy\" width=\"610\" height=\"343\" src=\"https:\/\/www.youtube.com\/embed\/eyc6SNTkyFM?feature=oembed\" frameborder=\"0\" allow=\"accelerometer; autoplay; clipboard-write; encrypted-media; gyroscope; picture-in-picture\" allowfullscreen><\/iframe><\/p>\n","protected":false},"excerpt":{"rendered":"<p>En el contexto de la Jornada 100 a\u00f1os de Paulo Freire se desarroll\u00f3 la mesa de di\u00e1logo Internacional Asturias Brasil entre las profesoras Mar\u00eda Verdeja y Janaina Stronzake<\/p>\n","protected":false},"author":1,"featured_media":894,"comment_status":"open","ping_status":"open","sticky":false,"template":"","format":"standard","meta":{"footnotes":""},"categories":[28],"tags":[],"_links":{"self":[{"href":"https:\/\/www.unioviedo.es\/grupoetic\/wp-json\/wp\/v2\/posts\/893"}],"collection":[{"href":"https:\/\/www.unioviedo.es\/grupoetic\/wp-json\/wp\/v2\/posts"}],"about":[{"href":"https:\/\/www.unioviedo.es\/grupoetic\/wp-json\/wp\/v2\/types\/post"}],"author":[{"embeddable":true,"href":"https:\/\/www.unioviedo.es\/grupoetic\/wp-json\/wp\/v2\/users\/1"}],"replies":[{"embeddable":true,"href":"https:\/\/www.unioviedo.es\/grupoetic\/wp-json\/wp\/v2\/comments?post=893"}],"version-history":[{"count":2,"href":"https:\/\/www.unioviedo.es\/grupoetic\/wp-json\/wp\/v2\/posts\/893\/revisions"}],"predecessor-version":[{"id":896,"href":"https:\/\/www.unioviedo.es\/grupoetic\/wp-json\/wp\/v2\/posts\/893\/revisions\/896"}],"wp:featuredmedia":[{"embeddable":true,"href":"https:\/\/www.unioviedo.es\/grupoetic\/wp-json\/wp\/v2\/media\/894"}],"wp:attachment":[{"href":"https:\/\/www.unioviedo.es\/grupoetic\/wp-json\/wp\/v2\/media?parent=893"}],"wp:term":[{"taxonomy":"category","embeddable":true,"href":"https:\/\/www.unioviedo.es\/grupoetic\/wp-json\/wp\/v2\/categories?post=893"},{"taxonomy":"post_tag","embeddable":true,"href":"https:\/\/www.unioviedo.es\/grupoetic\/wp-json\/wp\/v2\/tags?post=893"}],"curies":[{"name":"wp","href":"https:\/\/api.w.org\/{rel}","templated":true}]}}