{"id":897,"date":"2022-04-26T17:58:01","date_gmt":"2022-04-26T17:58:01","guid":{"rendered":"http:\/\/www.unioviedo.es\/grupoetic\/?p=897"},"modified":"2022-04-26T17:58:38","modified_gmt":"2022-04-26T17:58:38","slug":"educacion-popular-y-ludopedagogia-jornada-100-anos-de-paulo-freire-asociacion-los-glayus","status":"publish","type":"post","link":"https:\/\/www.unioviedo.es\/grupoetic\/educacion-popular-y-ludopedagogia-jornada-100-anos-de-paulo-freire-asociacion-los-glayus\/","title":{"rendered":"Educaci\u00f3n Popular y Ludopedagog\u00eda. Jornada 100 A\u00f1os de Paulo Freire. Asociaci\u00f3n Los Glayus"},"content":{"rendered":"<div class=\"page\" title=\"Page 1\">\n<div class=\"section\">\n<div class=\"layoutArea\">\n<div class=\"column\">\n<p><a href=\"http:\/\/www.unioviedo.es\/grupoetic\/wp-content\/uploads\/2022\/04\/cartel-Freire-.jpeg\"><img loading=\"lazy\" decoding=\"async\" class=\"size-full wp-image-899 alignright\" src=\"http:\/\/www.unioviedo.es\/grupoetic\/wp-content\/uploads\/2022\/04\/cartel-Freire-.jpeg\" alt=\"\" width=\"189\" height=\"267\" \/><\/a><\/p>\n<p>&nbsp;<\/p>\n<p>&nbsp;<\/p>\n<p>En el marco de las Jornadas 100 a\u00f1os de Paulo Freire se desarroll\u00f3 el taller\u00a0 presencial\u00a0 Educaci\u00f3n Popular y Ludopedagog\u00eda actualizando T\u00e9cnicas y Herramientas. En el se habl\u00f3 sobre la Pedagog\u00eda freiriana y se\u00a0 analizaron las nuevas herramientas que aporta la Ludopedagog\u00eda a la Educaci\u00f3n. El taller fue desarrollado en el Gimnasio de la Facultad de Formaci\u00f3n del Profesorado y Educaci\u00f3n\u00a0 de la Universidad de Oviedo.<\/p>\n<p><a href=\"http:\/\/www.unioviedo.es\/grupoetic\/wp-content\/uploads\/2022\/04\/glayus-.png\"><img loading=\"lazy\" decoding=\"async\" class=\"size-full wp-image-898 alignleft\" src=\"http:\/\/www.unioviedo.es\/grupoetic\/wp-content\/uploads\/2022\/04\/glayus-.png\" alt=\"\" width=\"210\" height=\"240\" \/><\/a>Los Glayus es una entidad que trabaja en el a\u0301mbito de la Educacio\u0301n Popular, la Educacio\u0301n en Valores, la Educacio\u0301n desde el Tiempo Libre, la Dinamizacio\u0301n Comunitaria, la Pedagogi\u0301a Aplicada y la Participacio\u0301n ciudadana, especialmente la participacio\u0301n infantil. Desde su creacio\u0301n en Oviedo en 1994 se han convertido en una referencia en Asturias en su campo de trabajo.<\/p>\n<p style=\"text-align: right;\"><a href=\"https:\/\/www.bienestaryproteccioninfantil.es\/fuentes1.asp?sec=1&amp;subs=22&amp;cod=2628&amp;page=\">Leer relator\u00eda del taller\u00a0<\/a><\/p>\n<\/div>\n<\/div>\n<\/div>\n<\/div>\n","protected":false},"excerpt":{"rendered":"<p>&nbsp; &nbsp; En el marco de las Jornadas 100 a\u00f1os de Paulo Freire se desarroll\u00f3 el taller\u00a0 presencial\u00a0 Educaci\u00f3n Popular y Ludopedagog\u00eda actualizando T\u00e9cnicas y Herramientas. En el se habl\u00f3 sobre la Pedagog\u00eda freiriana y se\u00a0 analizaron las nuevas herramientas que aporta la Ludopedagog\u00eda a la Educaci\u00f3n. El taller fue desarrollado en el Gimnasio de la Facultad de Formaci\u00f3n del Profesorado y Educaci\u00f3n\u00a0 de la Universidad de Oviedo. Los Glayus es una entidad que trabaja en el a\u0301mbito de la Educacio\u0301n Popular, la Educacio\u0301n en Valores, la Educacio\u0301n desde el Tiempo Libre, la Dinamizacio\u0301n Comunitaria, la Pedagogi\u0301a Aplicada y la Participacio\u0301n ciudadana, especialmente la participacio\u0301n infantil. Desde su creacio\u0301n en Oviedo en 1994 se han convertido en una referencia en Asturias en su campo de trabajo. Leer relator\u00eda del taller\u00a0<\/p>\n","protected":false},"author":1,"featured_media":899,"comment_status":"open","ping_status":"open","sticky":false,"template":"","format":"standard","meta":{"footnotes":""},"categories":[28],"tags":[],"_links":{"self":[{"href":"https:\/\/www.unioviedo.es\/grupoetic\/wp-json\/wp\/v2\/posts\/897"}],"collection":[{"href":"https:\/\/www.unioviedo.es\/grupoetic\/wp-json\/wp\/v2\/posts"}],"about":[{"href":"https:\/\/www.unioviedo.es\/grupoetic\/wp-json\/wp\/v2\/types\/post"}],"author":[{"embeddable":true,"href":"https:\/\/www.unioviedo.es\/grupoetic\/wp-json\/wp\/v2\/users\/1"}],"replies":[{"embeddable":true,"href":"https:\/\/www.unioviedo.es\/grupoetic\/wp-json\/wp\/v2\/comments?post=897"}],"version-history":[{"count":1,"href":"https:\/\/www.unioviedo.es\/grupoetic\/wp-json\/wp\/v2\/posts\/897\/revisions"}],"predecessor-version":[{"id":900,"href":"https:\/\/www.unioviedo.es\/grupoetic\/wp-json\/wp\/v2\/posts\/897\/revisions\/900"}],"wp:featuredmedia":[{"embeddable":true,"href":"https:\/\/www.unioviedo.es\/grupoetic\/wp-json\/wp\/v2\/media\/899"}],"wp:attachment":[{"href":"https:\/\/www.unioviedo.es\/grupoetic\/wp-json\/wp\/v2\/media?parent=897"}],"wp:term":[{"taxonomy":"category","embeddable":true,"href":"https:\/\/www.unioviedo.es\/grupoetic\/wp-json\/wp\/v2\/categories?post=897"},{"taxonomy":"post_tag","embeddable":true,"href":"https:\/\/www.unioviedo.es\/grupoetic\/wp-json\/wp\/v2\/tags?post=897"}],"curies":[{"name":"wp","href":"https:\/\/api.w.org\/{rel}","templated":true}]}}