{"id":927,"date":"2022-04-26T18:31:02","date_gmt":"2022-04-26T18:31:02","guid":{"rendered":"http:\/\/www.unioviedo.es\/grupoetic\/?p=927"},"modified":"2022-04-26T18:31:02","modified_gmt":"2022-04-26T18:31:02","slug":"conferencia-educacion-para-la-ciudadania-global-en-el-contexto-del-capitalismo-digital-aquilina-fueyo-y-gloria-braga","status":"publish","type":"post","link":"https:\/\/www.unioviedo.es\/grupoetic\/conferencia-educacion-para-la-ciudadania-global-en-el-contexto-del-capitalismo-digital-aquilina-fueyo-y-gloria-braga\/","title":{"rendered":"Conferencia Educaci\u00f3n para la ciudadan\u00eda global en el contexto del capitalismo digital. Aquilina Fueyo y Gloria Braga"},"content":{"rendered":"\n\t\t<style type=\"text\/css\">\n\t\t\t#gallery-1 {\n\t\t\t\tmargin: auto;\n\t\t\t}\n\t\t\t#gallery-1 .gallery-item {\n\t\t\t\tfloat: left;\n\t\t\t\tmargin-top: 10px;\n\t\t\t\ttext-align: center;\n\t\t\t\twidth: 33%;\n\t\t\t}\n\t\t\t#gallery-1 img {\n\t\t\t\tborder: 2px solid #cfcfcf;\n\t\t\t}\n\t\t\t#gallery-1 .gallery-caption {\n\t\t\t\tmargin-left: 0;\n\t\t\t}\n\t\t\t\/* see gallery_shortcode() in wp-includes\/media.php *\/\n\t\t<\/style>\n\t\t<div id='gallery-1' class='gallery galleryid-927 gallery-columns-3 gallery-size-thumbnail'><dl class='gallery-item'>\n\t\t\t<dt class='gallery-icon landscape'>\n\t\t\t\t<a href='https:\/\/www.unioviedo.es\/grupoetic\/conferencia-educacion-para-la-ciudadania-global-en-el-contexto-del-capitalismo-digital-aquilina-fueyo-y-gloria-braga\/captura-de-pantalla-2022-04-26-a-las-20-25-35\/'><img loading=\"lazy\" decoding=\"async\" width=\"290\" height=\"290\" src=\"https:\/\/www.unioviedo.es\/grupoetic\/wp-content\/uploads\/2022\/04\/Captura-de-pantalla-2022-04-26-a-las-20.25.35-290x290.png\" class=\"attachment-thumbnail size-thumbnail\" alt=\"\" srcset=\"https:\/\/www.unioviedo.es\/grupoetic\/wp-content\/uploads\/2022\/04\/Captura-de-pantalla-2022-04-26-a-las-20.25.35-290x290.png 290w, https:\/\/www.unioviedo.es\/grupoetic\/wp-content\/uploads\/2022\/04\/Captura-de-pantalla-2022-04-26-a-las-20.25.35-50x50.png 50w\" sizes=\"(max-width: 290px) 100vw, 290px\" \/><\/a>\n\t\t\t<\/dt><\/dl><dl class='gallery-item'>\n\t\t\t<dt class='gallery-icon landscape'>\n\t\t\t\t<a href='https:\/\/www.unioviedo.es\/grupoetic\/conferencia-educacion-para-la-ciudadania-global-en-el-contexto-del-capitalismo-digital-aquilina-fueyo-y-gloria-braga\/captura-de-pantalla-2022-04-26-a-las-20-26-23\/'><img loading=\"lazy\" decoding=\"async\" width=\"290\" height=\"290\" src=\"https:\/\/www.unioviedo.es\/grupoetic\/wp-content\/uploads\/2022\/04\/Captura-de-pantalla-2022-04-26-a-las-20.26.23-290x290.png\" class=\"attachment-thumbnail size-thumbnail\" alt=\"\" srcset=\"https:\/\/www.unioviedo.es\/grupoetic\/wp-content\/uploads\/2022\/04\/Captura-de-pantalla-2022-04-26-a-las-20.26.23-290x290.png 290w, https:\/\/www.unioviedo.es\/grupoetic\/wp-content\/uploads\/2022\/04\/Captura-de-pantalla-2022-04-26-a-las-20.26.23-50x50.png 50w\" sizes=\"(max-width: 290px) 100vw, 290px\" \/><\/a>\n\t\t\t<\/dt><\/dl><dl class='gallery-item'>\n\t\t\t<dt class='gallery-icon landscape'>\n\t\t\t\t<a href='https:\/\/www.unioviedo.es\/grupoetic\/conferencia-educacion-para-la-ciudadania-global-en-el-contexto-del-capitalismo-digital-aquilina-fueyo-y-gloria-braga\/captura-de-pantalla-2022-04-26-a-las-20-26-52\/'><img loading=\"lazy\" decoding=\"async\" width=\"290\" height=\"290\" src=\"https:\/\/www.unioviedo.es\/grupoetic\/wp-content\/uploads\/2022\/04\/Captura-de-pantalla-2022-04-26-a-las-20.26.52-290x290.png\" class=\"attachment-thumbnail size-thumbnail\" alt=\"\" srcset=\"https:\/\/www.unioviedo.es\/grupoetic\/wp-content\/uploads\/2022\/04\/Captura-de-pantalla-2022-04-26-a-las-20.26.52-290x290.png 290w, https:\/\/www.unioviedo.es\/grupoetic\/wp-content\/uploads\/2022\/04\/Captura-de-pantalla-2022-04-26-a-las-20.26.52-50x50.png 50w\" sizes=\"(max-width: 290px) 100vw, 290px\" \/><\/a>\n\t\t\t<\/dt><\/dl><br style=\"clear: both\" \/><dl class='gallery-item'>\n\t\t\t<dt class='gallery-icon landscape'>\n\t\t\t\t<a href='https:\/\/www.unioviedo.es\/grupoetic\/conferencia-educacion-para-la-ciudadania-global-en-el-contexto-del-capitalismo-digital-aquilina-fueyo-y-gloria-braga\/captura-de-pantalla-2022-04-26-a-las-20-28-02\/'><img loading=\"lazy\" decoding=\"async\" width=\"290\" height=\"290\" src=\"https:\/\/www.unioviedo.es\/grupoetic\/wp-content\/uploads\/2022\/04\/Captura-de-pantalla-2022-04-26-a-las-20.28.02-290x290.png\" class=\"attachment-thumbnail size-thumbnail\" alt=\"\" srcset=\"https:\/\/www.unioviedo.es\/grupoetic\/wp-content\/uploads\/2022\/04\/Captura-de-pantalla-2022-04-26-a-las-20.28.02-290x290.png 290w, https:\/\/www.unioviedo.es\/grupoetic\/wp-content\/uploads\/2022\/04\/Captura-de-pantalla-2022-04-26-a-las-20.28.02-50x50.png 50w\" sizes=\"(max-width: 290px) 100vw, 290px\" \/><\/a>\n\t\t\t<\/dt><\/dl>\n\t\t\t<br style='clear: both' \/>\n\t\t<\/div>\n\n<p>En el contexto de las <em>Jornadas Neoliberalismo y Educaci\u00f3n. C\u00f3mo el mercado entr\u00f3 en la escuela\u00a0\u00a0<\/em>las profesoras Gloria Braga y Aquillina Fueyo Guti\u00e9rrez han desarrollado la conferencia Educaci\u00f3n para la Ciudadan\u00eda Global en el contexto del capitalismo digital.<\/p>\n<p>&nbsp;<\/p>\n<p><iframe loading=\"lazy\" width=\"610\" height=\"343\" src=\"https:\/\/www.youtube.com\/embed\/qKLCeEnokR4?feature=oembed\" frameborder=\"0\" allow=\"accelerometer; autoplay; clipboard-write; encrypted-media; gyroscope; picture-in-picture\" allowfullscreen><\/iframe><\/p>\n<p>En esta conferencia se plantea un an\u00e1lisis cr\u00edtico del sentido de la ciudadan\u00eda global\u00a0 y de las propuestas para educar hacia una ciudadan\u00eda que sea capaz de manejarse cr\u00edticamente en una sociedad marcada por el capitalismo digital.<\/p>\n<p><a href=\"http:\/\/Jornadas%20Neoliberalismo%20y%20Educaci\u00f3n.%20C\u00f3mo%20el%20mercado%20entr\u00f3%20en%20la%20escuela.\">Jornadas Neoliberalismo y Educaci\u00f3n. C\u00f3mo el mercado entr\u00f3 en la escuela.<\/a>\u00a0Organizadas por la Federaci\u00f3n de Educaci\u00f3n de CCOO, la Facultad de Formaci\u00f3n del Profesorado y Educaci\u00f3n y el Departamento de Ciencias de la Educaci\u00f3n.<\/p>\n<p>&nbsp;<\/p>\n","protected":false},"excerpt":{"rendered":"<p>En el contexto de las Jornadas Neoliberalismo y Educaci\u00f3n. C\u00f3mo el mercado entr\u00f3 en la escuela\u00a0\u00a0las profesoras Gloria Braga y Aquillina Fueyo Guti\u00e9rrez han desarrollado la conferencia Educaci\u00f3n para la Ciudadan\u00eda Global en el contexto del capitalismo digital. &nbsp; En esta conferencia se plantea un an\u00e1lisis cr\u00edtico del sentido de la ciudadan\u00eda global\u00a0 y de las propuestas para educar hacia una ciudadan\u00eda que sea capaz de manejarse cr\u00edticamente en una sociedad marcada por el capitalismo digital. Jornadas Neoliberalismo y Educaci\u00f3n. C\u00f3mo el mercado entr\u00f3 en la escuela.\u00a0Organizadas por la Federaci\u00f3n de Educaci\u00f3n de CCOO, la Facultad de Formaci\u00f3n del Profesorado y Educaci\u00f3n y el Departamento de Ciencias de la Educaci\u00f3n. &nbsp;<\/p>\n","protected":false},"author":1,"featured_media":930,"comment_status":"open","ping_status":"open","sticky":false,"template":"","format":"standard","meta":{"footnotes":""},"categories":[28],"tags":[],"_links":{"self":[{"href":"https:\/\/www.unioviedo.es\/grupoetic\/wp-json\/wp\/v2\/posts\/927"}],"collection":[{"href":"https:\/\/www.unioviedo.es\/grupoetic\/wp-json\/wp\/v2\/posts"}],"about":[{"href":"https:\/\/www.unioviedo.es\/grupoetic\/wp-json\/wp\/v2\/types\/post"}],"author":[{"embeddable":true,"href":"https:\/\/www.unioviedo.es\/grupoetic\/wp-json\/wp\/v2\/users\/1"}],"replies":[{"embeddable":true,"href":"https:\/\/www.unioviedo.es\/grupoetic\/wp-json\/wp\/v2\/comments?post=927"}],"version-history":[{"count":1,"href":"https:\/\/www.unioviedo.es\/grupoetic\/wp-json\/wp\/v2\/posts\/927\/revisions"}],"predecessor-version":[{"id":932,"href":"https:\/\/www.unioviedo.es\/grupoetic\/wp-json\/wp\/v2\/posts\/927\/revisions\/932"}],"wp:featuredmedia":[{"embeddable":true,"href":"https:\/\/www.unioviedo.es\/grupoetic\/wp-json\/wp\/v2\/media\/930"}],"wp:attachment":[{"href":"https:\/\/www.unioviedo.es\/grupoetic\/wp-json\/wp\/v2\/media?parent=927"}],"wp:term":[{"taxonomy":"category","embeddable":true,"href":"https:\/\/www.unioviedo.es\/grupoetic\/wp-json\/wp\/v2\/categories?post=927"},{"taxonomy":"post_tag","embeddable":true,"href":"https:\/\/www.unioviedo.es\/grupoetic\/wp-json\/wp\/v2\/tags?post=927"}],"curies":[{"name":"wp","href":"https:\/\/api.w.org\/{rel}","templated":true}]}}