{"id":946,"date":"2022-12-12T10:19:22","date_gmt":"2022-12-12T10:19:22","guid":{"rendered":"http:\/\/www.unioviedo.es\/grupoetic\/?p=946"},"modified":"2023-03-13T11:39:03","modified_gmt":"2023-03-13T11:39:03","slug":"encuentro-de-estudiantes-y-docentes-de-la-asignatura-educacion-para-la-cooperacion-y-el-desarrollo-humano-sostenible-en-la-universidad-de-cantabria","status":"publish","type":"post","link":"https:\/\/www.unioviedo.es\/grupoetic\/encuentro-de-estudiantes-y-docentes-de-la-asignatura-educacion-para-la-cooperacion-y-el-desarrollo-humano-sostenible-en-la-universidad-de-cantabria\/","title":{"rendered":"Encuentro de estudiantes y docentes de la asignatura Educaci\u00f3n para la Cooperaci\u00f3n y el Desarrollo Humano Sostenible en la Universidad de Cantabria"},"content":{"rendered":"<p><a href=\"https:\/\/unioviedo-my.sharepoint.com\/:v:\/g\/personal\/mafueyo_uniovi_es\/Eaw7pQ9dtTROk57L1KTeRkABylvTLf_GB4XbLXCtRITklA?e=CRpbEc\">V\u00eddeo de la Jornada<\/a><\/p>\n<p>Un grupo de estudiantes de la asignatura Educaci\u00f3n para la Cooperaci\u00f3n y el Desarrollo Humano Sostenible del Grado de Pedagog\u00eda de la Facultad de Formaci\u00f3n del Profesorado y Educaci\u00f3n de la Universidad de Oviedo se ha reunido el d\u00eda 26 de octubre de 2022 con alumnado y profesorado de la Universidad de Cantabria y representantes de las ONGs asturianas entre las que se encuentran: Maspaz y Soldepaz Pachakuti. En este marco general de colaboraci\u00f3n y creaci\u00f3n de redes de trabajo, tambi\u00e9n se cont\u00f3 con la colaboraci\u00f3n de tres j\u00f3venes colombianos que est\u00e1n como refugiados pol\u00edticos en Asturias en el marco de un Programa de Protecci\u00f3n de V\u00edctimas de Violencia en Colombia (Gobierno del Principado de Asturias y Soldepaz). En el contexto de este encuentro se realizaron diferentes actividades colaborativas que comentamos en este post.<\/p>\n<p><a href=\"http:\/\/www.unioviedo.es\/grupoetic\/wp-content\/uploads\/2022\/12\/Foto-1.jpg\"><img loading=\"lazy\" decoding=\"async\" class=\"alignnone size-medium wp-image-947\" src=\"http:\/\/www.unioviedo.es\/grupoetic\/wp-content\/uploads\/2022\/12\/Foto-1-300x191.jpg\" alt=\"\" width=\"300\" height=\"191\" srcset=\"https:\/\/www.unioviedo.es\/grupoetic\/wp-content\/uploads\/2022\/12\/Foto-1-300x191.jpg 300w, https:\/\/www.unioviedo.es\/grupoetic\/wp-content\/uploads\/2022\/12\/Foto-1.jpg 400w\" sizes=\"(max-width: 300px) 100vw, 300px\" \/><\/a><\/p>\n<p>La jornada comenz\u00f3 con la visita al Centro de Recursos, Interpretaci\u00f3n y Estudios de la Escuela de Polanco. Tras una explicaci\u00f3n sobre la importancia de la conservaci\u00f3n del patrimonio hist\u00f3rico-educativo y la necesidad de su conocimiento por parte de los profesionales de la pedagog\u00eda, el alumnado de la Universidad Oviedo tuvo la oportunidad de recorrer las exposiciones permanentes y la exposici\u00f3n temporal que lleva por t\u00edtulo: Maravillas del mundo en los libros escolares. Una vez finalizada la visita, el alumnado, acompa\u00f1ado por las profesoras de la asignatura y las personas representantes de las ONGs, se traslad\u00f3 a la Facultad de Educaci\u00f3n de la Universidad de Cantabria para la sesi\u00f3n de intercambio entre el alumnado de ambas universidades.<\/p>\n<p>La sesi\u00f3n se llev\u00f3 a cabo en una de las salas del Edificio Tres Torres de la Universidad de Cantabria, para abordar y reflexionar en grupos, desde diferentes perspectivas, sobre los Objetivos de Desarrollo Sostenible (ODS) con perspectiva de g\u00e9nero. Mediante una de las metodolog\u00edas utilizadas en la sesi\u00f3n, como es el trabajo por rincones, ha sido posible la creaci\u00f3n de nuevas relaciones de trabajo entre el alumnado de las dos universidades, as\u00ed como un conocimiento m\u00e1s estrecho de todos los trabajos.<\/p>\n<p><a href=\"http:\/\/www.unioviedo.es\/grupoetic\/wp-content\/uploads\/2022\/12\/Foto-2.jpg\"><img loading=\"lazy\" decoding=\"async\" class=\"alignnone size-medium wp-image-948\" src=\"http:\/\/www.unioviedo.es\/grupoetic\/wp-content\/uploads\/2022\/12\/Foto-2-300x200.jpg\" alt=\"\" width=\"300\" height=\"200\" srcset=\"https:\/\/www.unioviedo.es\/grupoetic\/wp-content\/uploads\/2022\/12\/Foto-2-300x200.jpg 300w, https:\/\/www.unioviedo.es\/grupoetic\/wp-content\/uploads\/2022\/12\/Foto-2.jpg 320w\" sizes=\"(max-width: 300px) 100vw, 300px\" \/><\/a><\/p>\n<p>El alumnado de pedagog\u00eda de la Universidad de Oviedo present\u00f3 sus experiencias de Aprendizaje-Servicio sobre dise\u00f1o de materiales educativos para diferentes niveles educativos y exposiciones sobre ODS, mientras que los estudiantes de la Universidad de Cantabria elaboraron campa\u00f1as de concienciaci\u00f3n a partir de tres im\u00e1genes fijas sobre cuestiones como el matrimonio infantil o la pobreza de ni\u00f1os y ni\u00f1as.<\/p>\n<p><a href=\"http:\/\/www.unioviedo.es\/grupoetic\/wp-content\/uploads\/2022\/12\/Foto-3.jpg\"><img loading=\"lazy\" decoding=\"async\" class=\"alignnone size-medium wp-image-949\" src=\"http:\/\/www.unioviedo.es\/grupoetic\/wp-content\/uploads\/2022\/12\/Foto-3-300x207.jpg\" alt=\"\" width=\"300\" height=\"207\" srcset=\"https:\/\/www.unioviedo.es\/grupoetic\/wp-content\/uploads\/2022\/12\/Foto-3-300x207.jpg 300w, https:\/\/www.unioviedo.es\/grupoetic\/wp-content\/uploads\/2022\/12\/Foto-3-768x530.jpg 768w, https:\/\/www.unioviedo.es\/grupoetic\/wp-content\/uploads\/2022\/12\/Foto-3-1024x707.jpg 1024w, https:\/\/www.unioviedo.es\/grupoetic\/wp-content\/uploads\/2022\/12\/Foto-3.jpg 1379w\" sizes=\"(max-width: 300px) 100vw, 300px\" \/><\/a><\/p>\n<p>Al finalizar la jornada se realiz\u00f3 una sesi\u00f3n de evaluaci\u00f3n conjunta, donde los estudiantes de ambas universidades pudieron compartir sus impresiones sobre el trabajo realizado y el funcionamiento de la sesi\u00f3n. Las valoraciones fueron muy positivas, el alumnado destac\u00f3 favorablemente poder compartir su trabajo con compa\u00f1eros y compa\u00f1eras de otras universidades, as\u00ed como la posibilidad de recibir feedback del propio trabajo realizado y poder intercambiar impresiones sobre los trabajos de otros estudiantes.<\/p>\n<p>&nbsp;<\/p>\n<p><a href=\"http:\/\/www.unioviedo.es\/grupoetic\/wp-content\/uploads\/2022\/12\/Foto-4.jpg\"><img loading=\"lazy\" decoding=\"async\" class=\"alignnone size-medium wp-image-950\" src=\"http:\/\/www.unioviedo.es\/grupoetic\/wp-content\/uploads\/2022\/12\/Foto-4-300x200.jpg\" alt=\"\" width=\"300\" height=\"200\" srcset=\"https:\/\/www.unioviedo.es\/grupoetic\/wp-content\/uploads\/2022\/12\/Foto-4-300x200.jpg 300w, https:\/\/www.unioviedo.es\/grupoetic\/wp-content\/uploads\/2022\/12\/Foto-4-768x512.jpg 768w, https:\/\/www.unioviedo.es\/grupoetic\/wp-content\/uploads\/2022\/12\/Foto-4-1024x682.jpg 1024w, https:\/\/www.unioviedo.es\/grupoetic\/wp-content\/uploads\/2022\/12\/Foto-4.jpg 1379w\" sizes=\"(max-width: 300px) 100vw, 300px\" \/><\/a><\/p>\n","protected":false},"excerpt":{"rendered":"<p>V\u00eddeo de la Jornada Un grupo de estudiantes de la asignatura Educaci\u00f3n para la Cooperaci\u00f3n y el Desarrollo Humano Sostenible del Grado de Pedagog\u00eda de la Facultad de Formaci\u00f3n del Profesorado y Educaci\u00f3n de la Universidad de Oviedo se ha reunido el d\u00eda 26 de octubre de 2022 con alumnado y profesorado de la Universidad de Cantabria y representantes de las ONGs asturianas entre las que se encuentran: Maspaz y Soldepaz Pachakuti. En este marco general de colaboraci\u00f3n y creaci\u00f3n de redes de trabajo, tambi\u00e9n se cont\u00f3 con la colaboraci\u00f3n de tres j\u00f3venes colombianos que est\u00e1n como refugiados pol\u00edticos en Asturias en el marco de un Programa de Protecci\u00f3n de V\u00edctimas de Violencia en Colombia (Gobierno del Principado de Asturias y Soldepaz). En el contexto de este encuentro se realizaron diferentes actividades colaborativas que comentamos en este post. La jornada comenz\u00f3 con la visita al Centro de Recursos, Interpretaci\u00f3n y Estudios de la Escuela de Polanco. Tras una explicaci\u00f3n sobre la importancia de la conservaci\u00f3n del patrimonio hist\u00f3rico-educativo y la necesidad de su conocimiento por parte de los profesionales de la pedagog\u00eda, el alumnado de la Universidad Oviedo tuvo la oportunidad de recorrer las exposiciones permanentes y la exposici\u00f3n temporal [&hellip;]<\/p>\n","protected":false},"author":5,"featured_media":947,"comment_status":"open","ping_status":"open","sticky":false,"template":"","format":"standard","meta":{"footnotes":""},"categories":[3],"tags":[],"_links":{"self":[{"href":"https:\/\/www.unioviedo.es\/grupoetic\/wp-json\/wp\/v2\/posts\/946"}],"collection":[{"href":"https:\/\/www.unioviedo.es\/grupoetic\/wp-json\/wp\/v2\/posts"}],"about":[{"href":"https:\/\/www.unioviedo.es\/grupoetic\/wp-json\/wp\/v2\/types\/post"}],"author":[{"embeddable":true,"href":"https:\/\/www.unioviedo.es\/grupoetic\/wp-json\/wp\/v2\/users\/5"}],"replies":[{"embeddable":true,"href":"https:\/\/www.unioviedo.es\/grupoetic\/wp-json\/wp\/v2\/comments?post=946"}],"version-history":[{"count":6,"href":"https:\/\/www.unioviedo.es\/grupoetic\/wp-json\/wp\/v2\/posts\/946\/revisions"}],"predecessor-version":[{"id":969,"href":"https:\/\/www.unioviedo.es\/grupoetic\/wp-json\/wp\/v2\/posts\/946\/revisions\/969"}],"wp:featuredmedia":[{"embeddable":true,"href":"https:\/\/www.unioviedo.es\/grupoetic\/wp-json\/wp\/v2\/media\/947"}],"wp:attachment":[{"href":"https:\/\/www.unioviedo.es\/grupoetic\/wp-json\/wp\/v2\/media?parent=946"}],"wp:term":[{"taxonomy":"category","embeddable":true,"href":"https:\/\/www.unioviedo.es\/grupoetic\/wp-json\/wp\/v2\/categories?post=946"},{"taxonomy":"post_tag","embeddable":true,"href":"https:\/\/www.unioviedo.es\/grupoetic\/wp-json\/wp\/v2\/tags?post=946"}],"curies":[{"name":"wp","href":"https:\/\/api.w.org\/{rel}","templated":true}]}}