{"id":960,"date":"2023-02-06T13:48:16","date_gmt":"2023-02-06T13:48:16","guid":{"rendered":"http:\/\/www.unioviedo.es\/grupoetic\/?p=960"},"modified":"2023-02-06T13:55:24","modified_gmt":"2023-02-06T13:55:24","slug":"960-2","status":"publish","type":"post","link":"https:\/\/www.unioviedo.es\/grupoetic\/960-2\/","title":{"rendered":"Jornada de Mapeo sobre Experiencias en Educaci\u00f3n para la Ciudadan\u00eda Global"},"content":{"rendered":"<p>El programa <a href=\"https:\/\/www.rtpa.es\/audio:20al%20d%C3%ADa_1675239051.html\"><em>Asturias aqu\u00ed<\/em> <\/a>ha recogido el trabajo realizado en\u00a0 la<strong> Jornada de Mapeo<\/strong> sobre pr\u00e1cticas de Educaci\u00f3n para la Ciudadan\u00eda Global desarrollada el 23 de Enero \u00a0(1). En esta jornada se han reunido un total de 20 experiencias en Educaci\u00f3n para la Ciudadan\u00eda Global \u00a0realizadas en IES, ONGDs y Asociaciones que trabajan con personas j\u00f3venes en la comunidad asturiana. La \u00a0Jornada se encuadra dentro del proyecto de <em>investigaci\u00f3n Construir ciudadan\u00eda global con personas j\u00f3venes<\/em> ( (ConCiudadan\u00edaGlobal) (2) nos ha permitido mapear las experiencias y tambi\u00e9n identificar \u00a0c\u00f3mo la participaci\u00f3n genuina de las y los adolescentes,\u00a0 el aprendizaje ligado al \u00a0servicio a la comunidad y la creaci\u00f3n de red dentro del tejido comunitario, junto con la motivaci\u00f3n de todas las personas implicada son los ejes fundamentales\u00a0 de estas experiencias. Tambi\u00e9n hemos reflexionado sobre los retos y \u00a0los aspectos de\u00a0 mejora que pueden\u00a0 contribuir a que estas experiencias tengan un mayor arraigo. Entre ellos destaca la creaci\u00f3n y el fortalecimiento de una red que\u00a0 permita a las diferentes entidades implicadas compartir experiencias, trazar nuevos caminos y crear sinergias. Desde el proyecto nos hemos comprometido a trabajar por este objetivo en dos direcciones creando un informe de los resultados de la Jornada que devolveremos a los y las participantes y posibilitando nuevos encuentros para seguir compartiendo experiencias y mape\u00e1ndolas para hacerlas visibles de cara a la sociedad. Nuestro agradecimiento a todas aquellas personas que han hecho posible la Jornada<\/p>\n<p>&nbsp;<\/p>\n<ol>\n<li style=\"text-align: right;\">\n<p style=\"text-align: left;\"><span style=\"color: #99cc00;\">Construir ciudadan\u00eda Global con personas j\u00f3venes. Investigando pr\u00e1cticas transformadoras\u00a0 con metodolog\u00edas participativas e inclusivas.\u00a0\u00a0PID2020-114478RB-C22<\/span><\/p>\n<\/li>\n<li style=\"text-align: right;\">\n<p style=\"text-align: left;\"><span style=\"color: #99cc00;\">Aquilina Fueyo Grupo IETIC-EVEA Universidad de Oviedo; Raquel \u00c1lvarez del\u00a0 IES Rosarido de Acu\u00f1a de Gij\u00f3n, Ana S\u00e1nchez y Ana Bel\u00e9n Longo\u00a0 del\u00a0 IES Rey Pelayo de Cangas de Onis,\u00a0 Faustino Loy Madera IES Galileo Galilei Navia<\/span><\/p>\n<\/li>\n<\/ol>\n<p><span style=\"color: #99cc00;\"><a href=\"https:\/\/www.rtpa.es\/audio:20al%20d%C3%ADa_1675239051.html\">https:\/\/www.rtpa.es\/audio:20al%20d%C3%ADa_1675239051.html<\/a><\/span><\/p>\n","protected":false},"excerpt":{"rendered":"<p>El programa Asturias aqu\u00ed ha recogido el trabajo realizado en\u00a0 la Jornada de Mapeo sobre pr\u00e1cticas de Educaci\u00f3n para la Ciudadan\u00eda Global desarrollada el 23 de Enero \u00a0(1). En esta jornada se han reunido un total de 20 experiencias en Educaci\u00f3n para la Ciudadan\u00eda Global \u00a0realizadas en IES, ONGDs y Asociaciones que trabajan con personas j\u00f3venes en la comunidad asturiana. La \u00a0Jornada se encuadra dentro del proyecto de investigaci\u00f3n Construir ciudadan\u00eda global con personas j\u00f3venes ( (ConCiudadan\u00edaGlobal) (2) nos ha permitido mapear las experiencias y tambi\u00e9n identificar \u00a0c\u00f3mo la participaci\u00f3n genuina de las y los adolescentes,\u00a0 el aprendizaje ligado al \u00a0servicio a la comunidad y la creaci\u00f3n de red dentro del tejido comunitario, junto con la motivaci\u00f3n de todas las personas implicada son los ejes fundamentales\u00a0 de estas experiencias. Tambi\u00e9n hemos reflexionado sobre los retos y \u00a0los aspectos de\u00a0 mejora que pueden\u00a0 contribuir a que estas experiencias tengan un mayor arraigo. Entre ellos destaca la creaci\u00f3n y el fortalecimiento de una red que\u00a0 permita a las diferentes entidades implicadas compartir experiencias, trazar nuevos caminos y crear sinergias. Desde el proyecto nos hemos comprometido a trabajar por este objetivo en dos direcciones creando un informe de los resultados de la Jornada [&hellip;]<\/p>\n","protected":false},"author":1,"featured_media":961,"comment_status":"open","ping_status":"open","sticky":false,"template":"","format":"standard","meta":{"footnotes":""},"categories":[3],"tags":[],"_links":{"self":[{"href":"https:\/\/www.unioviedo.es\/grupoetic\/wp-json\/wp\/v2\/posts\/960"}],"collection":[{"href":"https:\/\/www.unioviedo.es\/grupoetic\/wp-json\/wp\/v2\/posts"}],"about":[{"href":"https:\/\/www.unioviedo.es\/grupoetic\/wp-json\/wp\/v2\/types\/post"}],"author":[{"embeddable":true,"href":"https:\/\/www.unioviedo.es\/grupoetic\/wp-json\/wp\/v2\/users\/1"}],"replies":[{"embeddable":true,"href":"https:\/\/www.unioviedo.es\/grupoetic\/wp-json\/wp\/v2\/comments?post=960"}],"version-history":[{"count":5,"href":"https:\/\/www.unioviedo.es\/grupoetic\/wp-json\/wp\/v2\/posts\/960\/revisions"}],"predecessor-version":[{"id":966,"href":"https:\/\/www.unioviedo.es\/grupoetic\/wp-json\/wp\/v2\/posts\/960\/revisions\/966"}],"wp:featuredmedia":[{"embeddable":true,"href":"https:\/\/www.unioviedo.es\/grupoetic\/wp-json\/wp\/v2\/media\/961"}],"wp:attachment":[{"href":"https:\/\/www.unioviedo.es\/grupoetic\/wp-json\/wp\/v2\/media?parent=960"}],"wp:term":[{"taxonomy":"category","embeddable":true,"href":"https:\/\/www.unioviedo.es\/grupoetic\/wp-json\/wp\/v2\/categories?post=960"},{"taxonomy":"post_tag","embeddable":true,"href":"https:\/\/www.unioviedo.es\/grupoetic\/wp-json\/wp\/v2\/tags?post=960"}],"curies":[{"name":"wp","href":"https:\/\/api.w.org\/{rel}","templated":true}]}}