{"id":971,"date":"2023-06-07T10:18:18","date_gmt":"2023-06-07T10:18:18","guid":{"rendered":"http:\/\/www.unioviedo.es\/grupoetic\/?p=971"},"modified":"2023-06-07T11:24:36","modified_gmt":"2023-06-07T11:24:36","slug":"taller-sobre-educacion-para-la-ciudadania-global-y-redes-sociales-ies-valle-aller","status":"publish","type":"post","link":"https:\/\/www.unioviedo.es\/grupoetic\/taller-sobre-educacion-para-la-ciudadania-global-y-redes-sociales-ies-valle-aller\/","title":{"rendered":"Taller sobre Educaci\u00f3n para la Ciudadan\u00eda Global y redes sociales-IES de Valle Aller"},"content":{"rendered":"<p>El pasado 9 de mayo, cinco integrantes del equipo tuvieron la oportunidad de dinamizar una sesi\u00f3n sobre Ciudadan\u00eda Global en el IES Valle de Aller (Moreda) como parte de las XVIII Jornadas Culturales: <em>Miradas de futuro. Entornos sostenibles en una Europa Inclusiva. <\/em><\/p>\n<p>El objetivo de la sesi\u00f3n consisti\u00f3 en que el alumnado de 4\u00ba de la ESO tomara conciencia acerca de las problem\u00e1ticas que azotan al mundo bajo el prisma de la Ciudadan\u00eda Global y de qu\u00e9 formas estas podr\u00edan vincularse con su contexto m\u00e1s pr\u00f3ximo, a nivel local y personal. Los bloques tem\u00e1ticos sobre los que se trabaj\u00f3 fueron los siguientes:<\/p>\n<ul>\n<li>Democracia y participaci\u00f3n<\/li>\n<li>Diversidad humana<\/li>\n<li>Sostenibilidad ambiental<\/li>\n<li>Derechos Humanos y Sociales<\/li>\n<\/ul>\n<p>Para ello, el alumnado trabaj\u00f3 en peque\u00f1os grupos sobre un tema adscrito a uno de los bloques a libre elecci\u00f3n. La primera parte del taller consisti\u00f3 en completar un panel con tres columnas que representaban el impacto del problema a nivel individual, su repercusi\u00f3n en t\u00e9rminos globales y las formas bajo las que las personas j\u00f3venes pod\u00edan interceder en esas cuestiones. La segunda parte de la actividad consisti\u00f3 en elaborar una peque\u00f1a campa\u00f1a de entre 30 segundos y un minuto de duraci\u00f3n utilizando la plataforma TIKTOK y empleando como hilo conductor el tema seleccionado previamente.<\/p>\n<p>La din\u00e1mica ha supuesto un acercamiento del alumnado con el contexto social que le rodea a todos los niveles a trav\u00e9s de las redes sociales, una herramienta que facilita el consumo, pero tambi\u00e9n la creaci\u00f3n de contenido e informaci\u00f3n relevante y valiosa. Sin duda, ha resultado una sesi\u00f3n muy enriquecedora que se espera poder trasladar pronto a otros centros de la comunidad.<\/p>\n<p><a href=\"http:\/\/www.unioviedo.es\/grupoetic\/wp-content\/uploads\/2023\/06\/IMG_3266.jpg\"><img loading=\"lazy\" decoding=\"async\" class=\"wp-image-972 alignleft\" src=\"http:\/\/www.unioviedo.es\/grupoetic\/wp-content\/uploads\/2023\/06\/IMG_3266-e1686132396256-300x225.jpg\" alt=\"\" width=\"237\" height=\"178\" srcset=\"https:\/\/www.unioviedo.es\/grupoetic\/wp-content\/uploads\/2023\/06\/IMG_3266-e1686132396256-300x225.jpg 300w, https:\/\/www.unioviedo.es\/grupoetic\/wp-content\/uploads\/2023\/06\/IMG_3266-e1686132396256-768x576.jpg 768w, https:\/\/www.unioviedo.es\/grupoetic\/wp-content\/uploads\/2023\/06\/IMG_3266-e1686132396256-1024x768.jpg 1024w\" sizes=\"(max-width: 237px) 100vw, 237px\" \/><\/a><a href=\"http:\/\/www.unioviedo.es\/grupoetic\/wp-content\/uploads\/2023\/06\/IMG_3280.jpg\"><img loading=\"lazy\" decoding=\"async\" class=\" wp-image-975 alignleft\" src=\"http:\/\/www.unioviedo.es\/grupoetic\/wp-content\/uploads\/2023\/06\/IMG_3280-300x225.jpg\" alt=\"\" width=\"279\" height=\"209\" srcset=\"https:\/\/www.unioviedo.es\/grupoetic\/wp-content\/uploads\/2023\/06\/IMG_3280-300x225.jpg 300w, https:\/\/www.unioviedo.es\/grupoetic\/wp-content\/uploads\/2023\/06\/IMG_3280-768x576.jpg 768w, https:\/\/www.unioviedo.es\/grupoetic\/wp-content\/uploads\/2023\/06\/IMG_3280-1024x768.jpg 1024w\" sizes=\"(max-width: 279px) 100vw, 279px\" \/><\/a><a href=\"http:\/\/www.unioviedo.es\/grupoetic\/wp-content\/uploads\/2023\/06\/IMG_3270.jpg\"><img loading=\"lazy\" decoding=\"async\" class=\" wp-image-973 alignleft\" src=\"http:\/\/www.unioviedo.es\/grupoetic\/wp-content\/uploads\/2023\/06\/IMG_3270-300x225.jpg\" alt=\"\" width=\"269\" height=\"202\" srcset=\"https:\/\/www.unioviedo.es\/grupoetic\/wp-content\/uploads\/2023\/06\/IMG_3270-300x225.jpg 300w, https:\/\/www.unioviedo.es\/grupoetic\/wp-content\/uploads\/2023\/06\/IMG_3270-768x576.jpg 768w, https:\/\/www.unioviedo.es\/grupoetic\/wp-content\/uploads\/2023\/06\/IMG_3270-1024x768.jpg 1024w\" sizes=\"(max-width: 269px) 100vw, 269px\" \/><\/a><a href=\"http:\/\/www.unioviedo.es\/grupoetic\/wp-content\/uploads\/2023\/06\/IMG_3282.jpg\"><img loading=\"lazy\" decoding=\"async\" class=\"wp-image-976 alignleft\" src=\"http:\/\/www.unioviedo.es\/grupoetic\/wp-content\/uploads\/2023\/06\/IMG_3282-300x225.jpg\" alt=\"\" width=\"259\" height=\"194\" srcset=\"https:\/\/www.unioviedo.es\/grupoetic\/wp-content\/uploads\/2023\/06\/IMG_3282-300x225.jpg 300w, https:\/\/www.unioviedo.es\/grupoetic\/wp-content\/uploads\/2023\/06\/IMG_3282-768x576.jpg 768w, https:\/\/www.unioviedo.es\/grupoetic\/wp-content\/uploads\/2023\/06\/IMG_3282-1024x768.jpg 1024w\" sizes=\"(max-width: 259px) 100vw, 259px\" \/><\/a><a href=\"http:\/\/www.unioviedo.es\/grupoetic\/wp-content\/uploads\/2023\/06\/IMG_20230509_113415.jpg\"><img loading=\"lazy\" decoding=\"async\" class=\"wp-image-977 alignright\" src=\"http:\/\/www.unioviedo.es\/grupoetic\/wp-content\/uploads\/2023\/06\/IMG_20230509_113415-300x225.jpg\" alt=\"\" width=\"265\" height=\"199\" srcset=\"https:\/\/www.unioviedo.es\/grupoetic\/wp-content\/uploads\/2023\/06\/IMG_20230509_113415-300x225.jpg 300w, https:\/\/www.unioviedo.es\/grupoetic\/wp-content\/uploads\/2023\/06\/IMG_20230509_113415-768x576.jpg 768w, https:\/\/www.unioviedo.es\/grupoetic\/wp-content\/uploads\/2023\/06\/IMG_20230509_113415-1024x768.jpg 1024w\" sizes=\"(max-width: 265px) 100vw, 265px\" \/><\/a><a href=\"http:\/\/www.unioviedo.es\/grupoetic\/wp-content\/uploads\/2023\/06\/IMG_20230509_115753.jpg\"><img loading=\"lazy\" decoding=\"async\" class=\"wp-image-978 alignleft\" src=\"http:\/\/www.unioviedo.es\/grupoetic\/wp-content\/uploads\/2023\/06\/IMG_20230509_115753-300x225.jpg\" alt=\"\" width=\"247\" height=\"185\" srcset=\"https:\/\/www.unioviedo.es\/grupoetic\/wp-content\/uploads\/2023\/06\/IMG_20230509_115753-300x225.jpg 300w, https:\/\/www.unioviedo.es\/grupoetic\/wp-content\/uploads\/2023\/06\/IMG_20230509_115753-768x576.jpg 768w, https:\/\/www.unioviedo.es\/grupoetic\/wp-content\/uploads\/2023\/06\/IMG_20230509_115753-1024x768.jpg 1024w\" sizes=\"(max-width: 247px) 100vw, 247px\" \/><\/a><\/p>\n<p><span style=\"color: #0000ee;\"><u>\u00a0<\/u><\/span><\/p>\n","protected":false},"excerpt":{"rendered":"<p>El pasado 9 de mayo, cinco integrantes del equipo tuvieron la oportunidad de dinamizar una sesi\u00f3n sobre Ciudadan\u00eda Global en el IES Valle de Aller (Moreda) como parte de las XVIII Jornadas Culturales: Miradas de futuro. Entornos sostenibles en una Europa Inclusiva. El objetivo de la sesi\u00f3n consisti\u00f3 en que el alumnado de 4\u00ba de la ESO tomara conciencia acerca de las problem\u00e1ticas que azotan al mundo bajo el prisma de la Ciudadan\u00eda Global y de qu\u00e9 formas estas podr\u00edan vincularse con su contexto m\u00e1s pr\u00f3ximo, a nivel local y personal. Los bloques tem\u00e1ticos sobre los que se trabaj\u00f3 fueron los siguientes: Democracia y participaci\u00f3n Diversidad humana Sostenibilidad ambiental Derechos Humanos y Sociales Para ello, el alumnado trabaj\u00f3 en peque\u00f1os grupos sobre un tema adscrito a uno de los bloques a libre elecci\u00f3n. La primera parte del taller consisti\u00f3 en completar un panel con tres columnas que representaban el impacto del problema a nivel individual, su repercusi\u00f3n en t\u00e9rminos globales y las formas bajo las que las personas j\u00f3venes pod\u00edan interceder en esas cuestiones. La segunda parte de la actividad consisti\u00f3 en elaborar una peque\u00f1a campa\u00f1a de entre 30 segundos y un minuto de duraci\u00f3n utilizando la plataforma TIKTOK y [&hellip;]<\/p>\n","protected":false},"author":5,"featured_media":978,"comment_status":"open","ping_status":"open","sticky":false,"template":"","format":"standard","meta":{"footnotes":""},"categories":[28],"tags":[],"_links":{"self":[{"href":"https:\/\/www.unioviedo.es\/grupoetic\/wp-json\/wp\/v2\/posts\/971"}],"collection":[{"href":"https:\/\/www.unioviedo.es\/grupoetic\/wp-json\/wp\/v2\/posts"}],"about":[{"href":"https:\/\/www.unioviedo.es\/grupoetic\/wp-json\/wp\/v2\/types\/post"}],"author":[{"embeddable":true,"href":"https:\/\/www.unioviedo.es\/grupoetic\/wp-json\/wp\/v2\/users\/5"}],"replies":[{"embeddable":true,"href":"https:\/\/www.unioviedo.es\/grupoetic\/wp-json\/wp\/v2\/comments?post=971"}],"version-history":[{"count":11,"href":"https:\/\/www.unioviedo.es\/grupoetic\/wp-json\/wp\/v2\/posts\/971\/revisions"}],"predecessor-version":[{"id":990,"href":"https:\/\/www.unioviedo.es\/grupoetic\/wp-json\/wp\/v2\/posts\/971\/revisions\/990"}],"wp:featuredmedia":[{"embeddable":true,"href":"https:\/\/www.unioviedo.es\/grupoetic\/wp-json\/wp\/v2\/media\/978"}],"wp:attachment":[{"href":"https:\/\/www.unioviedo.es\/grupoetic\/wp-json\/wp\/v2\/media?parent=971"}],"wp:term":[{"taxonomy":"category","embeddable":true,"href":"https:\/\/www.unioviedo.es\/grupoetic\/wp-json\/wp\/v2\/categories?post=971"},{"taxonomy":"post_tag","embeddable":true,"href":"https:\/\/www.unioviedo.es\/grupoetic\/wp-json\/wp\/v2\/tags?post=971"}],"curies":[{"name":"wp","href":"https:\/\/api.w.org\/{rel}","templated":true}]}}