{"id":991,"date":"2023-06-07T10:33:25","date_gmt":"2023-06-07T10:33:25","guid":{"rendered":"http:\/\/www.unioviedo.es\/grupoetic\/?p=991"},"modified":"2023-06-07T11:24:07","modified_gmt":"2023-06-07T11:24:07","slug":"curso-de-verano-ciudadania-global-y-transformacion-social-retos-actuales-en-educacion","status":"publish","type":"post","link":"https:\/\/www.unioviedo.es\/grupoetic\/curso-de-verano-ciudadania-global-y-transformacion-social-retos-actuales-en-educacion\/","title":{"rendered":"Curso de verano Ciudadan\u00eda Global y Transformaci\u00f3n Social. Retos actuales en educaci\u00f3n."},"content":{"rendered":"<p>El d\u00eda 3 de julio de 2023 dar\u00e1 comienzo el <strong>curso de verano \u201cCiudadan\u00eda Global y Transformaci\u00f3n Social. Retos actuales en educaci\u00f3n\u201d<\/strong>, en el que tendr\u00e1n el placer de participar varios miembros del Grupo IETIC-EVEA. Este curso se celebrar\u00e1 de forma presencial en Santa Cruz de Bezana (Cantabria), en el Aula Ambiental Costa Quebrada <strong>del 3 al 6 de julio de 2023.<\/strong><\/p>\n<p>El objetivo del curso es analizar el papel de la educaci\u00f3n en la construcci\u00f3n de una ciudadan\u00eda global cr\u00edtica. Para ello, se han organizado diversas sesiones de trabajo invitando a personas expertas de toda Espa\u00f1a entre los que se encuentran los equipos de investigaci\u00f3n de Cantabria, Oviedo, Zaragoza, A Coru\u00f1a y Portugal.<\/p>\n<p>El curso est\u00e1 dirigido a profesionales del \u00e1mbito educativo de todos los niveles (infantil, primaria, secundaria y universidad), as\u00ed como a profesionales del \u00e1mbito de la educaci\u00f3n no formal, organizaciones del tercer sector y gestores de pol\u00edticas educativas y de cooperaci\u00f3n al desarrollo. El curso consta de 20 horas de formaci\u00f3n y se otorgar\u00e1 un diploma de asistencia expedido por el Rector de la Universidad de Cantabria a aquellas personas que acrediten su participaci\u00f3n.<\/p>\n<p>Desde el Grupo de investigaci\u00f3n IETIC-EVEA os animamos a matricularos tan pronto como os sea posible ya que el curso cuenta <strong>con plazas limitadas<\/strong> y el <strong>periodo de matr\u00edcula finaliza el 29 de junio de 2023.<\/strong><\/p>\n<p>Toda la informaci\u00f3n completa dispo nible en <a href=\"http:\/\/www.cursosdeveranoydeextensionuc.es\">www.cursosdeveranoydeextensionuc.es<\/a><\/p>\n<p>&nbsp;<\/p>\n<p><a href=\"http:\/\/www.unioviedo.es\/grupoetic\/wp-content\/uploads\/2023\/06\/BE.3.1_page-0001.jpg\"><img loading=\"lazy\" decoding=\"async\" class=\"alignnone size-medium wp-image-993\" src=\"http:\/\/www.unioviedo.es\/grupoetic\/wp-content\/uploads\/2023\/06\/BE.3.1_page-0001-300x215.jpg\" alt=\"\" width=\"300\" height=\"215\" srcset=\"https:\/\/www.unioviedo.es\/grupoetic\/wp-content\/uploads\/2023\/06\/BE.3.1_page-0001-300x215.jpg 300w, https:\/\/www.unioviedo.es\/grupoetic\/wp-content\/uploads\/2023\/06\/BE.3.1_page-0001-768x551.jpg 768w, https:\/\/www.unioviedo.es\/grupoetic\/wp-content\/uploads\/2023\/06\/BE.3.1_page-0001-1024x734.jpg 1024w, https:\/\/www.unioviedo.es\/grupoetic\/wp-content\/uploads\/2023\/06\/BE.3.1_page-0001.jpg 1813w\" sizes=\"(max-width: 300px) 100vw, 300px\" \/><\/a><a href=\"http:\/\/www.unioviedo.es\/grupoetic\/wp-content\/uploads\/2023\/06\/BE.3.1_page-0002.jpg\"><img loading=\"lazy\" decoding=\"async\" class=\"alignnone size-medium wp-image-994\" src=\"http:\/\/www.unioviedo.es\/grupoetic\/wp-content\/uploads\/2023\/06\/BE.3.1_page-0002-300x215.jpg\" alt=\"\" width=\"300\" height=\"215\" srcset=\"https:\/\/www.unioviedo.es\/grupoetic\/wp-content\/uploads\/2023\/06\/BE.3.1_page-0002-300x215.jpg 300w, https:\/\/www.unioviedo.es\/grupoetic\/wp-content\/uploads\/2023\/06\/BE.3.1_page-0002-768x551.jpg 768w, https:\/\/www.unioviedo.es\/grupoetic\/wp-content\/uploads\/2023\/06\/BE.3.1_page-0002-1024x734.jpg 1024w, https:\/\/www.unioviedo.es\/grupoetic\/wp-content\/uploads\/2023\/06\/BE.3.1_page-0002.jpg 1813w\" sizes=\"(max-width: 300px) 100vw, 300px\" \/><\/a><\/p>\n","protected":false},"excerpt":{"rendered":"<p>El d\u00eda 3 de julio de 2023 dar\u00e1 comienzo el curso de verano \u201cCiudadan\u00eda Global y Transformaci\u00f3n Social. Retos actuales en educaci\u00f3n\u201d, en el que tendr\u00e1n el placer de participar varios miembros del Grupo IETIC-EVEA. Este curso se celebrar\u00e1 de forma presencial en Santa Cruz de Bezana (Cantabria), en el Aula Ambiental Costa Quebrada del 3 al 6 de julio de 2023. El objetivo del curso es analizar el papel de la educaci\u00f3n en la construcci\u00f3n de una ciudadan\u00eda global cr\u00edtica. Para ello, se han organizado diversas sesiones de trabajo invitando a personas expertas de toda Espa\u00f1a entre los que se encuentran los equipos de investigaci\u00f3n de Cantabria, Oviedo, Zaragoza, A Coru\u00f1a y Portugal. El curso est\u00e1 dirigido a profesionales del \u00e1mbito educativo de todos los niveles (infantil, primaria, secundaria y universidad), as\u00ed como a profesionales del \u00e1mbito de la educaci\u00f3n no formal, organizaciones del tercer sector y gestores de pol\u00edticas educativas y de cooperaci\u00f3n al desarrollo. El curso consta de 20 horas de formaci\u00f3n y se otorgar\u00e1 un diploma de asistencia expedido por el Rector de la Universidad de Cantabria a aquellas personas que acrediten su participaci\u00f3n. Desde el Grupo de investigaci\u00f3n IETIC-EVEA os animamos a matricularos tan pronto [&hellip;]<\/p>\n","protected":false},"author":5,"featured_media":993,"comment_status":"open","ping_status":"open","sticky":false,"template":"","format":"standard","meta":{"footnotes":""},"categories":[3],"tags":[],"_links":{"self":[{"href":"https:\/\/www.unioviedo.es\/grupoetic\/wp-json\/wp\/v2\/posts\/991"}],"collection":[{"href":"https:\/\/www.unioviedo.es\/grupoetic\/wp-json\/wp\/v2\/posts"}],"about":[{"href":"https:\/\/www.unioviedo.es\/grupoetic\/wp-json\/wp\/v2\/types\/post"}],"author":[{"embeddable":true,"href":"https:\/\/www.unioviedo.es\/grupoetic\/wp-json\/wp\/v2\/users\/5"}],"replies":[{"embeddable":true,"href":"https:\/\/www.unioviedo.es\/grupoetic\/wp-json\/wp\/v2\/comments?post=991"}],"version-history":[{"count":1,"href":"https:\/\/www.unioviedo.es\/grupoetic\/wp-json\/wp\/v2\/posts\/991\/revisions"}],"predecessor-version":[{"id":995,"href":"https:\/\/www.unioviedo.es\/grupoetic\/wp-json\/wp\/v2\/posts\/991\/revisions\/995"}],"wp:featuredmedia":[{"embeddable":true,"href":"https:\/\/www.unioviedo.es\/grupoetic\/wp-json\/wp\/v2\/media\/993"}],"wp:attachment":[{"href":"https:\/\/www.unioviedo.es\/grupoetic\/wp-json\/wp\/v2\/media?parent=991"}],"wp:term":[{"taxonomy":"category","embeddable":true,"href":"https:\/\/www.unioviedo.es\/grupoetic\/wp-json\/wp\/v2\/categories?post=991"},{"taxonomy":"post_tag","embeddable":true,"href":"https:\/\/www.unioviedo.es\/grupoetic\/wp-json\/wp\/v2\/tags?post=991"}],"curies":[{"name":"wp","href":"https:\/\/api.w.org\/{rel}","templated":true}]}}