{"id":2655,"date":"2022-01-31T08:00:00","date_gmt":"2022-01-31T07:00:00","guid":{"rendered":"https:\/\/www.unioviedo.es\/hispalink\/?p=2655"},"modified":"2022-01-29T19:08:05","modified_gmt":"2022-01-29T18:08:05","slug":"laboral_epa-no26_01-2022","status":"publish","type":"post","link":"https:\/\/www.unioviedo.es\/hispalink\/?p=2655","title":{"rendered":"Laboral_EPA N\u00ba26_01\/2022"},"content":{"rendered":"\n<p>Una vez disponibles las estimaciones de la EPA para el cuarto trimestre del a\u00f1o 2021 se confirma la recuperaci\u00f3n del mercado laboral tras el comportamiento adverso registrado en 2020 como consecuencia del impacto de la pandemia. M\u00e1s concretamente, para el conjunto nacional se estima una tasa media interanual de 3% para la poblaci\u00f3n ocupada, que hab\u00eda cerrado el a\u00f1o 2020 con una ca\u00edda de magnitud similar. Por lo que respecta al paro, tras el importante incremento registrado en Espa\u00f1a durante 2020 (tasa media de 8,7%) el INE estima para 2021 una tasa interanual de -2,9%.<\/p>\n\n\n\n<p>En el \u00e1mbito de la cornisa cant\u00e1brica Asturias sigue mostrando la menor tasa de actividad (50% de la poblaci\u00f3n activa) y destaca tambi\u00e9n la importante reducci\u00f3n de paro regional estimada para el a\u00f1o 2021 (tasa interanual media de -10,7%).&nbsp;<\/p>\n\n\n\n<p>Con la informaci\u00f3n disponible nuestras predicciones anticipan que el a\u00f1o 2022 podr\u00eda cerrarse en Espa\u00f1a con tasas interanuales de 2,3% para la poblaci\u00f3n ocupada y -13,6% para la parada, mientras en las regiones de la cornisa cant\u00e1brica las tasas previstas son bastante m\u00e1s moderadas (en Asturias se prev\u00e9 cerrar el a\u00f1o 2022 con tasas de 0,7% y -4,3% para ocupados y parados respectivamente)&nbsp; &nbsp; &nbsp; &nbsp; &nbsp; &nbsp; &nbsp; .<\/p>\n\n\n\n<p>Es importante tener presente que las variaciones previstas son m\u00e1s acentuadas cuando la referencia adoptada no es el cierre del a\u00f1o sino el nivel medio. En este caso, como muestra la tabla, se prev\u00e9 para el paro regional de Asturias una tasa interanual de -20,1% ya que la comparaci\u00f3n se realiza teniendo en cuenta todo el a\u00f1o 2021, con cifras de paro regional especialmente elevadas en los primeros trimestres.<\/p>\n\n\n\n<p>En el caso del paro registrado se esperan tambi\u00e9n para el presente a\u00f1o descensos interanuales significativos en Espa\u00f1a (-12,4%) y las regiones de la cornisa (-13,2% en Asturias).<\/p>\n\n\n\n<p>La recuperaci\u00f3n del mercado laboral se extiende tambi\u00e9n a los contratos registrados y las afiliaciones a la Seguridad Social, indicadores para los que se prev\u00e9n tasas positivas, especialmente elevadas en el caso de las contrataciones. M\u00e1s concretamente, el incremento esperado es pr\u00f3ximo al 20% para el conjunto nacional y en la cornisa cant\u00e1brica destaca la tasa prevista para el Pa\u00eds Vasco (17,2%).<\/p>\n\n\n\n<br><iframe loading=\"lazy\" src=\"https:\/\/docs.google.com\/spreadsheets\/d\/e\/2PACX-1vSWYMopUB5f1IWsrJ3oHpe-1JqldAwZ2RTVaO4pP8elY14Q_IC2jXXu0kDQCk8CKQS0PribOQ2PwbIf\/pubhtml?widget=true&amp;headers=false&amp;chrome=false&amp;wdHideGridlines=True\" frameborder=\"1\" height=\"1475px\" width=\" 100%\"><\/iframe>\n\n\n\n<div class=\"wp-block-file\"><a id=\"wp-block-file--media-accb007a-83d5-4af0-b43f-4ac63894a147\" href=\"https:\/\/www.unioviedo.es\/hispalink\/wp-content\/uploads\/2022\/01\/Ob.Ec_.Cornisa_2022_01_No26_Laboral.xlsx\">Ob.Ec_.Cornisa_2022_01_No26_Laboral.xlsx<\/a><a href=\"https:\/\/www.unioviedo.es\/hispalink\/wp-content\/uploads\/2022\/01\/Ob.Ec_.Cornisa_2022_01_No26_Laboral.xlsx\" class=\"wp-block-file__button\" download aria-describedby=\"wp-block-file--media-accb007a-83d5-4af0-b43f-4ac63894a147\">Descarga<\/a><\/div>\n<div class=\"pdf24Plugin-cp\"> \t<form name=\"pdf24Form0\" method=\"post\" action=\"https:\/\/doc2pdf.pdf24.org\/wordpress.php\" target=\"pdf24PopWin\" onsubmit=\"var pdf24Win = window.open('about:blank', 'pdf24PopWin', 'resizable=yes,scrollbars=yes,width=600,height=250,left='+(screen.width\/2-300)+',top='+(screen.height\/3-125)+''); pdf24Win.focus(); if(typeof pdf24OnCreatePDF === 'function'){void(pdf24OnCreatePDF(this,pdf24Win));}\"> \t\t<input type=\"hidden\" name=\"blogCharset\" value=\"Cw1x07UAAA==\" \/><input type=\"hidden\" name=\"blogPosts\" value=\"MwQA\" \/><input type=\"hidden\" name=\"blogUrl\" value=\"yygpKSi20tcvLy\/XK83LzC\/LTE3J10st1s\/ILC5IzMnMywYA\" \/><input type=\"hidden\" name=\"blogName\" value=\"88gsLkjMyczL1nUsLiktykwsBgA=\" \/><input type=\"hidden\" name=\"blogValueEncoding\" value=\"gzdeflate base64\" \/><input type=\"hidden\" name=\"postId_0\" value=\"MzIzNQUA\" \/><input type=\"hidden\" name=\"postTitle_0\" value=\"80lMyi9KzIl3DXBU8Du0y8gs3sBQ38jAyAgA\" \/><input type=\"hidden\" name=\"postLink_0\" value=\"yygpKSi20tcvLy\/XK83LzC\/LTE3J10st1s\/ILC5IzMnMy9a3L7A1MjM1BQA=\" \/><input type=\"hidden\" name=\"postAuthor_0\" value=\"88gsLkjMyczL1nUsLiktykwsBgA=\" \/><input type=\"hidden\" name=\"postDateTime_0\" value=\"MzIwMtI1MNQ1NlQwsLAyMLQyMAAA\" \/><input type=\"hidden\" name=\"postContent_0\" value=\"vVbbbhs3EH3PVxACFMiAVrsry7HTWCpc12ic5iLXufZFmCUpifEuuSF3JTt\/k8c85KHIJ+jHOsOVVivXNQIUqF8kUOTMOWfOzPjBcT56o4Et5GcmlMuNVkkqHUvBMekKlQFXRuOBkHjGzsYnLAcLTKaMl2ALwwqrMrxpJV5JGaz+Mqwf9WPmJONGT5XNgF5ayctcWgy3+q791UxaDsLgj4mxkGIgyolxTZYbW0CmpMb4IBbSOoMBZgrT0AupKUVENw0lcRhbaq7Ax1VZDhwfVohz0EJmCnrsxeqLo9vcSgyOsWV3y8XojyVl054vokH4FX9WojwFOEDAAlMofGhBl3gHM+y3qxiUySTpmp5BriCgyz6Vks0hWX0DxqWtwG9FIgbax+ew+iYIPstgplVRCuZUplKwPTY2lqXGh7LS5ZIXwDA5pjXdWjRVaYbYECAyzLx2u5qduRwzY5bS+oseQadBDdMfdQ\/bexTw\/OXZRgBP0Ne0lmJXhKDffdzuHYf56AH+oaPONIVYfckSVReCG6uVI6q6WH1JrOLATlxRWoUMnJohvcwQWO09gZA0EvfZMABWVC2UAME6B1F7U9ut4v532GM3+JMrgBNOzL76quliQx0rRck3JvQiepV8zSu+AmpbbN3cuU27ViyII9Ks91AnLn\/SEOHUVLn11Nhs4\/u6xZguqWuQe46QFF+3GWJUXKFpfb0bEPrIVtjaSJb8uS0p+YgQugbEqmn73XstioIF8X73UeMOfpJ1fft5d2k\/DSqV6klwVznpWoUCOS3QeVRZRJaAq8TPqAUzIySlcKyDobcWkP7V6uua4C75LUFMT4IT8EHNrWJjHJ56\/MZtegVd4Xt9r6oP+\/GPHUO7pocKqaUltI4i+0oR9QUgkXUddwXwvIHj7dITx9G5drmVU2mr2YWo84JKorFbq0moUInGXHVK+\/mh1UJWDjQ9Rr3mEAUHh\/PAj8SsshbFLwAr3m2Iu7H2rvNR1LoQ\/9rkUTdG2WHN189p2Ax0R50FqfoMpA5apxo5NJdxXBVmd\/DFXV9Qrqa2qujtPsTKKUh94fCdXHjVyIiGpMWFY\/FLvXncP2cPqeGFqyOv56Cf67SI9HZC1JpsKupx4iDBijlzq6dwVGk1RbujtYxrNmEniPvdQZuG0D0N06F+67dZw\/t7TfzPf2RXEovrgmSWWxrg5UFhkWlhXIO1W0OCqUpri3p\/XMoZQqC5emlI8i6SxWmEbyy52M8EfE4lrz206cTcOEX95br3VGxbC49gjW6N4e6lTOtsu8OqagnfE7ldfb9W6HCUoB+171nfN9XYunNMbTZEuvb5plfrcGPcxo69BccN68SHWK1GhRI7OibfZkjIgFB6Nmyl8PmmxZzlw9a8KHL3UxgKw11vZswslT3slNBhFhBuLmXhQhHKsD8+OX0fxIvLdx9emPzNLwfT+Pyds8\/2zdNcBvGzT6k4Wf7Z\/+P1W3g1yMdHMv0QDy4m56f9j+\/fl9HVrxenV0env19cRmOrklcX\/fEyOZ+GeZnMiyz9eanETBbDwpbyIWT5kzlmx\/+jhlNIXXXC59ZksnGwFE+VkL+hHVKFxRm+xrct5qmi6\/D1sBW32Fyq2bzAr4PDg\/y6xTBRMR+2WBxF7dboOKy0qbQSasE4lt0NW8s8SFLDrwK0oMR7OF7ErdMg8Es1AM6TKDqE4GhfHAQDmEZBMtif4jf+aP\/o8QAwNeLA0bmVe7lc9kqtzEJJYXrShXPctDiP9FWIOch1aKawzKlkLqSVEkZx+CrpnfFJ77QyyYSOJ1E8eWn6jybPq1brXafuujX60ZvHIRC3\/xXcnRJPJklZFEa3mDBLTZEZraeAphr6RYrk5r\/IP\/oV44CdgSccYqFHD\/4G\" \/> \t\t<a href=\"https:\/\/www.pdf24.org\" target=\"_blank\" title=\"www.pdf24.org\" rel=\"nofollow\"><img src=\"https:\/\/www.unioviedo.es\/hispalink\/wp-content\/plugins\/pdf24-post-to-pdf\/img\/pdf_32x32.png\" alt=\"\" border=\"0\" height=\"32\" \/><\/a> \t\t<span class=\"pdf24Plugin-cp-space\">&nbsp;&nbsp;<\/span> \t\t<span class=\"pdf24Plugin-cp-text\">Enviar art\u00edculo en formato PDF<\/span> \t\t<span class=\"pdf24Plugin-cp-space\">&nbsp;&nbsp;<\/span> \t\t<input class=\"pdf24Plugin-cp-input\" style=\"margin: 0px;\" type=\"text\" name=\"sendEmailTo\" placeholder=\"Correo electr\u00f3nico\" \/> \t\t<input class=\"pdf24Plugin-cp-submit\" style=\"margin: 0px;\" type=\"submit\" value=\"Enviar\" \/> \t<\/form> <\/div>","protected":false},"excerpt":{"rendered":"<p>Una vez disponibles las estimaciones de la EPA para el cuarto trimestre del a\u00f1o 2021 se confirma la recuperaci\u00f3n del mercado laboral tras el comportamiento adverso registrado en 2020 como consecuencia del impacto de la pandemia. M\u00e1s concretamente, para el conjunto nacional se estima una tasa media interanual de 3% para la poblaci\u00f3n ocupada, que &hellip;<\/p>\n","protected":false},"author":3,"featured_media":0,"comment_status":"closed","ping_status":"closed","sticky":false,"template":"","format":"standard","meta":{"footnotes":""},"categories":[12,11],"tags":[28,19,44,22,18],"class_list":["post-2655","post","type-post","status-publish","format-standard","hentry","category-laboral-epa","category-observatorios","tag-cornisa","tag-crisis","tag-epa","tag-laboral","tag-pandemia"],"_links":{"self":[{"href":"https:\/\/www.unioviedo.es\/hispalink\/index.php?rest_route=\/wp\/v2\/posts\/2655","targetHints":{"allow":["GET"]}}],"collection":[{"href":"https:\/\/www.unioviedo.es\/hispalink\/index.php?rest_route=\/wp\/v2\/posts"}],"about":[{"href":"https:\/\/www.unioviedo.es\/hispalink\/index.php?rest_route=\/wp\/v2\/types\/post"}],"author":[{"embeddable":true,"href":"https:\/\/www.unioviedo.es\/hispalink\/index.php?rest_route=\/wp\/v2\/users\/3"}],"replies":[{"embeddable":true,"href":"https:\/\/www.unioviedo.es\/hispalink\/index.php?rest_route=%2Fwp%2Fv2%2Fcomments&post=2655"}],"version-history":[{"count":2,"href":"https:\/\/www.unioviedo.es\/hispalink\/index.php?rest_route=\/wp\/v2\/posts\/2655\/revisions"}],"predecessor-version":[{"id":2814,"href":"https:\/\/www.unioviedo.es\/hispalink\/index.php?rest_route=\/wp\/v2\/posts\/2655\/revisions\/2814"}],"wp:attachment":[{"href":"https:\/\/www.unioviedo.es\/hispalink\/index.php?rest_route=%2Fwp%2Fv2%2Fmedia&parent=2655"}],"wp:term":[{"taxonomy":"category","embeddable":true,"href":"https:\/\/www.unioviedo.es\/hispalink\/index.php?rest_route=%2Fwp%2Fv2%2Fcategories&post=2655"},{"taxonomy":"post_tag","embeddable":true,"href":"https:\/\/www.unioviedo.es\/hispalink\/index.php?rest_route=%2Fwp%2Fv2%2Ftags&post=2655"}],"curies":[{"name":"wp","href":"https:\/\/api.w.org\/{rel}","templated":true}]}}