{"id":3974,"date":"2025-03-05T11:32:16","date_gmt":"2025-03-05T10:32:16","guid":{"rendered":"https:\/\/www.unioviedo.es\/hispalink\/?p=3974"},"modified":"2025-03-05T11:32:17","modified_gmt":"2025-03-05T10:32:17","slug":"laboral-sect-no112_3-2025","status":"publish","type":"post","link":"https:\/\/www.unioviedo.es\/hispalink\/?p=3974","title":{"rendered":"Laboral Sect. N\u00ba112_3\/2025"},"content":{"rendered":"\n<p>Los registros de febrero de 2025 confirman los descensos interanuales del paro registrado, tanto en Espa\u00f1a (tasa interanual de -6,1%) como en la cornisa cant\u00e1brica. La reducci\u00f3n del paro registrado se extiende a la pr\u00e1ctica totalidad de sectores de actividad, con la \u00fanica excepci\u00f3n del colectivo sin empleo anterior en el caso del Pa\u00eds Vasco.&nbsp;<\/p>\n\n\n\n<p>Nuestras predicciones para el a\u00f1o 2025 anticipan descensos de paro registrado, destacando las ca\u00eddas esperadas para el paro de construcci\u00f3n tanto a nivel nacional como en la cornisa cant\u00e1brica.<\/p>\n\n\n\n<p>Por lo que respecta a los contratos registrados, tanto Espa\u00f1a como las regiones de la cornisa acumulan hasta febrero tasas interanuales negativas, si bien se espera que la evoluci\u00f3n mejore hasta final de a\u00f1o.<\/p>\n\n\n\n<p>Para las cifras de afiliados a la Seguridad Social las tasas acumuladas hasta febrero son positivas en Espa\u00f1a y la cornisa, con previsiones similares para el cierre del presente ejercicio.<\/p>\n\n\n\n<br><iframe loading=\"lazy\" src=\"https:\/\/docs.google.com\/spreadsheets\/d\/e\/2PACX-1vTA1NMoeFrBTvVFb29gpUV5K65lPGpZ_zZ6YpX5DD7Z3uGsseaT83nju9ZOwffz0DiULnlxZX7z4NO_\/pubhtml?\nwidget=true&amp;headers=false&amp;chrome=false&amp;wdHideGridlines=True\" frameborder=\"1\" height=\"930\" width=\" 100%\" &gt;<br=\"\"><\/iframe>\n\n\n\n<div class=\"wp-block-file\"><a id=\"wp-block-file--media-598dd49d-e1e9-4858-8596-a03efb3ecc1e\" href=\"https:\/\/www.unioviedo.es\/hispalink\/wp-content\/uploads\/2025\/03\/Ob.Ec_.Cornisa_2025_3_No112_Laboral_Sectorial.xlsx\">Ob.Ec_.Cornisa_2025_3_No112_Laboral_Sectorial.xlsx<\/a><a href=\"https:\/\/www.unioviedo.es\/hispalink\/wp-content\/uploads\/2025\/03\/Ob.Ec_.Cornisa_2025_3_No112_Laboral_Sectorial.xlsx\" class=\"wp-block-file__button wp-element-button\" download aria-describedby=\"wp-block-file--media-598dd49d-e1e9-4858-8596-a03efb3ecc1e\">Descarga<\/a><\/div>\n<div class=\"pdf24Plugin-cp\"> \t<form name=\"pdf24Form0\" method=\"post\" action=\"https:\/\/doc2pdf.pdf24.org\/wordpress.php\" target=\"pdf24PopWin\" onsubmit=\"var pdf24Win = window.open('about:blank', 'pdf24PopWin', 'resizable=yes,scrollbars=yes,width=600,height=250,left='+(screen.width\/2-300)+',top='+(screen.height\/3-125)+''); pdf24Win.focus(); if(typeof pdf24OnCreatePDF === 'function'){void(pdf24OnCreatePDF(this,pdf24Win));}\"> \t\t<input type=\"hidden\" name=\"blogCharset\" value=\"Cw1x07UAAA==\" \/><input type=\"hidden\" name=\"blogPosts\" value=\"MwQA\" \/><input type=\"hidden\" name=\"blogUrl\" value=\"yygpKSi20tcvLy\/XK83LzC\/LTE3J10st1s\/ILC5IzMnMywYA\" \/><input type=\"hidden\" name=\"blogName\" value=\"88gsLkjMyczL1nUsLiktykwsBgA=\" \/><input type=\"hidden\" name=\"blogValueEncoding\" value=\"gzdeflate base64\" \/><input type=\"hidden\" name=\"postId_0\" value=\"M7Y0NwEA\" \/><input type=\"hidden\" name=\"postTitle_0\" value=\"80lMyi9KzFEITk0u0VPwO7TL0NAo3ljfyMDIFAA=\" \/><input type=\"hidden\" name=\"postLink_0\" value=\"yygpKSi20tcvLy\/XK83LzC\/LTE3J10st1s\/ILC5IzMnMy9a3L7A1tjQ3AQA=\" \/><input type=\"hidden\" name=\"postAuthor_0\" value=\"88gsLkjMyczL1nUsLiktykwsBgA=\" \/><input type=\"hidden\" name=\"postDateTime_0\" value=\"MzIwMtU1MNY1MFUwNLQyMLYyNAMA\" \/><input type=\"hidden\" name=\"postContent_0\" value=\"xVRdb9s2FH3PryAENNiAyPJHnNqL5aFr2gxYlgRIGmR+Ea7Ia4kpRaokZTv5N\/0Bexj2tlf\/sV1K9eJ2BYZhD\/OLiav7cc65hzyY1fML45jFQjpv6SSQLTG3aE04DvvDMeNGL6WtQDPVJjiO2tFJao8WdAMKQ1ixGqjqUysQ5oh50N4w1OyNq2H7G7BvPDjYKwwz4pOjwYtvaUrVpiqgo9WS8jiVbz\/mVnLosQug1qLhXG5\/118bxxwy3HiJmppC6FPb7UfuqZp540FJASIMdMi9sS1mBvR9FT4cBZqhaPuHDhW44Vg\/z+JGYUilKVIzrGqFhkHgIY0NsEMOONMmX8P2V8fuwHHTO9S5q09nST0\/oB\/JfdlgwOsIHQpJdIwmKMQFQg9SyXSqU3PJZQ16T3EC\/DeN6asHUooEUNSV02xB\/+hq0jicdq3bSupAPKl2J2S3ImBarihHQ8AD6p+2scfnmvgrwz40SLBoKPcQ1Ce0NIgw+md7EV63M8XOEe2gADzktFIQxL2pwJuqUaRCCcTzL28GH33hQI0F0IaARjjJcvJB64hWhxYedcWVUU1HvMIHMsGurdSdGYP+n7EL4rW6ymVYWkhZSiUDlc5kN1g0trXWjeGSuoTsDt4n7GEJn6N3ZLXaONnC3b8fj3vUO0eSS1bSdco4WUkFds8uXKIlEu1toDiSHgwf0HKyzh6P3M5nAX9FIhgQUhdppODpMWLO8jQqva\/dd0kiDHe9wphCYY\/2kjjqCcKViN4lIsFkeP3q9X08WN2+Glz+bPCt\/eF2dfc2H06L+t3d+KeTsbo+rxfZ0+Lkl\/p+fHb2cjFqzp1DuJ2M9EMzXVytl8un\/pl8d6HVZnH\/8un48ipL6iYvfaW+P1hLUaBPyZ14CFV9WtJ4tC5dgnJdhJfWVLgXWIsfpcBz2oCSpFF6S7URa7nmxlJ1Gg0iVqIsSp9G01E\/YjTFl2nEBv3+i4gdFv6UBEqjaD5LOpE60YRcMU7LdGm0ruNcGf4+ptUj5dETJr6IxnFF1xni8XQixPFUxDjAaXw8GU\/iyXh6EkN\/hMt8hJwPCF9pcfms+3q97jVampVEYXroklKSH4jP+4RmhGtEi02aOuzOJeF1SPqj5CrvveFZ73XnliyEs1F2aQaDYXYBRB5UdtM+deTK3ka5TTT\/9zWzBALf\/wnwVxeQZXnjPd0NiqLCimbFXSRiwqx1mMqAmsTh5bQyR5E\/\/pd1zc+oD9gCWjESMsb84E8=\" \/> \t\t<a href=\"https:\/\/www.pdf24.org\" target=\"_blank\" title=\"www.pdf24.org\" rel=\"nofollow\"><img src=\"https:\/\/www.unioviedo.es\/hispalink\/wp-content\/plugins\/pdf24-post-to-pdf\/img\/pdf_32x32.png\" alt=\"\" border=\"0\" height=\"32\" \/><\/a> \t\t<span class=\"pdf24Plugin-cp-space\">&nbsp;&nbsp;<\/span> \t\t<span class=\"pdf24Plugin-cp-text\">Enviar art\u00edculo en formato PDF<\/span> \t\t<span class=\"pdf24Plugin-cp-space\">&nbsp;&nbsp;<\/span> \t\t<input class=\"pdf24Plugin-cp-input\" style=\"margin: 0px;\" type=\"text\" name=\"sendEmailTo\" placeholder=\"Correo electr\u00f3nico\" \/> \t\t<input class=\"pdf24Plugin-cp-submit\" style=\"margin: 0px;\" type=\"submit\" value=\"Enviar\" \/> \t<\/form> <\/div>","protected":false},"excerpt":{"rendered":"<p>Los registros de febrero de 2025 confirman los descensos interanuales del paro registrado, tanto en Espa\u00f1a (tasa interanual de -6,1%) como en la cornisa cant\u00e1brica. La reducci\u00f3n del paro registrado se extiende a la pr\u00e1ctica totalidad de sectores de actividad, con la \u00fanica excepci\u00f3n del colectivo sin empleo anterior en el caso del Pa\u00eds Vasco.&nbsp; &hellip;<\/p>\n","protected":false},"author":3,"featured_media":0,"comment_status":"closed","ping_status":"closed","sticky":false,"template":"","format":"standard","meta":{"footnotes":""},"categories":[13,11],"tags":[28,125,22,23],"class_list":["post-3974","post","type-post","status-publish","format-standard","hentry","category-laboral-sectorial","category-observatorios","tag-cornisa","tag-guerra","tag-laboral","tag-sectorial"],"_links":{"self":[{"href":"https:\/\/www.unioviedo.es\/hispalink\/index.php?rest_route=\/wp\/v2\/posts\/3974","targetHints":{"allow":["GET"]}}],"collection":[{"href":"https:\/\/www.unioviedo.es\/hispalink\/index.php?rest_route=\/wp\/v2\/posts"}],"about":[{"href":"https:\/\/www.unioviedo.es\/hispalink\/index.php?rest_route=\/wp\/v2\/types\/post"}],"author":[{"embeddable":true,"href":"https:\/\/www.unioviedo.es\/hispalink\/index.php?rest_route=\/wp\/v2\/users\/3"}],"replies":[{"embeddable":true,"href":"https:\/\/www.unioviedo.es\/hispalink\/index.php?rest_route=%2Fwp%2Fv2%2Fcomments&post=3974"}],"version-history":[{"count":1,"href":"https:\/\/www.unioviedo.es\/hispalink\/index.php?rest_route=\/wp\/v2\/posts\/3974\/revisions"}],"predecessor-version":[{"id":3976,"href":"https:\/\/www.unioviedo.es\/hispalink\/index.php?rest_route=\/wp\/v2\/posts\/3974\/revisions\/3976"}],"wp:attachment":[{"href":"https:\/\/www.unioviedo.es\/hispalink\/index.php?rest_route=%2Fwp%2Fv2%2Fmedia&parent=3974"}],"wp:term":[{"taxonomy":"category","embeddable":true,"href":"https:\/\/www.unioviedo.es\/hispalink\/index.php?rest_route=%2Fwp%2Fv2%2Fcategories&post=3974"},{"taxonomy":"post_tag","embeddable":true,"href":"https:\/\/www.unioviedo.es\/hispalink\/index.php?rest_route=%2Fwp%2Fv2%2Ftags&post=3974"}],"curies":[{"name":"wp","href":"https:\/\/api.w.org\/{rel}","templated":true}]}}