{"id":1002,"date":"2020-03-01T19:51:32","date_gmt":"2020-03-01T18:51:32","guid":{"rendered":"http:\/\/www.unioviedo.es\/leonardcohen\/?p=1002"},"modified":"2020-10-28T11:52:04","modified_gmt":"2020-10-28T10:52:04","slug":"1er-cohencierto-de-cancion-de-autor-en-asturias","status":"publish","type":"post","link":"https:\/\/www.unioviedo.es\/leonardcohen\/index.php\/2020\/03\/01\/1er-cohencierto-de-cancion-de-autor-en-asturias\/","title":{"rendered":"1er Cohencierto de canci\u00f3n de autor en Asturias"},"content":{"rendered":"\n<p><strong>17 de octubre, a las 20 h<\/strong>oras<\/p>\n\n\n\n<p><strong>Lugar: Teatro Filarm\u00f3nica. Entrada libre hasta completar el aforo.<\/strong><\/p>\n\n\n\n<figure class=\"wp-block-image\"><img loading=\"lazy\" decoding=\"async\" width=\"724\" height=\"1024\" src=\"https:\/\/www.unioviedo.es\/leonardcohen\/wp-content\/uploads\/2020\/10\/CARTEL_COHENCIERTO-Pandemia-724x1024.jpg\" alt=\"\" class=\"wp-image-1105\" srcset=\"https:\/\/www.unioviedo.es\/leonardcohen\/wp-content\/uploads\/2020\/10\/CARTEL_COHENCIERTO-Pandemia-724x1024.jpg 724w, https:\/\/www.unioviedo.es\/leonardcohen\/wp-content\/uploads\/2020\/10\/CARTEL_COHENCIERTO-Pandemia-212x300.jpg 212w, https:\/\/www.unioviedo.es\/leonardcohen\/wp-content\/uploads\/2020\/10\/CARTEL_COHENCIERTO-Pandemia-768x1087.jpg 768w, https:\/\/www.unioviedo.es\/leonardcohen\/wp-content\/uploads\/2020\/10\/CARTEL_COHENCIERTO-Pandemia.jpg 1753w\" sizes=\"auto, (max-width: 724px) 100vw, 724px\" \/><\/figure>\n\n\n\n<p>El&nbsp;<em>Cohen<\/em>cierto re\u00fane a cantautores de Asturias en el Teatro Filarm\u00f3nica de Oviedo para presentar algunas de sus canciones y versiones de Leonard Cohen. En \u00e9l participan m\u00fasicos con una trayectoria amplia y consolidada, pero tambi\u00e9n artistas que est\u00e1n comenzando su carrera profesional en el campo de la canci\u00f3n de autor. <\/p>\n\n\n\n<p class=\"has-medium-font-size\">Los colaboradores son <strong>Pablo und Destruktion, Pablo Moro, Igor Paskual,  H\u00e9ctor Tuya, Delagua, Toli Morilla y Cristina Gestido<\/strong>. <\/p>\n\n\n\n<p>El objetivo es que ellos mismos y sus canciones se re-conozcan.<\/p>\n\n\n\n<p>#Cohencierto (selecci\u00f3n) <a href=\"https:\/\/www.youtube.com\/watch?v=BTACjQkJXCc&amp;t=0s\">00:00<\/a> \u00abHallelujah\u00bb, versi\u00f3n de Igor Paskual <a href=\"https:\/\/www.youtube.com\/watch?v=BTACjQkJXCc&amp;t=292s\">4:52<\/a> V\u00eddeo presentaci\u00f3n de Igor Paskual <a href=\"https:\/\/www.youtube.com\/watch?v=BTACjQkJXCc&amp;t=373s\">6:13<\/a> \u00abTierra firme\u00bb, Igor Paskual <a href=\"https:\/\/www.youtube.com\/watch?v=BTACjQkJXCc&amp;t=593s\">9:53<\/a> V\u00eddeo presentaci\u00f3n de Toli Morilla <a href=\"https:\/\/www.youtube.com\/watch?v=BTACjQkJXCc&amp;t=709s\">11:49<\/a> \u00abPhoenix, Asturias\u00bb, Toli Morilla <a href=\"https:\/\/www.youtube.com\/watch?v=BTACjQkJXCc&amp;t=913s\">15:13<\/a>  V\u00eddeo presentaci\u00f3n de Pablo und Destruktion <a href=\"https:\/\/www.youtube.com\/watch?v=BTACjQkJXCc&amp;t=985s\">16:25<\/a> \u00abGij\u00f3n\u00bb, Pablo und Destruktion <a href=\"https:\/\/www.youtube.com\/watch?v=BTACjQkJXCc&amp;t=1203s\">20:03<\/a><a href=\"https:\/\/www.youtube.com\/watch?v=BTACjQkJXCc&amp;t=1240s\">20:40<\/a> \u00abEl futuro\u00bb, versi\u00f3n de Pablo und Destruktion <a href=\"https:\/\/www.youtube.com\/watch?v=BTACjQkJXCc&amp;t=1603s\">26:43<\/a> V\u00eddeo presentaci\u00f3n de H\u00e9ctor Tuya <a href=\"https:\/\/www.youtube.com\/watch?v=BTACjQkJXCc&amp;t=1691s\">28:11<\/a> \u00abLas reglas del fuego\u00bb, H\u00e9ctor Tuya <a href=\"https:\/\/www.youtube.com\/watch?v=BTACjQkJXCc&amp;t=1944s\">32:24<\/a> V\u00eddeo presentaci\u00f3n de Pablo Moro <a href=\"https:\/\/www.youtube.com\/watch?v=BTACjQkJXCc&amp;t=2025s\">33:45<\/a> \u00abLa luz del norte\u00bb, Pablo Moro <a href=\"https:\/\/www.youtube.com\/watch?v=BTACjQkJXCc&amp;t=2342s\">39:02<\/a> \u00abDance me to the end of love\u00bb, versi\u00f3n de Cristina Gestido y Pablo Moro <a href=\"https:\/\/www.youtube.com\/watch?v=BTACjQkJXCc&amp;t=2671s\">44:31<\/a> V\u00eddeo presentaci\u00f3n de Cristina Gestido <a href=\"https:\/\/www.youtube.com\/watch?v=BTACjQkJXCc&amp;t=2745s\">45:45<\/a> \u201cEnmanuelle\u201d, Cristina Gestido<\/p>\n\n\n\n<figure class=\"wp-block-embed-youtube wp-block-embed is-type-video is-provider-youtube wp-embed-aspect-16-9 wp-has-aspect-ratio\"><div class=\"wp-block-embed__wrapper\">\n<iframe loading=\"lazy\" title=\"#Cohencierto (selecci\u00f3n) (desglosado)\" width=\"660\" height=\"371\" src=\"https:\/\/www.youtube.com\/embed\/BTACjQkJXCc?start=2388&#038;feature=oembed\" frameborder=\"0\" allow=\"accelerometer; autoplay; clipboard-write; encrypted-media; gyroscope; picture-in-picture; web-share\" referrerpolicy=\"strict-origin-when-cross-origin\" allowfullscreen><\/iframe>\n<\/div><\/figure>\n\n\n\n<p>Este&nbsp;<em>Cohen<\/em>cierto forma parte de un proyecto de m\u00e1s largo alcance: quiere ser el primero de muchos encuentros entre m\u00fasicos que trabajan la canci\u00f3n de autor en Asturias, creando sinergias y trabajos en colaboraci\u00f3n, y tambi\u00e9n contactos con autores y festivales de otras regiones espa\u00f1olas.&nbsp;&nbsp;<\/p>\n","protected":false},"excerpt":{"rendered":"<p>17 de octubre, a las 20 horas Lugar: Teatro Filarm\u00f3nica. Entrada libre hasta completar el aforo. El&nbsp;Cohencierto re\u00fane a cantautores de Asturias en el Teatro Filarm\u00f3nica de Oviedo para presentar algunas de sus canciones y versiones de Leonard Cohen. En \u00e9l participan m\u00fasicos con una trayectoria amplia y consolidada, pero tambi\u00e9n artistas que est\u00e1n comenzando &hellip; <a href=\"https:\/\/www.unioviedo.es\/leonardcohen\/index.php\/2020\/03\/01\/1er-cohencierto-de-cancion-de-autor-en-asturias\/\" class=\"more-link\">Sigue leyendo <span class=\"screen-reader-text\">1er Cohencierto de canci\u00f3n de autor en Asturias<\/span><\/a><\/p>\n","protected":false},"author":1,"featured_media":1010,"comment_status":"closed","ping_status":"closed","sticky":false,"template":"","format":"standard","meta":{"footnotes":""},"categories":[1],"tags":[6],"class_list":["post-1002","post","type-post","status-publish","format-standard","has-post-thumbnail","hentry","category-sin-categoria","tag-cohencierto"],"_links":{"self":[{"href":"https:\/\/www.unioviedo.es\/leonardcohen\/index.php\/wp-json\/wp\/v2\/posts\/1002","targetHints":{"allow":["GET"]}}],"collection":[{"href":"https:\/\/www.unioviedo.es\/leonardcohen\/index.php\/wp-json\/wp\/v2\/posts"}],"about":[{"href":"https:\/\/www.unioviedo.es\/leonardcohen\/index.php\/wp-json\/wp\/v2\/types\/post"}],"author":[{"embeddable":true,"href":"https:\/\/www.unioviedo.es\/leonardcohen\/index.php\/wp-json\/wp\/v2\/users\/1"}],"replies":[{"embeddable":true,"href":"https:\/\/www.unioviedo.es\/leonardcohen\/index.php\/wp-json\/wp\/v2\/comments?post=1002"}],"version-history":[{"count":6,"href":"https:\/\/www.unioviedo.es\/leonardcohen\/index.php\/wp-json\/wp\/v2\/posts\/1002\/revisions"}],"predecessor-version":[{"id":1142,"href":"https:\/\/www.unioviedo.es\/leonardcohen\/index.php\/wp-json\/wp\/v2\/posts\/1002\/revisions\/1142"}],"wp:featuredmedia":[{"embeddable":true,"href":"https:\/\/www.unioviedo.es\/leonardcohen\/index.php\/wp-json\/wp\/v2\/media\/1010"}],"wp:attachment":[{"href":"https:\/\/www.unioviedo.es\/leonardcohen\/index.php\/wp-json\/wp\/v2\/media?parent=1002"}],"wp:term":[{"taxonomy":"category","embeddable":true,"href":"https:\/\/www.unioviedo.es\/leonardcohen\/index.php\/wp-json\/wp\/v2\/categories?post=1002"},{"taxonomy":"post_tag","embeddable":true,"href":"https:\/\/www.unioviedo.es\/leonardcohen\/index.php\/wp-json\/wp\/v2\/tags?post=1002"}],"curies":[{"name":"wp","href":"https:\/\/api.w.org\/{rel}","templated":true}]}}