{"id":1020,"date":"2020-03-01T20:59:31","date_gmt":"2020-03-01T19:59:31","guid":{"rendered":"http:\/\/www.unioviedo.es\/leonardcohen\/?p=1020"},"modified":"2021-03-11T12:06:56","modified_gmt":"2021-03-11T11:06:56","slug":"1020","status":"publish","type":"post","link":"https:\/\/www.unioviedo.es\/leonardcohen\/index.php\/2020\/03\/01\/1020\/","title":{"rendered":"Cohenferencia y Un viaje de ida"},"content":{"rendered":"\n<p><strong><em>Cohen<\/em>ferencia y&nbsp;<em>Un viaje de ida: <\/em>Recital po\u00e9tico-musical sobre Lorca y Cohen.<\/strong><\/p>\n\n\n\n<p><strong>19:30 horas, 11 de diciembre. Paraninfo de la Universidad de Oviedo<\/strong>. Tambi\u00e9n retransmitida por RRSS<\/p>\n\n\n\n<p>La C\u00e1tedra Leonard Cohen organiza este acto sobre la relaci\u00f3n entre Cohen y Lorca a trav\u00e9s de una breve conferencia ofrecida por el catedr\u00e1tico de la Universidad de Salamanca Javier San Jos\u00e9 titulado \u201c<em>Donde juegan tu boca y los ecos.&nbsp;<\/em>Lorca y Cohen.&nbsp;<em>A thousand reviews\u201d, <\/em><\/p>\n\n\n\n<figure class=\"wp-block-embed-youtube wp-block-embed is-type-video is-provider-youtube wp-embed-aspect-16-9 wp-has-aspect-ratio\"><div class=\"wp-block-embed__wrapper\">\n<iframe loading=\"lazy\" title=\"#cohenferencia  &quot;Donde juegan tu boca y los ecos. Lorca y Cohen. A thousand reviews\u201d\" width=\"660\" height=\"371\" src=\"https:\/\/www.youtube.com\/embed\/pnihCq5KCu4?feature=oembed\" frameborder=\"0\" allow=\"accelerometer; autoplay; clipboard-write; encrypted-media; gyroscope; picture-in-picture; web-share\" referrerpolicy=\"strict-origin-when-cross-origin\" allowfullscreen><\/iframe>\n<\/div><\/figure>\n\n\n\n<p style=\"background-color:#ff2c10\" class=\"has-background\">ACTUALIZACI\u00d3N: EL recital po\u00e9tico-musical realizado por una agrupaci\u00f3n zamorana <strong>SE POSPUSO POR LA PANDEMIA<\/strong>. Este recital,\u00a0<em>Un viaje solo de ida,<\/em>\u00a0es interpretado por Edu Jerez y Jos\u00e9 Miguel Arias y ahonda en los lazos y v\u00ednculos entre la obra de Federico Garc\u00eda Lorca y Leonard Cohen<em>. <\/em><\/p>\n\n\n\n<figure class=\"wp-block-embed-youtube wp-block-embed is-type-video is-provider-youtube wp-embed-aspect-16-9 wp-has-aspect-ratio\"><div class=\"wp-block-embed__wrapper\">\n<iframe loading=\"lazy\" title=\"Un viaje de ida\" width=\"660\" height=\"371\" src=\"https:\/\/www.youtube.com\/embed\/wpsc40YMwkY?feature=oembed\" frameborder=\"0\" allow=\"accelerometer; autoplay; clipboard-write; encrypted-media; gyroscope; picture-in-picture; web-share\" referrerpolicy=\"strict-origin-when-cross-origin\" allowfullscreen><\/iframe>\n<\/div><\/figure>\n\n\n\n<p><\/p>\n\n\n\n<p>En este&nbsp;<em>viaje<\/em> se repasan los paralelismos entre la obra y la vida de los dos artistas y la importancia de sus respectivos viajes a Nueva York y Granada mediante la declamaci\u00f3n y lectura de poemas de ambos autores, y de la interpretaci\u00f3n de canciones de Cohen.<\/p>\n\n\n\n<div class=\"wp-block-image\"><figure class=\"alignleft\"><img loading=\"lazy\" decoding=\"async\" width=\"375\" height=\"500\" src=\"https:\/\/www.unioviedo.es\/leonardcohen\/wp-content\/uploads\/2020\/03\/Olmedo-2015-3.jpg\" alt=\"\" class=\"wp-image-1022\" srcset=\"https:\/\/www.unioviedo.es\/leonardcohen\/wp-content\/uploads\/2020\/03\/Olmedo-2015-3.jpg 375w, https:\/\/www.unioviedo.es\/leonardcohen\/wp-content\/uploads\/2020\/03\/Olmedo-2015-3-225x300.jpg 225w\" sizes=\"auto, (max-width: 375px) 100vw, 375px\" \/><\/figure><\/div>\n\n\n\n<p>Javier San Jos\u00e9 Lera<\/p>\n\n\n\n<p>(Universidad de Salamanca)<\/p>\n\n\n\n<pre class=\"wp-block-preformatted\">Catedr\u00e1tico de Literatura Espa\u00f1ola de la Universidad de Salamanca, es editor y estudioso de fray Luis de Le\u00f3n, y ha publicado otros trabajos sobre Juan del Encina, Cervantes, Lope de Vega, teatro del siglo XVI y diversos aspectos de la literatura \u00e1urea. <\/pre>\n\n\n\n<pre class=\"wp-block-preformatted\">Interesado en las relaciones interart\u00edsticas entre literatura y m\u00fasica ha publicado trabajos e impartido conferencias sobre M\u00fasica europea y literatura en Lorca,&nbsp;<em>El Retablo de Maese Pedro<\/em>, de Cervantes a Falla, Zorrilla en los pentagramas, M\u00fasica, literatura y artes esc\u00e9nicas en torno a los ballets rusos de Diaghilev, Variaciones del vals en la canci\u00f3n de autor, entre otras. Participa en el proyecto CANTes (Canci\u00f3n de Autor en espa\u00f1ol) que agrupa en la USAL a profesores con diversos enfoques ante el estudio de las relaciones entre m\u00fasica y literatura.<br><\/pre>\n","protected":false},"excerpt":{"rendered":"<p>Cohenferencia y&nbsp;Un viaje de ida: Recital po\u00e9tico-musical sobre Lorca y Cohen. 19:30 horas, 11 de diciembre. Paraninfo de la Universidad de Oviedo. Tambi\u00e9n retransmitida por RRSS La C\u00e1tedra Leonard Cohen organiza este acto sobre la relaci\u00f3n entre Cohen y Lorca a trav\u00e9s de una breve conferencia ofrecida por el catedr\u00e1tico de la Universidad de Salamanca &hellip; <a href=\"https:\/\/www.unioviedo.es\/leonardcohen\/index.php\/2020\/03\/01\/1020\/\" class=\"more-link\">Sigue leyendo <span class=\"screen-reader-text\">Cohenferencia y Un viaje de ida<\/span><\/a><\/p>\n","protected":false},"author":1,"featured_media":1021,"comment_status":"closed","ping_status":"closed","sticky":false,"template":"","format":"standard","meta":{"footnotes":""},"categories":[1],"tags":[],"class_list":["post-1020","post","type-post","status-publish","format-standard","has-post-thumbnail","hentry","category-sin-categoria"],"_links":{"self":[{"href":"https:\/\/www.unioviedo.es\/leonardcohen\/index.php\/wp-json\/wp\/v2\/posts\/1020","targetHints":{"allow":["GET"]}}],"collection":[{"href":"https:\/\/www.unioviedo.es\/leonardcohen\/index.php\/wp-json\/wp\/v2\/posts"}],"about":[{"href":"https:\/\/www.unioviedo.es\/leonardcohen\/index.php\/wp-json\/wp\/v2\/types\/post"}],"author":[{"embeddable":true,"href":"https:\/\/www.unioviedo.es\/leonardcohen\/index.php\/wp-json\/wp\/v2\/users\/1"}],"replies":[{"embeddable":true,"href":"https:\/\/www.unioviedo.es\/leonardcohen\/index.php\/wp-json\/wp\/v2\/comments?post=1020"}],"version-history":[{"count":15,"href":"https:\/\/www.unioviedo.es\/leonardcohen\/index.php\/wp-json\/wp\/v2\/posts\/1020\/revisions"}],"predecessor-version":[{"id":1176,"href":"https:\/\/www.unioviedo.es\/leonardcohen\/index.php\/wp-json\/wp\/v2\/posts\/1020\/revisions\/1176"}],"wp:featuredmedia":[{"embeddable":true,"href":"https:\/\/www.unioviedo.es\/leonardcohen\/index.php\/wp-json\/wp\/v2\/media\/1021"}],"wp:attachment":[{"href":"https:\/\/www.unioviedo.es\/leonardcohen\/index.php\/wp-json\/wp\/v2\/media?parent=1020"}],"wp:term":[{"taxonomy":"category","embeddable":true,"href":"https:\/\/www.unioviedo.es\/leonardcohen\/index.php\/wp-json\/wp\/v2\/categories?post=1020"},{"taxonomy":"post_tag","embeddable":true,"href":"https:\/\/www.unioviedo.es\/leonardcohen\/index.php\/wp-json\/wp\/v2\/tags?post=1020"}],"curies":[{"name":"wp","href":"https:\/\/api.w.org\/{rel}","templated":true}]}}