{"id":1049,"date":"2020-03-02T00:08:38","date_gmt":"2020-03-01T23:08:38","guid":{"rendered":"http:\/\/www.unioviedo.es\/leonardcohen\/?p=1049"},"modified":"2021-04-26T18:55:58","modified_gmt":"2021-04-26T16:55:58","slug":"flamencohen","status":"publish","type":"post","link":"https:\/\/www.unioviedo.es\/leonardcohen\/index.php\/2020\/03\/02\/flamencohen\/","title":{"rendered":"Flamencohen"},"content":{"rendered":"\n<p class=\"has-background has-yellow-background-color\">7 de mayo, en el Teatro Filarm\u00f3nica (Oviedo) a las 20 h. Entrada libre, con acceso mediante reserva de entradas en <a href=\"https:\/\/entradas.oviedo.es\"><strong>https:\/\/entradas.oviedo.es<\/strong><\/a> desde el 4 de mayo.<\/p>\n\n\n\n<p><strong>HOMENAJE FLAMENCO A LEONARD COHEN<\/strong><\/p>\n\n\n\n<p><strong>PAULA DOM\u00cdNGUEZ&amp; LA BANDA DEL CORAZ\u00d3N<\/strong><\/p>\n\n\n\n<p style=\"text-align:right\">Paula Dom\u00ednguez (cante)<\/p>\n\n\n\n<p style=\"text-align:right\">Alexandru Bublitchi (viol\u00edn)<\/p>\n\n\n\n<p style=\"text-align:right\">Carlos R\u00f3denas (contrabajo, bajo el\u00e9ctrico)<\/p>\n\n\n\n<p style=\"text-align:right\">Francisco Guisado \u201cRubio\u201d (guitarra espa\u00f1ola y el\u00e9ctrica)<\/p>\n\n\n\n<p style=\"text-align:right\">Jordi Rallo (tablas, percusi\u00f3n)<\/p>\n\n\n\n<p style=\"text-align:right\">Josema Mart\u00edn (caj\u00f3n, bater\u00eda)<\/p>\n\n\n\n<p style=\"text-align:right\"><strong>Alberto Manzano (rapsoda)<\/strong><\/p>\n\n\n\n<p><strong>\u201cFlamencohen\u201d&nbsp;<\/strong>es una producci\u00f3n dirigida por Alberto Manzano, bi\u00f3grafo del poeta-cantante canadiense Leonard Cohen y traductor de su obra literaria y discogr\u00e1fica en castellano, en un concierto que le rinde tributo, pero, asimismo, quiere ser un homenaje a todos los artistas flamencos que han grabado versiones del \u201ccantor del fuego sagrado\u201d: Enrique Morente, Mayte Mart\u00edn, Duquende, Argentina, Son de la Frontera, Pasi\u00f3n Vega, Silvia P\u00e9rez Cruz, Sandra Carrasco y Roc\u00edo Segura.<\/p>\n\n\n\n<p>Porque el flamenco ha sido la gran devoci\u00f3n musical de Leonard Cohen, es hora de que la excelencia l\u00edrica del \u2018poeta sagrado del rock\u2019 sea realzada en la m\u00e1xima expresi\u00f3n, pasi\u00f3n y hondura que le otorga nuestro g\u00e9nero musical m\u00e1s arraigado, el flamenco, amalgamando el m\u00e1s puro mestizaje del cante jondo con el pellizco po\u00e9tico de Leonard Cohen. Matrimonio de duende y sabidur\u00eda.<\/p>\n\n\n\n<p><strong>\u201cFlamencohen\u201d<\/strong>&nbsp;fue estrenado en julio de 2017 en el \u201cFestival Pirineos Sur\u201d de Huesca. Este es un fragmento de la rese\u00f1a publicada en \u201cEl Peri\u00f3dico de Arag\u00f3n\u201d, firmada por Javier Losilla: \u201cArreglos imaginativos, buscando la diferencia con otras miradas a las canciones de Cohen, remarcando la voz gozosa de Paula Dom\u00ednguez en una espl\u00e9ndida celebraci\u00f3n flamenca de los salmos del gran poeta canadiense. Con Paula Dom\u00ednguez acompa\u00f1ada por la Banda del Coraz\u00f3n, el salmo se hizo flamenco y habit\u00f3 entre nosotros. Al gran Leonardo le habr\u00eda gustado el homenaje.\u201d<\/p>\n\n\n\n<p><strong>\u201cFlamencohen\u201d&nbsp;<\/strong>ha sido llevado a los escenarios de M\u00e1laga (Teatro Cervantes), Sevilla (Fundaci\u00f3n Cajasol), Salamanca (Teatro Juan del Enzina), Madrid (Sala Berlanga), Madrid (Centro Cultural Blanquerna), Algeciras y Chiclana de la Frontera (C\u00e1diz).<\/p>\n\n\n\n<figure class=\"wp-block-embed-youtube wp-block-embed is-type-video is-provider-youtube wp-embed-aspect-16-9 wp-has-aspect-ratio\"><div class=\"wp-block-embed__wrapper\">\n<iframe loading=\"lazy\" title=\"El esp\u00edritu de Cohen regres\u00f3 a Pirineos Sur 2017 despu\u00e9s de 20 a\u00f1os\" width=\"660\" height=\"371\" src=\"https:\/\/www.youtube.com\/embed\/4kDfloVB53A?feature=oembed\" frameborder=\"0\" allow=\"accelerometer; autoplay; clipboard-write; encrypted-media; gyroscope; picture-in-picture; web-share\" referrerpolicy=\"strict-origin-when-cross-origin\" allowfullscreen><\/iframe>\n<\/div><\/figure>\n\n\n\n<p><strong>PAULA DOM\u00cdNGUEZ<\/strong><\/p>\n\n\n\n<p>Nacida en M\u00e1laga en 1984, a los 18 a\u00f1os se traslada a Barcelona para estudiar en el Taller de M\u00fasics. En 2004 se integra en La Brassa DSO, banda formada por Julio Lobos -teclista de Manu Chao-, y en 2006 inicia proyecto propio: Paula Dom\u00ednguez Group, con presentaci\u00f3n en la Feria de M\u00e1laga. Se une a la formaci\u00f3n de Santiago Auser\u00f3n y la Original Jazz Orchestra del Taller de M\u00fasics, y, seguidamente, colabora con la Cuban Sound Project, formaci\u00f3n liderada por Demetrio Mu\u00f1iz, director musical de \u201cBuenavista Social Club\u201d.<\/p>\n\n\n\n<p>&nbsp;&nbsp;&nbsp;&nbsp;&nbsp;&nbsp;&nbsp;En el \u00e1mbito flamenco, lleva a cabo su primera actuaci\u00f3n oficial en el \u201c16 Festival Flamenco de Ciutat Vella\u201d de BCN. En 2010, se integra en la Orquesta Sinf\u00f3nica de Galicia, interpretando&nbsp;<em>La vida breve<\/em>, de Manuel de Falla, bajo la direcci\u00f3n de V\u00edctor Pablo P\u00e9rez y compartiendo escenario con la soprano Mar\u00eda Bayo. Ese mismo a\u00f1o, se une al espect\u00e1culo \u00abTot Flamenc\u00bb, junto a Chiqui de la L\u00ednea, Yolanda Cort\u00e9s, Horacio Fumeiro y Manuel Castilla. Todav\u00eda ese a\u00f1o, vuelve a liderar un proyecto propio: Soul de Lunares, que presenta en el Palau de la M\u00f9sica de Barcelona, en el marco del Festival Mas i Mas. Posteriormente, colabora en el segundo disco de la Orquesta \u00c1rabe de Barcelona,<em>&nbsp;\u201c<\/em>Libertad\u201d, y lleva a cabo una gira en tr\u00edo, junto a Manuel Castilla (guitarra) y David Dom\u00ednguez (percusi\u00f3n), con una propuesta de cantes de ida y vuelta titulada \u201cDiversons 2012\u201d. En 2013, se integra en el grupo Lenacay, liderado por Ram\u00f3n Gim\u00e9nez (El Brujo), fundador de Ojos de Brujo, grabando el disco, \u201cRyma\u201d. Ese mismo a\u00f1o, interpreta \u201cEl amor brujo\u201d, de Manuel de Falla, acompa\u00f1ada por la Orquesta Sinf\u00f3nica del Vall\u00e8s, dirigida por Rub\u00e9n Gimeno. En 2014, Lenacay, con Dj Panko (El Mago) -tambi\u00e9n ex Ojos de Brujo-, publica su segundo disco \u201cYerel\u201d, manteniendo el caracter\u00edstico esp\u00edritu transgresor que Paula Dom\u00ednguez encarna a la perfecci\u00f3n. En 2016, junto a otras cantaoras de flamenco -Argentina, Rosario \u201cla Tremendita\u201d, Roc\u00edo Segura, etc.- participa en el disco \u201cComo un coraz\u00f3n\u201d (Sony), producido por Alberto Manzano.<\/p>\n\n\n\n<p><strong>ALBERTO MANZANO<\/strong><\/p>\n\n\n\n<p>Nacido en Barcelona en 1955, es traductor de los grandes poetas del rock en m\u00e1s de cien libros publicados hasta la fecha. Ha escrito ensayos biogr\u00e1ficos sobre Leonard Cohen, Bob Dylan, Lou Reed, Jackson Browne, Neil Young, Kevin Ayers, y es periodista musical en \u201cEl Pa\u00eds\u201d, \u201cEl Mundo\u201d, \u201cContexto\u201d y Rockdelux. En 1996 colabor\u00f3 en el disco \u201cOmega\u201d, de Enrique Morente, adaptando al castellano varias canciones de Leonard Cohen; en 1998 produjo, junto al periodista musical Jordi Turt\u00f3s, el homenaje discogr\u00e1fico a Jackson Browne \u201cC\u00e1ntame mis canciones\u201d (Columna M\u00fasica), con la participaci\u00f3n de Kiko Veneno, Enrique Urquijo, Luis Eduardo Aute, Mar\u00eda del Mar Bonet, etc, y en 2007, el tributo a Leonard Cohen \u201cAcordes con Leonard Cohen\u201d (Discmedi), en una amalgama que reun\u00eda a Santiago Auser\u00f3n, Duquende, Mayte Mart\u00edn, Enrique Morente, Son de la Frontera, Christina Rosenvinge, Jabier Muguruza, Toti Soler, Javier Mas, Jackson Browne, John Cale, Adam Cohen -hijo de Leonard-, Perla Batalla y Anjani Thomas -coristas de Cohen-, etc. En 2015 produjo el disco \u201cComo un coraz\u00f3n\u201d (Sony), adaptando temas de Leonard Cohen, Bob Dylan, Suzanne Vega, Hank Williams, Jackson Browne, etc., interpretados por varias cantaoras de flamenco: Argentina, Paula Dom\u00ednguez, Rosario \u201cla Tremendita\u201dy Roc\u00edo Segura.<\/p>\n\n\n\n<p>&nbsp;&nbsp;&nbsp;&nbsp;&nbsp;&nbsp;&nbsp;Ha escrito letras de canciones para Jabier Muguruza, Argentina, Salvador Cardenal, Javier Mas y Rosario \u201cla Tremendita\u201d. Como poeta, ha publicado \u201cPara los que no pueden hablar\u201d (Sial, 2000), \u201cPuente del alma y la luna\u201d (Sial, 2007) y \u201cEl reino de la pobreza\u201d (Hiperi\u00f3n, 2016).<\/p>\n","protected":false},"excerpt":{"rendered":"<p>7 de mayo, en el Teatro Filarm\u00f3nica (Oviedo) a las 20 h. Entrada libre, con acceso mediante reserva de entradas en https:\/\/entradas.oviedo.es desde el 4 de mayo. HOMENAJE FLAMENCO A LEONARD COHEN PAULA DOM\u00cdNGUEZ&amp; LA BANDA DEL CORAZ\u00d3N Paula Dom\u00ednguez (cante) Alexandru Bublitchi (viol\u00edn) Carlos R\u00f3denas (contrabajo, bajo el\u00e9ctrico) Francisco Guisado \u201cRubio\u201d (guitarra espa\u00f1ola y &hellip; <a href=\"https:\/\/www.unioviedo.es\/leonardcohen\/index.php\/2020\/03\/02\/flamencohen\/\" class=\"more-link\">Sigue leyendo <span class=\"screen-reader-text\">Flamencohen<\/span><\/a><\/p>\n","protected":false},"author":1,"featured_media":1228,"comment_status":"closed","ping_status":"closed","sticky":false,"template":"","format":"standard","meta":{"footnotes":""},"categories":[1],"tags":[],"class_list":["post-1049","post","type-post","status-publish","format-standard","has-post-thumbnail","hentry","category-sin-categoria"],"_links":{"self":[{"href":"https:\/\/www.unioviedo.es\/leonardcohen\/index.php\/wp-json\/wp\/v2\/posts\/1049","targetHints":{"allow":["GET"]}}],"collection":[{"href":"https:\/\/www.unioviedo.es\/leonardcohen\/index.php\/wp-json\/wp\/v2\/posts"}],"about":[{"href":"https:\/\/www.unioviedo.es\/leonardcohen\/index.php\/wp-json\/wp\/v2\/types\/post"}],"author":[{"embeddable":true,"href":"https:\/\/www.unioviedo.es\/leonardcohen\/index.php\/wp-json\/wp\/v2\/users\/1"}],"replies":[{"embeddable":true,"href":"https:\/\/www.unioviedo.es\/leonardcohen\/index.php\/wp-json\/wp\/v2\/comments?post=1049"}],"version-history":[{"count":7,"href":"https:\/\/www.unioviedo.es\/leonardcohen\/index.php\/wp-json\/wp\/v2\/posts\/1049\/revisions"}],"predecessor-version":[{"id":1263,"href":"https:\/\/www.unioviedo.es\/leonardcohen\/index.php\/wp-json\/wp\/v2\/posts\/1049\/revisions\/1263"}],"wp:featuredmedia":[{"embeddable":true,"href":"https:\/\/www.unioviedo.es\/leonardcohen\/index.php\/wp-json\/wp\/v2\/media\/1228"}],"wp:attachment":[{"href":"https:\/\/www.unioviedo.es\/leonardcohen\/index.php\/wp-json\/wp\/v2\/media?parent=1049"}],"wp:term":[{"taxonomy":"category","embeddable":true,"href":"https:\/\/www.unioviedo.es\/leonardcohen\/index.php\/wp-json\/wp\/v2\/categories?post=1049"},{"taxonomy":"post_tag","embeddable":true,"href":"https:\/\/www.unioviedo.es\/leonardcohen\/index.php\/wp-json\/wp\/v2\/tags?post=1049"}],"curies":[{"name":"wp","href":"https:\/\/api.w.org\/{rel}","templated":true}]}}