{"id":1118,"date":"2020-10-09T10:36:15","date_gmt":"2020-10-09T08:36:15","guid":{"rendered":"http:\/\/www.unioviedo.es\/leonardcohen\/?p=1118"},"modified":"2020-10-28T11:47:51","modified_gmt":"2020-10-28T10:47:51","slug":"homenaje-a-luis-eduardo-aute","status":"publish","type":"post","link":"https:\/\/www.unioviedo.es\/leonardcohen\/index.php\/2020\/10\/09\/homenaje-a-luis-eduardo-aute\/","title":{"rendered":"Homenaje a Luis Eduardo Aute"},"content":{"rendered":"\n<p><strong>24 de octubre, Teatro Filarm\u00f3nica en Sesi\u00f3n verm\u00fa (12:00)<\/strong><\/p>\n\n\n\n<p>En colaboraci\u00f3n con SACO -Semana del Audiovisual Contempor\u00e1neo de Oviedo (<a href=\"http:\/\/www.semanasaco.com\/\">http:\/\/www.semanasaco.com\/<\/a>)- celebraremos un peque\u00f1o homenaje al inmortal Aute a trav\u00e9s de un peque\u00f1o concierto previo donde Mapi Quintana y Carlos Pizarro interpretaron versiones de canciones del cantautor, y se proyectar\u00e1 la pel\u00edcula <em>Aute Retrato\u00a0<\/em>nominada a los premios Goya (2020), de Gaizka Urresti.<\/p>\n\n\n\n<p><strong>V\u00eddeo del peque\u00f1o concierto:<\/strong><a href=\"https:\/\/www.youtube.com\/watch?v=4JLrz9ukm7c&amp;t=0s\">00:00<\/a> \u00abPasaba por aqu\u00ed\u00bb <a href=\"https:\/\/www.youtube.com\/watch?v=4JLrz9ukm7c&amp;t=295s\">04:55<\/a> \u00abRosas en el mar\u00bb <a href=\"https:\/\/www.youtube.com\/watch?v=4JLrz9ukm7c&amp;t=619s\">10:19<\/a> \u00abLa belleza\u00bb <a href=\"https:\/\/www.youtube.com\/watch?v=4JLrz9ukm7c&amp;t=890s\">14:50<\/a> \u00abAnda suelto Satan\u00e1s\u00bb <a href=\"https:\/\/www.youtube.com\/watch?v=4JLrz9ukm7c&amp;t=1084s\">18:04<\/a> \u00abAl alba\u00bb <a href=\"https:\/\/www.youtube.com\/watch?v=4JLrz9ukm7c&amp;t=1439s\">23:59<\/a> \u00abCine, cine\u00bb<\/p>\n\n\n\n<figure class=\"wp-block-embed-youtube wp-block-embed is-type-video is-provider-youtube wp-embed-aspect-16-9 wp-has-aspect-ratio\"><div class=\"wp-block-embed__wrapper\">\n<iframe loading=\"lazy\" title=\"Homenaje a AUTE enCOHENtros \/SACO 6. Mapi Quintana y Carlos Pizarro\" width=\"660\" height=\"371\" src=\"https:\/\/www.youtube.com\/embed\/4JLrz9ukm7c?feature=oembed\" frameborder=\"0\" allow=\"accelerometer; autoplay; clipboard-write; encrypted-media; gyroscope; picture-in-picture; web-share\" referrerpolicy=\"strict-origin-when-cross-origin\" allowfullscreen><\/iframe>\n<\/div><\/figure>\n\n\n\n<figure class=\"wp-block-image\"><img decoding=\"async\" src=\"https:\/\/i1.wp.com\/www.folque.com\/01.140415wp\/wp-content\/uploads\/2014\/04\/MapiQuintana.jpg?resize=350%2C406\" alt=\"\"\/><figcaption>Mapi Quintana<\/figcaption><\/figure>\n\n\n\n<figure class=\"wp-block-image\"><img decoding=\"async\" src=\"https:\/\/www.elcomercio.com\/files\/article_main\/uploads\/2019\/09\/09\/5d7660e1df1ae.jpeg\" alt=\"\"\/><\/figure>\n","protected":false},"excerpt":{"rendered":"<p>24 de octubre, Teatro Filarm\u00f3nica en Sesi\u00f3n verm\u00fa (12:00) En colaboraci\u00f3n con SACO -Semana del Audiovisual Contempor\u00e1neo de Oviedo (http:\/\/www.semanasaco.com\/)- celebraremos un peque\u00f1o homenaje al inmortal Aute a trav\u00e9s de un peque\u00f1o concierto previo donde Mapi Quintana y Carlos Pizarro interpretaron versiones de canciones del cantautor, y se proyectar\u00e1 la pel\u00edcula Aute Retrato\u00a0nominada a los &hellip; <a href=\"https:\/\/www.unioviedo.es\/leonardcohen\/index.php\/2020\/10\/09\/homenaje-a-luis-eduardo-aute\/\" class=\"more-link\">Sigue leyendo <span class=\"screen-reader-text\">Homenaje a Luis Eduardo Aute<\/span><\/a><\/p>\n","protected":false},"author":1,"featured_media":0,"comment_status":"closed","ping_status":"closed","sticky":false,"template":"","format":"standard","meta":{"footnotes":""},"categories":[1],"tags":[],"class_list":["post-1118","post","type-post","status-publish","format-standard","hentry","category-sin-categoria"],"_links":{"self":[{"href":"https:\/\/www.unioviedo.es\/leonardcohen\/index.php\/wp-json\/wp\/v2\/posts\/1118","targetHints":{"allow":["GET"]}}],"collection":[{"href":"https:\/\/www.unioviedo.es\/leonardcohen\/index.php\/wp-json\/wp\/v2\/posts"}],"about":[{"href":"https:\/\/www.unioviedo.es\/leonardcohen\/index.php\/wp-json\/wp\/v2\/types\/post"}],"author":[{"embeddable":true,"href":"https:\/\/www.unioviedo.es\/leonardcohen\/index.php\/wp-json\/wp\/v2\/users\/1"}],"replies":[{"embeddable":true,"href":"https:\/\/www.unioviedo.es\/leonardcohen\/index.php\/wp-json\/wp\/v2\/comments?post=1118"}],"version-history":[{"count":7,"href":"https:\/\/www.unioviedo.es\/leonardcohen\/index.php\/wp-json\/wp\/v2\/posts\/1118\/revisions"}],"predecessor-version":[{"id":1140,"href":"https:\/\/www.unioviedo.es\/leonardcohen\/index.php\/wp-json\/wp\/v2\/posts\/1118\/revisions\/1140"}],"wp:attachment":[{"href":"https:\/\/www.unioviedo.es\/leonardcohen\/index.php\/wp-json\/wp\/v2\/media?parent=1118"}],"wp:term":[{"taxonomy":"category","embeddable":true,"href":"https:\/\/www.unioviedo.es\/leonardcohen\/index.php\/wp-json\/wp\/v2\/categories?post=1118"},{"taxonomy":"post_tag","embeddable":true,"href":"https:\/\/www.unioviedo.es\/leonardcohen\/index.php\/wp-json\/wp\/v2\/tags?post=1118"}],"curies":[{"name":"wp","href":"https:\/\/api.w.org\/{rel}","templated":true}]}}