{"id":1164,"date":"2021-03-11T11:53:08","date_gmt":"2021-03-11T10:53:08","guid":{"rendered":"http:\/\/www.unioviedo.es\/leonardcohen\/?p=1164"},"modified":"2021-03-11T11:58:05","modified_gmt":"2021-03-11T10:58:05","slug":"encohentros-2020","status":"publish","type":"post","link":"https:\/\/www.unioviedo.es\/leonardcohen\/index.php\/2021\/03\/11\/encohentros-2020\/","title":{"rendered":"enCOHENtros 2020"},"content":{"rendered":"\n<p>La C\u00e1tedra Leonard Cohen de la Universidad de&nbsp;Oviedo y la Fundaci\u00f3n Municipal&nbsp;de Cultura del Ayuntamiento de Oviedo\/Uvi\u00e9u, en colaboraci\u00f3n con la Fundaci\u00f3n Princesa de Asturias, la Fundaci\u00f3n Banco Sabadell y Fundaci\u00f3n Cajastur-Liberbank,&nbsp;SACO (www.semanasaco.com)&nbsp;&nbsp;<strong>presentaron<\/strong><\/p>\n\n\n\n<figure class=\"wp-block-image\"><img loading=\"lazy\" decoding=\"async\" width=\"724\" height=\"1024\" src=\"http:\/\/www.unioviedo.es\/leonardcohen\/wp-content\/uploads\/2020\/10\/CARTEL_ENCOHENTROS_pandemia-724x1024.jpg\" alt=\"\" class=\"wp-image-1107\" srcset=\"https:\/\/www.unioviedo.es\/leonardcohen\/wp-content\/uploads\/2020\/10\/CARTEL_ENCOHENTROS_pandemia-724x1024.jpg 724w, https:\/\/www.unioviedo.es\/leonardcohen\/wp-content\/uploads\/2020\/10\/CARTEL_ENCOHENTROS_pandemia-212x300.jpg 212w, https:\/\/www.unioviedo.es\/leonardcohen\/wp-content\/uploads\/2020\/10\/CARTEL_ENCOHENTROS_pandemia-768x1087.jpg 768w, https:\/\/www.unioviedo.es\/leonardcohen\/wp-content\/uploads\/2020\/10\/CARTEL_ENCOHENTROS_pandemia.jpg 1753w\" sizes=\"auto, (max-width: 724px) 100vw, 724px\" \/><\/figure>\n\n\n\n<figure class=\"wp-block-embed-youtube wp-block-embed is-type-video is-provider-youtube wp-embed-aspect-16-9 wp-has-aspect-ratio\"><div class=\"wp-block-embed__wrapper\">\n<iframe loading=\"lazy\" title=\"enCOHENtros, 1\u00aa temporada de canci\u00f3n de autor\" width=\"660\" height=\"371\" src=\"https:\/\/www.youtube.com\/embed\/99mVMBp4tuc?feature=oembed\" frameborder=\"0\" allow=\"accelerometer; autoplay; clipboard-write; encrypted-media; gyroscope; picture-in-picture; web-share\" referrerpolicy=\"strict-origin-when-cross-origin\" allowfullscreen><\/iframe>\n<\/div><\/figure>\n\n\n\n<p><strong>en<em>COHEN<\/em>tros,<\/strong>\u00a0<strong>1\u00aa temporada de canci\u00f3n de autor Oviedo 2020<\/strong>,\u00a0es un conjunto de actividades acad\u00e9micas y art\u00edsticas pensado para ser disfrutado tanto por el p\u00fablico general, como por estudiosos de la canci\u00f3n de autor.<\/p>\n\n\n\n<p>En estos tiempos extra\u00f1os y, como tantas otras instituciones, la C\u00e1tedra Leonard Cohen de la Universidad de Oviedo y la Fundaci\u00f3n Municipal de Cultura tuvimos que suspender los&nbsp;<strong>en<em>COHEN<\/em>tros<\/strong>&nbsp;planeados originalmente para los meses de marzo y abril. Decepcionados y con pocas esperanzas trasladamos las actividades que pod\u00edan mantenerse de la primavera al oto\u00f1o. Hoy, anunciamos que desde el mes de octubre y hasta diciembre celebraremos la primera temporada de canci\u00f3n de autor con los eventos trasladados e incluso alguno m\u00e1s, cruzando los dedos para que el virus nos deje disfrutar del trabajo de todas y todos los profesionales implicados. Se mantienen los conciertos (#<em>cohen<\/em>cierto y #Flamen<em>cohen<\/em>), la #cohenferencia y recital po\u00e9tico, la proyecci\u00f3n de pel\u00edculas y haremos un homenaje al inmortal Aute. El #<em>cohen<\/em>greso quedar\u00e1 para una mejor ocasi\u00f3n en que estudiosos y p\u00fablico podamos retomar la insustituible relaci\u00f3n personal que se establece cuando tratamos de cerca a compa\u00f1eros y compa\u00f1eras, y no a trav\u00e9s de una pantalla.&nbsp;&nbsp;<\/p>\n\n\n\n<p>La absolutamente necesaria reducci\u00f3n de los aforos ser\u00e1 parcialmente solventada con la transmisi\u00f3n por RRSS de algunos de los eventos, y la posibilidad de que los no-asistentes tambi\u00e9n participen con preguntas o comentarios a trav\u00e9s de este medio.&nbsp;<\/p>\n\n\n\n<p>Como en primavera, el objetivo de&nbsp;<strong>en<em>COHEN<\/em>tros<\/strong>&nbsp;es analizar y disfrutar la belleza de las canciones y sus formas con Leonard Cohen como eje vertebrador.<\/p>\n\n\n\n<p>La primera actividad comienza el d\u00eda 17 de octubre, y finaliz\u00f3 con la exposici\u00f3n el d\u00eda 13 de diciembre.<\/p>\n\n\n\n<p>E<a href=\"http:\/\/\">nlace para descargar el tr\u00edptic<\/a>o con las actividades: <\/p>\n\n\n\n<p>T<a href=\"http:\/\/\">R\u00cdPTICO_enCOHENtros_Pandemia<\/a><\/p>\n\n\n\n<figure class=\"wp-block-image\"><img loading=\"lazy\" decoding=\"async\" width=\"1024\" height=\"724\" src=\"http:\/\/www.unioviedo.es\/leonardcohen\/wp-content\/uploads\/2020\/10\/TR\u00cdPTICO_enCOHENtros_Pandemia-1024x724.jpg\" alt=\"\" class=\"wp-image-1111\" srcset=\"https:\/\/www.unioviedo.es\/leonardcohen\/wp-content\/uploads\/2020\/10\/TR\u00cdPTICO_enCOHENtros_Pandemia-1024x724.jpg 1024w, https:\/\/www.unioviedo.es\/leonardcohen\/wp-content\/uploads\/2020\/10\/TR\u00cdPTICO_enCOHENtros_Pandemia-300x212.jpg 300w, https:\/\/www.unioviedo.es\/leonardcohen\/wp-content\/uploads\/2020\/10\/TR\u00cdPTICO_enCOHENtros_Pandemia-768x543.jpg 768w, https:\/\/www.unioviedo.es\/leonardcohen\/wp-content\/uploads\/2020\/10\/TR\u00cdPTICO_enCOHENtros_Pandemia.jpg 1753w\" sizes=\"auto, (max-width: 1024px) 100vw, 1024px\" \/><\/figure>\n\n\n\n<figure class=\"wp-block-image\"><img loading=\"lazy\" decoding=\"async\" width=\"1024\" height=\"724\" src=\"http:\/\/www.unioviedo.es\/leonardcohen\/wp-content\/uploads\/2020\/10\/TR\u00cdPTICO_enCOHENtros_Pandemia-2-1024x724.jpg\" alt=\"\" class=\"wp-image-1112\" srcset=\"https:\/\/www.unioviedo.es\/leonardcohen\/wp-content\/uploads\/2020\/10\/TR\u00cdPTICO_enCOHENtros_Pandemia-2-1024x724.jpg 1024w, https:\/\/www.unioviedo.es\/leonardcohen\/wp-content\/uploads\/2020\/10\/TR\u00cdPTICO_enCOHENtros_Pandemia-2-300x212.jpg 300w, https:\/\/www.unioviedo.es\/leonardcohen\/wp-content\/uploads\/2020\/10\/TR\u00cdPTICO_enCOHENtros_Pandemia-2-768x543.jpg 768w, https:\/\/www.unioviedo.es\/leonardcohen\/wp-content\/uploads\/2020\/10\/TR\u00cdPTICO_enCOHENtros_Pandemia-2.jpg 1753w\" sizes=\"auto, (max-width: 1024px) 100vw, 1024px\" \/><\/figure>\n\n\n\n<p class=\"has-background has-yellow-background-color\"><strong><a href=\"https:\/\/www.unioviedo.es\/leonardcohen\/index.php\/2020\/03\/01\/1er-cohencierto-de-cancion-de-autor-en-asturias\/\">17 de octubre, Teatro Filarm\u00f3nica:&nbsp;<\/a><\/strong><a href=\"https:\/\/www.unioviedo.es\/leonardcohen\/index.php\/2020\/03\/01\/1er-cohencierto-de-cancion-de-autor-en-asturias\/\">1er&nbsp;<\/a><strong><em><a href=\"https:\/\/www.unioviedo.es\/leonardcohen\/index.php\/2020\/03\/01\/1er-cohencierto-de-cancion-de-autor-en-asturias\/\">Cohen<\/a><\/em><a href=\"https:\/\/www.unioviedo.es\/leonardcohen\/index.php\/2020\/03\/01\/1er-cohencierto-de-cancion-de-autor-en-asturias\/\">cierto<\/a><\/strong><a href=\"https:\/\/www.unioviedo.es\/leonardcohen\/index.php\/2020\/03\/01\/1er-cohencierto-de-cancion-de-autor-en-asturias\/\">&nbsp;de canci\u00f3n de autor en Asturias<\/a><\/p>\n\n\n\n<p class=\"has-background has-light-pink-background-color\"><strong><a href=\"http:\/\/www.unioviedo.es\/leonardcohen\/index.php\/2020\/10\/09\/homenaje-a-luis-eduardo-aute\/\">24 de octubre, Teatro Filarm\u00f3nica: Homenaje a Luis Eduardo Aute<\/a><\/strong><a href=\"http:\/\/www.unioviedo.es\/leonardcohen\/index.php\/2020\/10\/09\/homenaje-a-luis-eduardo-aute\/\">.<\/a>&nbsp;&nbsp;<em>Cohen<\/em>cierto con Mapi Quintana y Carlos Pizarro, y proyecci\u00f3n de&nbsp;<em>Aute Retrato.&nbsp;<\/em>Evento en colaboraci\u00f3n con&nbsp;<a href=\"http:\/\/www.semanasaco.com\/\">SACO<\/a><\/p>\n\n\n\n<p class=\"has-background has-bright-blue-background-color\"><strong>13 de noviembre, Teatro Filarm\u00f3nica:&nbsp;<a href=\"https:\/\/www.unioviedo.es\/leonardcohen\/index.php\/2020\/03\/02\/flamencohen\/\">Flamencohen: Homenaje flamenco a Leonard Cohen<\/a><\/strong><a href=\"https:\/\/www.unioviedo.es\/leonardcohen\/index.php\/2020\/03\/02\/flamencohen\/\">.&nbsp;CANCELADO Y APLAZADO<\/a><\/p>\n\n\n\n<p class=\"has-background has-light-gray-background-color\"><strong><a href=\"https:\/\/www.unioviedo.es\/leonardcohen\/index.php\/2020\/03\/02\/cohenversaciones\/\">Del 10 al 13 de diciembre:<\/a>Expo-instalaci\u00f3n&nbsp;<em>Cohen<\/em>versaciones<\/strong><\/p>\n\n\n\n<p class=\"has-background has-light-blue-background-color\"><strong>10 de diciembre:&nbsp;<a href=\"https:\/\/www.unioviedo.es\/leonardcohen\/index.php\/2020\/10\/09\/radio-cohenferencia\/\">#radio-<\/a><em><a href=\"https:\/\/www.unioviedo.es\/leonardcohen\/index.php\/2020\/10\/09\/radio-cohenferencia\/\">cohen<\/a><\/em><a href=\"https:\/\/www.unioviedo.es\/leonardcohen\/index.php\/2020\/10\/09\/radio-cohenferencia\/\">ferencia de Jordi Turt<\/a>\u00f3s<\/strong>: \u00abUn p\u00e1jaro en el alambre: El concepto&nbsp;<em>cantautor&nbsp;<\/em>y su evoluci\u00f3n en los medios de comunicaci\u00f3n\u00bb.<\/p>\n\n\n\n<p class=\"has-background has-medium-pink-background-color\"><strong>11 de diciembre<a href=\"https:\/\/www.unioviedo.es\/leonardcohen\/index.php\/2020\/03\/01\/1020\/\">:&nbsp;<\/a><em><a href=\"https:\/\/www.unioviedo.es\/leonardcohen\/index.php\/2020\/03\/01\/1020\/\">Cohen<\/a><\/em><a href=\"https:\/\/www.unioviedo.es\/leonardcohen\/index.php\/2020\/03\/01\/1020\/\">ferencia y&nbsp;<\/a><em><a href=\"https:\/\/www.unioviedo.es\/leonardcohen\/index.php\/2020\/03\/01\/1020\/\">Un viaje de ida:&nbsp;<\/a><\/em><a href=\"https:\/\/www.unioviedo.es\/leonardcohen\/index.php\/2020\/03\/01\/1020\/\">recital po\u00e9tico-musical sobre Lorca y Cohen<\/a>.<\/strong><\/p>\n","protected":false},"excerpt":{"rendered":"<p>La C\u00e1tedra Leonard Cohen de la Universidad de&nbsp;Oviedo y la Fundaci\u00f3n Municipal&nbsp;de Cultura del Ayuntamiento de Oviedo\/Uvi\u00e9u, en colaboraci\u00f3n con la Fundaci\u00f3n Princesa de Asturias, la Fundaci\u00f3n Banco Sabadell y Fundaci\u00f3n Cajastur-Liberbank,&nbsp;SACO (www.semanasaco.com)&nbsp;&nbsp;presentaron enCOHENtros,\u00a01\u00aa temporada de canci\u00f3n de autor Oviedo 2020,\u00a0es un conjunto de actividades acad\u00e9micas y art\u00edsticas pensado para ser disfrutado tanto por el &hellip; <a href=\"https:\/\/www.unioviedo.es\/leonardcohen\/index.php\/2021\/03\/11\/encohentros-2020\/\" class=\"more-link\">Sigue leyendo <span class=\"screen-reader-text\">enCOHENtros 2020<\/span><\/a><\/p>\n","protected":false},"author":1,"featured_media":0,"comment_status":"closed","ping_status":"closed","sticky":false,"template":"","format":"standard","meta":{"footnotes":""},"categories":[1],"tags":[],"class_list":["post-1164","post","type-post","status-publish","format-standard","hentry","category-sin-categoria"],"_links":{"self":[{"href":"https:\/\/www.unioviedo.es\/leonardcohen\/index.php\/wp-json\/wp\/v2\/posts\/1164","targetHints":{"allow":["GET"]}}],"collection":[{"href":"https:\/\/www.unioviedo.es\/leonardcohen\/index.php\/wp-json\/wp\/v2\/posts"}],"about":[{"href":"https:\/\/www.unioviedo.es\/leonardcohen\/index.php\/wp-json\/wp\/v2\/types\/post"}],"author":[{"embeddable":true,"href":"https:\/\/www.unioviedo.es\/leonardcohen\/index.php\/wp-json\/wp\/v2\/users\/1"}],"replies":[{"embeddable":true,"href":"https:\/\/www.unioviedo.es\/leonardcohen\/index.php\/wp-json\/wp\/v2\/comments?post=1164"}],"version-history":[{"count":2,"href":"https:\/\/www.unioviedo.es\/leonardcohen\/index.php\/wp-json\/wp\/v2\/posts\/1164\/revisions"}],"predecessor-version":[{"id":1168,"href":"https:\/\/www.unioviedo.es\/leonardcohen\/index.php\/wp-json\/wp\/v2\/posts\/1164\/revisions\/1168"}],"wp:attachment":[{"href":"https:\/\/www.unioviedo.es\/leonardcohen\/index.php\/wp-json\/wp\/v2\/media?parent=1164"}],"wp:term":[{"taxonomy":"category","embeddable":true,"href":"https:\/\/www.unioviedo.es\/leonardcohen\/index.php\/wp-json\/wp\/v2\/categories?post=1164"},{"taxonomy":"post_tag","embeddable":true,"href":"https:\/\/www.unioviedo.es\/leonardcohen\/index.php\/wp-json\/wp\/v2\/tags?post=1164"}],"curies":[{"name":"wp","href":"https:\/\/api.w.org\/{rel}","templated":true}]}}