{"id":1377,"date":"2021-10-15T18:57:15","date_gmt":"2021-10-15T16:57:15","guid":{"rendered":"http:\/\/www.unioviedo.es\/leonardcohen\/?p=1377"},"modified":"2021-12-08T13:34:03","modified_gmt":"2021-12-08T12:34:03","slug":"cohengreso-oprimidos-por-las-formas-de-la-belleza","status":"publish","type":"post","link":"https:\/\/www.unioviedo.es\/leonardcohen\/index.php\/2021\/10\/15\/cohengreso-oprimidos-por-las-formas-de-la-belleza\/","title":{"rendered":"#Cohengreso internacional \u00abOprimidos por las formas de la belleza\u00bb"},"content":{"rendered":"\n<p><strong>15-18 de noviembre: #Cohengreso internacional <em>Oprimidos por las formas de la belleza:<\/em> Primer congreso sobre Leonard Cohen y la canci\u00f3n de autor<\/strong><\/p>\n\n\n\n<p class=\"has-background has-medium-pink-background-color\"><strong>Descarga el programa <a href=\"http:\/\/www.unioviedo.es\/leonardcohen\/wp-content\/uploads\/2021\/11\/programa-cohengreso-DEF.pdf\">aqu\u00ed<\/a><\/strong><\/p>\n\n\n\n<p>La C\u00e1tedra Leonard Cohen honra su\nobjetivo principal contribuyendo al conocimiento, investigaci\u00f3n y difusi\u00f3n de\nla vida y obra de Leonard Cohen mediante la celebraci\u00f3n de un congreso\ninternacional, punto de encuentro para los investigadores espa\u00f1oles y\nextranjeros. Tambi\u00e9n se dedica al otro eje fundamental de la C\u00e1tedra, la\ncanci\u00f3n, y en este caso sobre la canci\u00f3n de autor, que se aborda en toda su\namplitud, con especial atenci\u00f3n a la s\u00f3lida tradici\u00f3n de este tipo de canci\u00f3n\nen nuestro pa\u00eds y en el \u00e1mbito hispanoamericano. <strong>Es el primer encuentro acad\u00e9mico\ninterdisciplinar dedicado a esta tem\u00e1tica en el \u00e1mbito hispano. <\/strong>As\u00ed, la C\u00e1tedra\nse convierte en el eje y catalizador de estudios sobre la creaci\u00f3n de canciones.<\/p>\n\n\n\n<p>El formato del #cohengreso fue presencial, aunque algunas comunicaciones y conferencias se realizaron <em>online<strong>. <\/strong><\/em><strong>El evento fue abierto al p\u00fablico hasta completar el aforo.<\/strong> Todas las intervenciones fueron grabadas, de forma que el congreso estar\u00e1 colgado una vez finalizado en <strong>el <a href=\"https:\/\/www.youtube.com\/channel\/UCCRYE4rFCB487MyZQTdhFaA\">canal YouTube de la C\u00e1tedra Leonard Cohen<\/a><\/strong> para que cualquier persona (investigador o interesado) tenga acceso al contenido. Las participaciones dedicadas a Leonard Cohen se colgaron, adem\u00e1s traducidas al espa\u00f1ol e ingl\u00e9s (<a href=\"https:\/\/www.youtube.com\/channel\/UCCRYE4rFCB487MyZQTdhFaA\">https:\/\/www.youtube.com\/channel\/UCCRYE4rFCB487MyZQTdhFaA<\/a>).<\/p>\n\n\n\n<p>La sesi\u00f3n plenaria corri\u00f3 a cargo de l<strong>a Dra.\u00a0<\/strong><a href=\"https:\/\/www.usherbrooke.ca\/religieux-contemporain\/personnel\/charges-de-cours\/alexandra-pleshoyano\/\"><strong>Alexandra Pleshoyano<\/strong><\/a><strong>, comisaria acad\u00e9mica y directora de los archivos de Leonard Cohen,<\/strong> y Profesora de la Universidad de Sherbrooke (Canad\u00e1). \u00a0Colaboraron investigadores de distintas universidades espa\u00f1olas (Complutense de Madrid, Universidad de La Laguna, Universidad de Salamanca, Universidad de Valladolid, nuestra propia Universidad de Oviedo, etc.) y algunas extranjeras, como University of Antwerp (B\u00e9lgica), Universidade Estadual de Londrina (Brasilla, Brasil), Universidad de la Rep\u00fablica (Uruguay), Universidad Nacional de Mar del Plata (Argentina) o University of Turku, (Finlandia).<\/p>\n\n\n\n<p class=\"has-background has-yellow-background-color\">En la inauguraci\u00f3n del congreso, el cantautor asturiano <a href=\"http:\/\/www.hectortuya.com\/\"><strong>H\u00e9ctor Tuya<\/strong><\/a> realiz\u00f3 un breve concierto en torno a la tem\u00e1tica del congreso: Leonard Cohen y la canci\u00f3n de autor en espa\u00f1ol. <\/p>\n\n\n\n<figure class=\"wp-block-embed-youtube wp-block-embed is-type-video is-provider-youtube wp-embed-aspect-16-9 wp-has-aspect-ratio\"><div class=\"wp-block-embed__wrapper\">\n<iframe loading=\"lazy\" title=\"Been smokin\u00b4 too long (Nick Drake). H\u00e9ctor Tuya\" width=\"660\" height=\"371\" src=\"https:\/\/www.youtube.com\/embed\/nCNa8qMHXCg?feature=oembed\" frameborder=\"0\" allow=\"accelerometer; autoplay; clipboard-write; encrypted-media; gyroscope; picture-in-picture; web-share\" referrerpolicy=\"strict-origin-when-cross-origin\" allowfullscreen><\/iframe>\n<\/div><\/figure>\n\n\n\n<p class=\"has-background has-light-blue-background-color\">En el contexto del #cohengreso se <strong>realiz\u00f3 la presentaci\u00f3n de tres libros<\/strong> en el <a href=\"https:\/\/www.facebook.com\/lapieldeltripulante\/\">Pub La Piel del Tripulante<\/a>, de Oviedo, el martes 16 y el mi\u00e9rcoles 17 de noviembre. Se trata de dos libros dedicados a Leonard Cohen, de los profesores Francis Mus <em>The Demons of Leonard Cohen<\/em> (Ottawa Press, 2020) \u00a0y Ji\u0159\u00ed M\u011bs\u00edc, <em>Leonard Cohen, the Modern Troubadour<\/em> (Palack\u00fd University, 2020). Ambos libros los hemos comentado en el apartado <a href=\"https:\/\/www.unioviedo.es\/leonardcohen\/index.php\/2019\/07\/02\/articulos-y-noticias\/ \">Novedades: Bibliograf\u00eda\u2026<\/a> de la p\u00e1gina web de la C\u00e1tedra.\u00a0\u00a0\u00a0El tercer libro es del bi\u00f3grafo de Leonard Cohen Alberto Manzano, dedicado, en este caso, a la m\u00edstica en el rock: <em>Aleluya. M\u00edstica y religiones en el rock<\/em> (Libros C\u00fapula, 2020).<\/p>\n\n\n\n<p style=\"background-color:#f3eee7;text-align:left\" class=\"has-background\">El #cohengreso incluy\u00f3 <strong>la proyecci\u00f3n de la pel\u00edcula <\/strong><em><strong>Dont look back<\/strong><\/em> de D.A. Pennebaker, film que cubre la gira brit\u00e1nica de Bob Dylan en 1965, y que supuso un cambio en la concepci\u00f3n y creaci\u00f3n de las pel\u00edculas documentales musicales. El profesor de la Universidad de Valencia Manuel de la Fuente realiz\u00f3 una breve conferencia previa. <\/p>\n\n\n\n<div class=\"wp-block-image\"><figure class=\"aligncenter\"><img decoding=\"async\" src=\"https:\/\/m.media-amazon.com\/images\/I\/51l93lhHYfL._SY445_.jpg\" alt=\"Bob Dylan: Don't Look Back [DVD] [2007] by D. A. Pennebaker: Amazon.es:  unknown, D. A. Pennebaker: Pel\u00edculas y TV\"\/><figcaption><br><br><\/figcaption><\/figure><\/div>\n\n\n\n<div class=\"wp-block-file\"><a href=\"http:\/\/www.unioviedo.es\/leonardcohen\/wp-content\/uploads\/2021\/11\/programa-cohengreso-DEF.pdf\">Programa Cohengreso DEF<\/a><a href=\"http:\/\/www.unioviedo.es\/leonardcohen\/wp-content\/uploads\/2021\/11\/programa-cohengreso-DEF.pdf\" class=\"wp-block-file__button\" download>Descarga<\/a><\/div>\n","protected":false},"excerpt":{"rendered":"<p>15-18 de noviembre: #Cohengreso internacional Oprimidos por las formas de la belleza: Primer congreso sobre Leonard Cohen y la canci\u00f3n de autor Descarga el programa aqu\u00ed La C\u00e1tedra Leonard Cohen honra su objetivo principal contribuyendo al conocimiento, investigaci\u00f3n y difusi\u00f3n de la vida y obra de Leonard Cohen mediante la celebraci\u00f3n de un congreso internacional, &hellip; <a href=\"https:\/\/www.unioviedo.es\/leonardcohen\/index.php\/2021\/10\/15\/cohengreso-oprimidos-por-las-formas-de-la-belleza\/\" class=\"more-link\">Sigue leyendo <span class=\"screen-reader-text\">#Cohengreso internacional \u00abOprimidos por las formas de la belleza\u00bb<\/span><\/a><\/p>\n","protected":false},"author":1,"featured_media":0,"comment_status":"closed","ping_status":"closed","sticky":false,"template":"","format":"standard","meta":{"footnotes":""},"categories":[1],"tags":[],"class_list":["post-1377","post","type-post","status-publish","format-standard","hentry","category-sin-categoria"],"_links":{"self":[{"href":"https:\/\/www.unioviedo.es\/leonardcohen\/index.php\/wp-json\/wp\/v2\/posts\/1377","targetHints":{"allow":["GET"]}}],"collection":[{"href":"https:\/\/www.unioviedo.es\/leonardcohen\/index.php\/wp-json\/wp\/v2\/posts"}],"about":[{"href":"https:\/\/www.unioviedo.es\/leonardcohen\/index.php\/wp-json\/wp\/v2\/types\/post"}],"author":[{"embeddable":true,"href":"https:\/\/www.unioviedo.es\/leonardcohen\/index.php\/wp-json\/wp\/v2\/users\/1"}],"replies":[{"embeddable":true,"href":"https:\/\/www.unioviedo.es\/leonardcohen\/index.php\/wp-json\/wp\/v2\/comments?post=1377"}],"version-history":[{"count":20,"href":"https:\/\/www.unioviedo.es\/leonardcohen\/index.php\/wp-json\/wp\/v2\/posts\/1377\/revisions"}],"predecessor-version":[{"id":1539,"href":"https:\/\/www.unioviedo.es\/leonardcohen\/index.php\/wp-json\/wp\/v2\/posts\/1377\/revisions\/1539"}],"wp:attachment":[{"href":"https:\/\/www.unioviedo.es\/leonardcohen\/index.php\/wp-json\/wp\/v2\/media?parent=1377"}],"wp:term":[{"taxonomy":"category","embeddable":true,"href":"https:\/\/www.unioviedo.es\/leonardcohen\/index.php\/wp-json\/wp\/v2\/categories?post=1377"},{"taxonomy":"post_tag","embeddable":true,"href":"https:\/\/www.unioviedo.es\/leonardcohen\/index.php\/wp-json\/wp\/v2\/tags?post=1377"}],"curies":[{"name":"wp","href":"https:\/\/api.w.org\/{rel}","templated":true}]}}