{"id":1398,"date":"2021-10-15T20:30:45","date_gmt":"2021-10-15T18:30:45","guid":{"rendered":"http:\/\/www.unioviedo.es\/leonardcohen\/?p=1398"},"modified":"2021-12-08T13:28:47","modified_gmt":"2021-12-08T12:28:47","slug":"encohentro-workers-in-song","status":"publish","type":"post","link":"https:\/\/www.unioviedo.es\/leonardcohen\/index.php\/2021\/10\/15\/encohentro-workers-in-song\/","title":{"rendered":"enCOHENtro: \u00abworkers in song\u00bb"},"content":{"rendered":"\n<p><strong>19-21 de noviembre: <em>encohen<\/em>tro<em>: <\/em>workers in song<\/strong><\/p>\n\n\n\n<div class=\"wp-block-file\"><a href=\"http:\/\/www.unioviedo.es\/leonardcohen\/wp-content\/uploads\/2021\/11\/Tri\u0301ptico-Workers-in-song-1.pdf\">Tri\u0301ptico enCOHENtro: Workers in song <\/a><a href=\"http:\/\/www.unioviedo.es\/leonardcohen\/wp-content\/uploads\/2021\/11\/Tri\u0301ptico-Workers-in-song-1.pdf\" class=\"wp-block-file__button\" download>Descarga<\/a><\/div>\n\n\n\n<p><strong>Sedes: teatro Filarm\u00f3nica, Auditorio Pr\u00edncipe Felipe Sala de C\u00e1mara, Edificio hist\u00f3rico de la Universidad de Oviedo, Sala La Salvaje<\/strong><\/p>\n\n\n\n<p>La creaci\u00f3n de canci\u00f3n de autor en Espa\u00f1a es un fen\u00f3meno muy rico y variado en sus influencias y referentes, que conocemos muy poco debido a que muchos de los m\u00fasicos y poetas desarrollan su obra dentro de un \u00e1rea de influencia limitada, y pocas veces se establecen sinergias entre sus distintos territorios. En este sentido, la C\u00e1tedra organiz\u00f3 este <strong>en<em>cohen<\/em>tro: <em>workers in song<\/em><\/strong> con el objetivo de desarrollar lazos, sinergias y establecer referentes entre los creadores del territorio espa\u00f1ol.<\/p>\n\n\n\n<p>La actividad reuni\u00f3 distintos tipos de formatos: mesas redondas, una masterclass, dos talleres de creaci\u00f3n de canciones, una presentaci\u00f3n de un libro y un en<em>cohen<\/em>tro informal.<\/p>\n\n\n\n<p>Colaboraron en el evento  m\u00fasicos de grandes e importantes trayectorias como Christina Rosenvinge, Javier Ruibal, Javier Bergia, Bego\u00f1a Olavide, Luis Delgado, Mar\u00eda del Mar Bonet, Amancio Prada, Roger Mas, Fran Aguilar, Alberto Alcal\u00e1, Guadi Galego, Clara Andr\u00e9s, Pablo Moro, Alfredo Gonz\u00e1lez y Marisa Valle Roso. <\/p>\n\n\n\n<p class=\"has-background has-bright-blue-background-color\"><strong>Viernes, 19 de noviembre<\/strong><\/p>\n\n\n\n<p class=\"has-background has-light-blue-background-color\"><strong>18:30<\/strong> Sala Severo Ochoa, edificio hist\u00f3rico de la Universidad de Oviedo. Inauguraci\u00f3n del evento y <strong>Masterclass: <\/strong><em><strong>La palabra exacta:<\/strong><\/em><strong> <\/strong><em><strong>t\u00e9cnica del verso cantado<\/strong>, <\/em>por Christina Rosenvinge. <\/p>\n\n\n\n<div class=\"wp-block-image\"><figure class=\"aligncenter is-resized\"><img loading=\"lazy\" decoding=\"async\" src=\"https:\/\/lh5.googleusercontent.com\/FVTP1iSI9tCksI2ay9L2iYUvNdjfLV15YCH4SfeAPNhpRMMWwu5ONohLRaunps9poxqhx7_CuC4ySHj-4AmmYF4OAmIFc4jKtlmGVppTYBdHm3UAPWjDoYJegi2UA7X_J8V6w_9N=s1600\" alt=\"\" width=\"359\" height=\"400\"\/><figcaption>Foto: Kela Coto<\/figcaption><\/figure><\/div>\n\n\n\n<p class=\"has-background has-white-background-color\"><strong>20:00<\/strong>  Teatro Filarm\u00f3nica. Mesa redonda <strong>\u00abTradici\u00f3n y modernidad\u00bb<\/strong>. Colaboraron Javier Bergia, Bego\u00f1a Olavide, Luis Delgado y Fran Aguilar. Moderador: Pachi Poncela. <\/p>\n\n\n\n<figure class=\"wp-block-image\"><img decoding=\"async\" src=\"https:\/\/i.ytimg.com\/vi\/yz3dKD2i81s\/maxresdefault.jpg\" alt=\"Javier Bergia, Bego\u00f1a Olavide y Luis Delgado en el Homenaje a Nuestro  Peque\u00f1o Mundo 18\/01\/2020 - YouTube\"\/><figcaption>Javier Bergia, Bego\u00f1a Olavide y Luis Delgado en el Homenaje a Nuestro Peque\u00f1o Mundo (2020)<\/figcaption><\/figure>\n\n\n\n<p style=\"background-color:#eed0ca\" class=\"has-background\"><strong>22:00 Sala La Salvaje <\/strong>en<em>cohen<\/em>tro informal entre cantautores.  <\/p>\n\n\n\n<p class=\"has-background has-bright-blue-background-color\"><strong>S\u00e1bado, 20 de noviembre<\/strong><\/p>\n\n\n\n<div class=\"wp-block-image\"><figure class=\"aligncenter\"><img decoding=\"async\" src=\"https:\/\/cdn.stayhappening.com\/events10\/banners\/9e0ba5b1837bf38e53e885625682894b1679048404f08aee29b4d59ca0801750-rimg-w508-h339-gmir.jpg?v=1620019420\" alt=\"Taller de escritura y composici\u00f3n de canciones, Galp\u00f3n de la M\u00fasica,  Rosario, 4 May 2021\"\/><\/figure><\/div>\n\n\n\n<p><strong>11:00 <\/strong>Aula Severo Ochoa. <strong>Taller de creaci\u00f3n de canciones<\/strong>, por <strong>Christina Rosenvinge.<\/strong>   Plazas limitadas.  Para inscribirte, h<a href=\"http:\/\/www.unioviedo.es\/leonardcohen\/index.php\/2021\/10\/20\/talleres-de-creacion-de-canciones-christina-rosenvinge-y-javier-ruibal\/\">az click aqu\u00ed<\/a><\/p>\n\n\n\n<p><strong>12:30 <\/strong>Aula Severo Ochoa. T<strong>aller de creaci\u00f3n de canciones<\/strong>, por <strong>Javier Ruibal.<\/strong>  Plazas limitadas.  Para inscribirte, <a href=\"http:\/\/www.unioviedo.es\/leonardcohen\/index.php\/2021\/10\/20\/talleres-de-creacion-de-canciones-christina-rosenvinge-y-javier-ruibal\/\">haz click aqu\u00ed<\/a><\/p>\n\n\n\n<div class=\"wp-block-image\"><figure class=\"aligncenter is-resized\"><img loading=\"lazy\" decoding=\"async\" src=\"https:\/\/www.javierruibal.com\/wp-content\/uploads\/010.jpg\" alt=\"\" width=\"385\" height=\"611\"\/><\/figure><\/div>\n\n\n\n<p class=\"has-background has-light-blue-background-color\"><strong>12:00<\/strong> <strong>Librer\u00eda Cervantes <\/strong>Presentaci\u00f3n del libro <em>La m\u00fasica se resiste a morir: Frank Zappa, <\/em>biograf\u00eda no autorizada, de Manuel de la Fuente (Alianza editorial, 2021).  <\/p>\n\n\n\n<div class=\"wp-block-image\"><figure class=\"aligncenter is-resized\"><img loading=\"lazy\" decoding=\"async\" src=\"https:\/\/imagessl9.casadellibro.com\/a\/l\/t7\/99\/9788413622699.jpg\" alt=\"la musica se resiste a morir: frank zappa. biografia no autorizada (libros singulares)-manuel de la fuente soler-9788413622699\" width=\"276\" height=\"410\"\/><\/figure><\/div>\n\n\n\n<p><strong>20:00 Teatro Filarm\u00f3nica. <\/strong>Mesa redonda<strong> \u00abNadie se ba\u00f1a dos veces en la misma canci\u00f3n\u00bb.<\/strong> Colaboraron Javier Ruibal, Christina Rosenvinge, Guadi Galego, Alfredo Gonz\u00e1lez y Pablo Moro. Moderador: Jos\u00e9 Errasti.<\/p>\n\n\n\n<figure class=\"wp-block-image\"><img loading=\"lazy\" decoding=\"async\" width=\"667\" height=\"308\" src=\"http:\/\/www.unioviedo.es\/leonardcohen\/wp-content\/uploads\/2021\/10\/Captura-de-pantalla-2021-10-20-a-las-18.37.31.png\" alt=\"\" class=\"wp-image-1447\" srcset=\"https:\/\/www.unioviedo.es\/leonardcohen\/wp-content\/uploads\/2021\/10\/Captura-de-pantalla-2021-10-20-a-las-18.37.31.png 667w, https:\/\/www.unioviedo.es\/leonardcohen\/wp-content\/uploads\/2021\/10\/Captura-de-pantalla-2021-10-20-a-las-18.37.31-300x139.png 300w\" sizes=\"auto, (max-width: 667px) 100vw, 667px\" \/><figcaption>Pablo Moro, Guadi Galego y Alfredo Gonz\u00e1lez<\/figcaption><\/figure>\n\n\n\n<p><\/p>\n\n\n\n<p class=\"has-background has-bright-blue-background-color\"><strong>Domingo, 21 de noviembre<\/strong><\/p>\n\n\n\n<p><strong>12:30,<\/strong> <strong>Sala de C\u00e1mara del Auditorio Pr\u00edncipe Felipe. <\/strong>Mesa redonda:<strong> \u201cM\u00fasica y letra: la po\u00e9tica de la canci\u00f3n\u201d <\/strong>Mar\u00eda del Mar Bonet, Amancio Prada, Roger Mas, Marisa Valle Roso. Moderador: Jordi Turt\u00f3s.<\/p>\n\n\n\n<figure class=\"wp-block-image\"><img decoding=\"async\" src=\"https:\/\/upload.wikimedia.org\/wikipedia\/commons\/4\/44\/Maria_del_Mar_Bonet_%282005%29.jpg\" alt=\"Maria del Mar Bonet - Wikipedia, la enciclopedia libre\"\/><figcaption>Mar\u00eda del Mar Bonet<\/figcaption><\/figure>\n\n\n\n<div class=\"wp-block-image\"><figure class=\"aligncenter\"><img decoding=\"async\" src=\"https:\/\/static1.abc.es\/media\/cultura\/2020\/07\/10\/amancio-cordoba-kMsC--620x349@abc.jpg\" alt=\"Amancio Prada: \u00abCreo, como Machado, que las coplas lo son cuando las canta  el pueblo\u00bb\"\/><figcaption>Amancio Prada<\/figcaption><\/figure><\/div>\n\n\n\n<figure class=\"wp-block-image\"><img decoding=\"async\" src=\"https:\/\/verasturies.com\/wp-content\/uploads\/2021\/01\/Marisa-Valle-955x627-1.jpg\" alt=\"Marisa Valle Roso: Su evoluci\u00f3n en la tonada. | Ver Asturies\"\/><figcaption>Marisa Valle Roso<\/figcaption><\/figure>\n\n\n\n<figure class=\"wp-block-image\"><img decoding=\"async\" src=\"https:\/\/www.rogermas.cat\/wp-content\/uploads\/2021\/08\/IMG_3282-copia-885x500.jpg\" alt=\"\"\/><figcaption>Roger Mas<\/figcaption><\/figure>\n","protected":false},"excerpt":{"rendered":"<p>19-21 de noviembre: encohentro: workers in song Sedes: teatro Filarm\u00f3nica, Auditorio Pr\u00edncipe Felipe Sala de C\u00e1mara, Edificio hist\u00f3rico de la Universidad de Oviedo, Sala La Salvaje La creaci\u00f3n de canci\u00f3n de autor en Espa\u00f1a es un fen\u00f3meno muy rico y variado en sus influencias y referentes, que conocemos muy poco debido a que muchos de &hellip; <a href=\"https:\/\/www.unioviedo.es\/leonardcohen\/index.php\/2021\/10\/15\/encohentro-workers-in-song\/\" class=\"more-link\">Sigue leyendo <span class=\"screen-reader-text\">enCOHENtro: \u00abworkers in song\u00bb<\/span><\/a><\/p>\n","protected":false},"author":1,"featured_media":0,"comment_status":"closed","ping_status":"closed","sticky":false,"template":"","format":"standard","meta":{"footnotes":""},"categories":[1],"tags":[],"class_list":["post-1398","post","type-post","status-publish","format-standard","hentry","category-sin-categoria"],"_links":{"self":[{"href":"https:\/\/www.unioviedo.es\/leonardcohen\/index.php\/wp-json\/wp\/v2\/posts\/1398","targetHints":{"allow":["GET"]}}],"collection":[{"href":"https:\/\/www.unioviedo.es\/leonardcohen\/index.php\/wp-json\/wp\/v2\/posts"}],"about":[{"href":"https:\/\/www.unioviedo.es\/leonardcohen\/index.php\/wp-json\/wp\/v2\/types\/post"}],"author":[{"embeddable":true,"href":"https:\/\/www.unioviedo.es\/leonardcohen\/index.php\/wp-json\/wp\/v2\/users\/1"}],"replies":[{"embeddable":true,"href":"https:\/\/www.unioviedo.es\/leonardcohen\/index.php\/wp-json\/wp\/v2\/comments?post=1398"}],"version-history":[{"count":26,"href":"https:\/\/www.unioviedo.es\/leonardcohen\/index.php\/wp-json\/wp\/v2\/posts\/1398\/revisions"}],"predecessor-version":[{"id":1537,"href":"https:\/\/www.unioviedo.es\/leonardcohen\/index.php\/wp-json\/wp\/v2\/posts\/1398\/revisions\/1537"}],"wp:attachment":[{"href":"https:\/\/www.unioviedo.es\/leonardcohen\/index.php\/wp-json\/wp\/v2\/media?parent=1398"}],"wp:term":[{"taxonomy":"category","embeddable":true,"href":"https:\/\/www.unioviedo.es\/leonardcohen\/index.php\/wp-json\/wp\/v2\/categories?post=1398"},{"taxonomy":"post_tag","embeddable":true,"href":"https:\/\/www.unioviedo.es\/leonardcohen\/index.php\/wp-json\/wp\/v2\/tags?post=1398"}],"curies":[{"name":"wp","href":"https:\/\/api.w.org\/{rel}","templated":true}]}}