{"id":1430,"date":"2021-10-20T12:39:23","date_gmt":"2021-10-20T10:39:23","guid":{"rendered":"http:\/\/www.unioviedo.es\/leonardcohen\/?p=1430"},"modified":"2021-11-08T19:05:54","modified_gmt":"2021-11-08T18:05:54","slug":"internacional-cohengress-oppressed-by-the-figures-of-beauty","status":"publish","type":"post","link":"https:\/\/www.unioviedo.es\/leonardcohen\/index.php\/2021\/10\/20\/internacional-cohengress-oppressed-by-the-figures-of-beauty\/","title":{"rendered":"International #Cohengress: Oppressed by the Figures of Beauty"},"content":{"rendered":"\n<p><strong>15-18th November: FIRST INTERNATIONAL CONFERENCE ON LEONARD COHEN AND SINGER-SONGWRITERS.<\/strong><\/p>\n\n\n\n<div class=\"wp-block-file\"><a href=\"http:\/\/www.unioviedo.es\/leonardcohen\/wp-content\/uploads\/2021\/10\/Programa-Cohengreso-2021-DEF-1.pdf\">#Cohengreso Programme 2021 DEF<\/a><a href=\"http:\/\/www.unioviedo.es\/leonardcohen\/wp-content\/uploads\/2021\/10\/Programa-Cohengreso-2021-DEF-1.pdf\" class=\"wp-block-file__button\" download>Descarga<\/a><\/div>\n\n\n\n<p>The Leonard Cohen Chair serves its main purpose by contributing to the knowledge, research and dissemination of Leonard Cohen&#8217;s life and work through the holding of an international conference, a forum for Spanish and foreign researchers. This conference is also dedicated to the other fundamental axis of the Chair: songs, and in this case to the singer-songwriter songs, with special attention to the solid tradition in Spain and Latin American context. This is the first interdisciplinary academic meeting dedicated to this subject in the Spanish-speaking world. Leonard Cohen Chair becomes the axis and catalyst for studies on the songs.<\/p>\n\n\n\n<p>The format of this #cohengreso is face-to-face, although some communications and conferences will be held online. The event is open to the public until full capacity is reached. All contributions will be recorded, so that the conference will be uploaded to the Leonard Cohen <a href=\"https:\/\/www.youtube.com\/channel\/UCCRYE4rFCB487MyZQTdhFaA\">Chair&#8217;s YouTube channel <\/a>so that anyone (researcher or interested) can access the papers and conferences.<strong>Contributions dedicated to Leonard Cohen will also be uploaded, translated into Spanish and English. <\/strong><\/p>\n\n\n\n<p>The plenary session will be led by Dr. <a href=\"https:\/\/www.usherbrooke.ca\/religieux-contemporain\/personnel\/charges-de-cours\/alexandra-pleshoyano\/\">Alexandra Pleshoyano<\/a>, academic curator and director of the Leonard Cohen archives, and Professor at the University of Sherbrooke (Canada).  Researchers from different Spanish universities (Complutense de Madrid, Universidad de La Laguna, Universidad de Salamanca, Universidad de Valladolid, our own Universidad de Oviedo, etc.) and from abroad, such as University of Antwerp (Belgium), Universidade Estadual de Londrina (Brazil), Universidad de la Rep\u00fablica (Uruguay), Universidad Nacional de Mar del Plata (Argentina) or University of Turku, (Finland) will collaborate.<\/p>\n\n\n\n<p class=\"has-background has-yellow-background-color\">At the opening of the congress, the Asturian singer-songwriter H\u00e9ctor Tuya will give a short concert on the theme of the congress: Leonard Cohen and Spanish singer-songwriters&#8217; songs. <\/p>\n\n\n\n<figure class=\"wp-block-embed-youtube wp-block-embed is-type-video is-provider-youtube wp-embed-aspect-16-9 wp-has-aspect-ratio\"><div class=\"wp-block-embed__wrapper\">\n<iframe loading=\"lazy\" title=\"Been smokin\u00b4 too long (Nick Drake). H\u00e9ctor Tuya\" width=\"660\" height=\"371\" src=\"https:\/\/www.youtube.com\/embed\/nCNa8qMHXCg?feature=oembed\" frameborder=\"0\" allow=\"accelerometer; autoplay; clipboard-write; encrypted-media; gyroscope; picture-in-picture; web-share\" referrerpolicy=\"strict-origin-when-cross-origin\" allowfullscreen><\/iframe>\n<\/div><\/figure>\n\n\n\n<p class=\"has-background has-light-blue-background-color\">During the #cohengreso, three books will be presented at the Pub La Piel del Tripulante, in Oviedo, on Tuesday 16 and Wednesday 17 November. These are two books dedicated to Leonard Cohen, by Professors Francis Mus <em>The Demons of Leonard Cohen <\/em>(Ottawa Press, 2020) and Ji\u0159\u00ed M\u011bs\u00edc, <em>Leonard Cohen, the Modern Troubadour <\/em>(Palack\u00fd University, 2020). Both books have been discussed in the section <a href=\"https:\/\/www.unioviedo.es\/leonardcohen\/index.php\/2019\/07\/02\/articulos-y-noticias\/\">Novedades: Bibliograf\u00eda\u2026 <\/a>on the Chair&#8217;s website.   The third book is by Leonard Cohen&#8217;s biographer Alberto Manzano, dedicated, in this case, to mysticism in rock: A<em>lleluia. M\u00edstica y religiones en el rock<\/em> (Libros C\u00fapula, 2020).<\/p>\n\n\n\n<p style=\"background-color:#fff4d1\" class=\"has-background\">This #cohengreso includes the screening of the film <em>Dont look back <\/em>by D.A. Pennebaker, a film covering Bob Dylan&#8217;s British tour in 1965, which marked a change in the conception and creation of music documentary films. Manuel de la Fuente, professor at the University of Valencia, will give a brief lecture before the screening. <\/p>\n\n\n\n<div class=\"wp-block-image\"><figure class=\"aligncenter\"><img decoding=\"async\" src=\"https:\/\/m.media-amazon.com\/images\/I\/51l93lhHYfL._SY445_.jpg\" alt=\"Bob Dylan: Don't Look Back [DVD] [2007] by D. A. Pennebaker: Amazon.es:  unknown, D. A. Pennebaker: Pel\u00edculas y TV\"\/><\/figure><\/div>\n\n\n\n<p><br><\/p>\n\n\n\n<p><\/p>\n\n\n\n<p><\/p>\n","protected":false},"excerpt":{"rendered":"<p>15-18th November: FIRST INTERNATIONAL CONFERENCE ON LEONARD COHEN AND SINGER-SONGWRITERS. The Leonard Cohen Chair serves its main purpose by contributing to the knowledge, research and dissemination of Leonard Cohen&#8217;s life and work through the holding of an international conference, a forum for Spanish and foreign researchers. This conference is also dedicated to the other fundamental &hellip; <a href=\"https:\/\/www.unioviedo.es\/leonardcohen\/index.php\/2021\/10\/20\/internacional-cohengress-oppressed-by-the-figures-of-beauty\/\" class=\"more-link\">Sigue leyendo <span class=\"screen-reader-text\">International #Cohengress: Oppressed by the Figures of Beauty<\/span><\/a><\/p>\n","protected":false},"author":1,"featured_media":0,"comment_status":"closed","ping_status":"closed","sticky":false,"template":"","format":"standard","meta":{"footnotes":""},"categories":[1],"tags":[],"class_list":["post-1430","post","type-post","status-publish","format-standard","hentry","category-sin-categoria"],"_links":{"self":[{"href":"https:\/\/www.unioviedo.es\/leonardcohen\/index.php\/wp-json\/wp\/v2\/posts\/1430","targetHints":{"allow":["GET"]}}],"collection":[{"href":"https:\/\/www.unioviedo.es\/leonardcohen\/index.php\/wp-json\/wp\/v2\/posts"}],"about":[{"href":"https:\/\/www.unioviedo.es\/leonardcohen\/index.php\/wp-json\/wp\/v2\/types\/post"}],"author":[{"embeddable":true,"href":"https:\/\/www.unioviedo.es\/leonardcohen\/index.php\/wp-json\/wp\/v2\/users\/1"}],"replies":[{"embeddable":true,"href":"https:\/\/www.unioviedo.es\/leonardcohen\/index.php\/wp-json\/wp\/v2\/comments?post=1430"}],"version-history":[{"count":4,"href":"https:\/\/www.unioviedo.es\/leonardcohen\/index.php\/wp-json\/wp\/v2\/posts\/1430\/revisions"}],"predecessor-version":[{"id":1512,"href":"https:\/\/www.unioviedo.es\/leonardcohen\/index.php\/wp-json\/wp\/v2\/posts\/1430\/revisions\/1512"}],"wp:attachment":[{"href":"https:\/\/www.unioviedo.es\/leonardcohen\/index.php\/wp-json\/wp\/v2\/media?parent=1430"}],"wp:term":[{"taxonomy":"category","embeddable":true,"href":"https:\/\/www.unioviedo.es\/leonardcohen\/index.php\/wp-json\/wp\/v2\/categories?post=1430"},{"taxonomy":"post_tag","embeddable":true,"href":"https:\/\/www.unioviedo.es\/leonardcohen\/index.php\/wp-json\/wp\/v2\/tags?post=1430"}],"curies":[{"name":"wp","href":"https:\/\/api.w.org\/{rel}","templated":true}]}}