{"id":1546,"date":"2022-11-01T19:21:53","date_gmt":"2022-11-01T18:21:53","guid":{"rendered":"http:\/\/www.unioviedo.es\/leonardcohen\/?p=1546"},"modified":"2023-11-05T22:59:04","modified_gmt":"2023-11-05T21:59:04","slug":"tercera-temporada-de-la-cancion-de-autor","status":"publish","type":"post","link":"https:\/\/www.unioviedo.es\/leonardcohen\/index.php\/2022\/11\/01\/tercera-temporada-de-la-cancion-de-autor\/","title":{"rendered":"enCOHENtros 2022"},"content":{"rendered":"\n<h2 class=\"wp-block-heading\">3\u00aa temporada de la canci\u00f3n de autor<\/h2>\n\n\n\n<p class=\"has-white-color has-text-color has-background\" style=\"background-color:#e63c93\"><strong>Consulta aqu\u00ed el programa<\/strong><\/p>\n\n\n\n<p>La 3\u00aa Temporada de la Canci\u00f3n de Autor enCOHENtros unir\u00e1 en Oviedo a catorce cantautores y m\u00fasicos entre el 3 y 6 de noviembre para disfrutar de la belleza de las canciones. El programa incluye conversaciones musicales, conferencias, talleres, mesas redondas y el estreno en Asturias de la pel\u00edcula <em>Hallelujah, Leonard Cohen: A Journey, a Song. <\/em>Los EnCOHENtros est\u00e1n organizados por la C\u00e1tedra Leonard Cohen de la Universidad de Oviedo en colaboraci\u00f3n con la Fundaci\u00f3n Municipal de Cultura de Oviedo, y cuentan con el patrocinio de Caja Rural de Asturias. Toda la programaci\u00f3n es gratuita, con entrada libre hasta completar aforo.<\/p>\n\n\n\n<p>Los\nEnCOHENtros los abrir\u00e1 <strong>V\u00edctor Manuel<\/strong> el 3 de noviembre con la primera de\nlas conversaciones musicales que se celebrar\u00e1n en esta edici\u00f3n. El cantautor de\nMieres, que este a\u00f1o celebra su 75 aniversario con conciertos sinf\u00f3nicos y una\ngira por toda la geograf\u00eda espa\u00f1ola, estar\u00e1 acompa\u00f1ado por su hijo <strong>David San\nJos\u00e9<\/strong>, el guitarrista <strong>Ovidio L\u00f3pez<\/strong> y el periodista <strong>Javier Blanco<\/strong>.\nLa cita ser\u00e1 en la Sala de C\u00e1mara del Auditorio Pr\u00edncipe Felipe.<\/p>\n\n\n\n<p>El\nportugu\u00e9s <strong>Jo\u00e3o Afonso<\/strong> participar\u00e1 en\nla mesa redonda Tradici\u00f3n y modernidad en la canci\u00f3n de autor junto a <strong>Miquel\nGil<\/strong>, <strong>Ug\u00eda Pedreira<\/strong>, <strong>L-R<\/strong> (<strong>Rub\u00e9n Bada <\/strong>y<strong> Leticia\nBaselgas<\/strong>) y <strong>Ruper Ordorika<\/strong>, en el Paraninfo del Edificio Hist\u00f3rico\nUniversidad de Oviedo, el 4 de noviembre. Esta actividad ser\u00e1 moderada por el\ncr\u00edtico <strong>Miguel A. Fern\u00e1ndez<\/strong> (<em>El fado<\/em> en Radio Cl\u00e1sica).<\/p>\n\n\n\n<p>La\nuni\u00f3n imposible e inevitable entre la canci\u00f3n de autor y el flamenco centrar\u00e1\notra de las mesas redondas de los EnCOHENtros, en la que participar\u00e1n <strong>Diego\nCarrasco, Pantanito, Alberto Alcal\u00e1, Javier Ruibal <\/strong>y<strong> Mariola Membrives<\/strong>.\nLa profesora <strong>Inmaculada Mat\u00eda<\/strong> (Departamento de Musicolog\u00eda de la\nUniversidad Complutense de Madrid) moderar\u00e1 esta actividad (Sala de C\u00e1mara del\nAuditorio, 5 de noviembre, 20:00).<\/p>\n\n\n\n<p>La\nfigura de Leonard Cohen protagonizar\u00e1 la conversaci\u00f3n musical que mantendr\u00e1n Javier\nMas con el periodista <strong>Jordi Turt\u00f3s<\/strong> (coautor de <em>Cantautores en Espa\u00f1a<\/em>).\nMas form\u00f3 parte del grupo de m\u00fasicos que acompa\u00f1\u00f3 al poeta canadiense, Premio\nPr\u00edncipe de Asturias de las Artes, en sus giras mundiales desde 2008 hasta\n2013.<\/p>\n\n\n\n<p>Miquel\nGil y Diego Carrasco ofrecer\u00e1n sendos talleres de composici\u00f3n en el Aula Severo\nOchoa del Edificio Hist\u00f3rico de la Universidad de Oviedo, los d\u00edas 4 y 5 de\nnoviembre, respectivamente.<\/p>\n\n\n\n<p>El\nprograma suma tambi\u00e9n la conferencia <em>La Argentinita, Lorca y la canci\u00f3n\npopular<\/em>, a cargo de Mariola Membrives e Inmaculada Mat\u00eda (Aula Magna, 5 de\nnoviembre, 17:00).<\/p>\n\n\n\n<p>En colaboraci\u00f3n con SACO, la programaci\u00f3n cinematogr\u00e1fica Radar y EnCOHENtros estrenar\u00e1n en Asturias la pel\u00edcula <em>Hallelujah, Leonard Cohen: A Journey, a Song<\/em>, de Daniel Geller y Dayna Goldfine, exploraci\u00f3n definitiva del cantautor visto a trav\u00e9s del prisma de su himno de renombre internacional, <em>Hallelujah<\/em>. Este largometraje documental entreteje tres hilos creativos: el compositor y su \u00e9poca, el viaje dram\u00e1tico de la canci\u00f3n desde el rechazo del sello discogr\u00e1fico hasta el \u00e9xito de las listas de \u00e9xitos, y testimonios conmovedores de importantes artistas discogr\u00e1ficos para quienes <em>Hallelujah<\/em> se ha convertido en una piedra de toque personal. Aprobada para la producci\u00f3n por Leonard Cohen justo antes de cumplir 80 a\u00f1os en 2015, la pel\u00edcula accede a una gran cantidad de materiales de archivo nunca antes visto, incluidos los cuadernos, diarios y fotograf\u00edas personales del poeta, im\u00e1genes de actuaciones y grabaciones de audio y entrevistas extremadamente raras. Esta sesi\u00f3n, que ser\u00e1 presentada por Jos\u00e9 Errasti, director de la C\u00e1tedra Leonard Cohen, cerrar\u00e1 la 3\u00aa Temporada de la Canci\u00f3n de Autor el 6 de noviembre en el Teatro Filarm\u00f3nica (19 h).<\/p>\n\n\n\n<h2 class=\"has-white-color has-text-color has-background wp-block-heading\" style=\"background-color:#e63c93\">Programa<\/h2>\n\n\n\n<figure class=\"wp-block-image size-full\"><img loading=\"lazy\" decoding=\"async\" width=\"392\" height=\"553\" src=\"http:\/\/www.unioviedo.es\/leonardcohen\/wp-content\/uploads\/2022\/11\/programa-lc-2.png\" alt=\"\" class=\"wp-image-1565\" srcset=\"https:\/\/www.unioviedo.es\/leonardcohen\/wp-content\/uploads\/2022\/11\/programa-lc-2.png 392w, https:\/\/www.unioviedo.es\/leonardcohen\/wp-content\/uploads\/2022\/11\/programa-lc-2-213x300.png 213w\" sizes=\"auto, (max-width: 392px) 100vw, 392px\" \/><\/figure>\n","protected":false},"excerpt":{"rendered":"<p>D3 y 6 de noviembre de 2022, los EnCOHENtros ofrecer\u00e1n conversaciones musicales, conferencias, talleres, mesas redondas y el estreno en Asturias de la pel\u00edcula Hallelujah, Leonard Cohen: A Journey, a Song<\/p>\n","protected":false},"author":1,"featured_media":1551,"comment_status":"closed","ping_status":"closed","sticky":false,"template":"","format":"aside","meta":{"footnotes":""},"categories":[15],"tags":[8,19,20,17],"class_list":["post-1546","post","type-post","status-publish","format-aside","has-post-thumbnail","hentry","category-encohentros","tag-encohentros","tag-cancion-de-autor","tag-cantautores","tag-leonard-cohen","post_format-post-format-aside"],"_links":{"self":[{"href":"https:\/\/www.unioviedo.es\/leonardcohen\/index.php\/wp-json\/wp\/v2\/posts\/1546","targetHints":{"allow":["GET"]}}],"collection":[{"href":"https:\/\/www.unioviedo.es\/leonardcohen\/index.php\/wp-json\/wp\/v2\/posts"}],"about":[{"href":"https:\/\/www.unioviedo.es\/leonardcohen\/index.php\/wp-json\/wp\/v2\/types\/post"}],"author":[{"embeddable":true,"href":"https:\/\/www.unioviedo.es\/leonardcohen\/index.php\/wp-json\/wp\/v2\/users\/1"}],"replies":[{"embeddable":true,"href":"https:\/\/www.unioviedo.es\/leonardcohen\/index.php\/wp-json\/wp\/v2\/comments?post=1546"}],"version-history":[{"count":14,"href":"https:\/\/www.unioviedo.es\/leonardcohen\/index.php\/wp-json\/wp\/v2\/posts\/1546\/revisions"}],"predecessor-version":[{"id":1594,"href":"https:\/\/www.unioviedo.es\/leonardcohen\/index.php\/wp-json\/wp\/v2\/posts\/1546\/revisions\/1594"}],"wp:featuredmedia":[{"embeddable":true,"href":"https:\/\/www.unioviedo.es\/leonardcohen\/index.php\/wp-json\/wp\/v2\/media\/1551"}],"wp:attachment":[{"href":"https:\/\/www.unioviedo.es\/leonardcohen\/index.php\/wp-json\/wp\/v2\/media?parent=1546"}],"wp:term":[{"taxonomy":"category","embeddable":true,"href":"https:\/\/www.unioviedo.es\/leonardcohen\/index.php\/wp-json\/wp\/v2\/categories?post=1546"},{"taxonomy":"post_tag","embeddable":true,"href":"https:\/\/www.unioviedo.es\/leonardcohen\/index.php\/wp-json\/wp\/v2\/tags?post=1546"}],"curies":[{"name":"wp","href":"https:\/\/api.w.org\/{rel}","templated":true}]}}